{"id":49185,"date":"2019-06-16T10:17:10","date_gmt":"2019-06-16T08:17:10","guid":{"rendered":"http:\/\/www.brennerbasisdemokratie.eu\/?p=49185"},"modified":"2023-01-03T22:11:23","modified_gmt":"2023-01-03T21:11:23","slug":"schule-die-delegitimierung-der-gegnerinnen","status":"publish","type":"post","link":"https:\/\/www.brennerbasisdemokratie.eu\/?p=49185","title":{"rendered":"Schule: Die Delegitimierung der Gegnerinnen."},"content":{"rendered":"<p>Die Forderung der <em>Gr\u00fcnen<\/em> nach einer mehrsprachigen Schule (bzw. nach parit\u00e4tischen Schulklassen) schl\u00e4gt \u2014 wie bei einem so heiklen Thema nicht anders zu erwarten \u2014 hohe Wellen. Cristian Kollmann von der <abbr title=\"S\u00fcd-Tiroler Freiheit\">STF<\/abbr> schreibt etwa <del>folgenden Schm\u00e5rrn<\/del> Folgendes:<\/p>\n<blockquote><p><strong>Die Kritik der S\u00fcd-Tiroler Freiheit an der Forderung der Gr\u00fcnen nach einer mehrsprachigen Schule in S\u00fcdtirol rei\u00dft nicht ab.<\/strong><\/p>\n<p>Cristian Kollmann, selbst Sprachwissenschaftler, ortet bei den Gr\u00fcnen aufgrund ihres neuerlichen Vorsto\u00dfes \u201eideologisch motivierten Fanatismus, der darauf abzielt, Minderheitensprachen im fremdnationalen Staat Italien an den Rand zu dr\u00e4ngen und damit den Minderheitenschutz obsolet zu machen.\u201c<\/p>\n<p>F\u00fcr Kollmann ist klar: Die von den Verdi-Gr\u00fcnen-V\u00ebrc beschworene Freiwilligkeit des Besuchs von mehrsprachigen Schulen ist lediglich ein pseudowissenschaftlicher Deckmantel. Worum es den Gr\u00fcnen langfristig geht, ist die Etablierung und gesetzliche Festschreibung einer vierten \u2013 gemischtsprachigen \u2013 Sprachgruppe in S\u00fcdtirol, die in Zukunft das Idealbild des S\u00fcdtiroler B\u00fcrgers repr\u00e4sentieren soll: mehrsprachig-altoatesinisch, unter klarer Vorherrschaft der Italianit\u00e4t. Auf Sch\u00fcler, die nur rein deutsche Schulen werden besuchen wollen, soll unterschwellig Druck ausge\u00fcbt werden, indem man versucht ihnen einzureden, dass einsprachige Schulen nicht mehr zeitgem\u00e4\u00df seien.<\/p>\n<p>Der Hang der Gr\u00fcnen zum Mehrsprachigkeitsimperialismus und muttersprachlichen Raubbau wird regelrecht pathologisch und nimmt fast schon sektenartige Z\u00fcge an. Der S\u00fcdtiroler Autonomie wollen die Gr\u00fcnen ausgerechnet das Herz, das ist die muttersprachliche Schule, herausrei\u00dfen. Davor muss eindringlich gewarnt werden!<\/p>\n<p>Cristian Kollmann<br \/>\nS\u00fcd-Tiroler Freiheit<\/p><\/blockquote>\n<p>Eigentlich m\u00fcsste man diesen Schwachsinn nur wiedergeben, um den Autor zu disqualifizieren \u2014 er tut es also ganz von selbst. Im Zusammenspiel mit der parallel dazu ver\u00f6ffentlichten Grafik, eine h\u00e4ssliche und furchteinfl\u00f6\u00dfende gr\u00fcne Hand, die nach dem Herzen der S\u00fcdtirolautonomie (\u00bbDeutsche Schule\u00ab) greift, m\u00fcssen sich viele aufgekl\u00e4rte Menschen schon fast reflexhaft dazu verleitet f\u00fchlen, der Forderung der <em>Gr\u00fcnen<\/em> zuzustimmen. Quasi aus Solidarit\u00e4t. Das sind n\u00e4mlich Stilmittel, die an dunkle Zeiten erinnern (Stichwort: Entmenschlichung der Gegnerinnen) und mit einer demokratischen Auseinandersetzung nicht mehr viel gemein haben.<\/p>\n<p>Wir von <img class=\"bbdlogo\" src=\"https:\/\/www.brennerbasisdemokratie.eu\/wp-content\/uploads\/bbdsmileys\/bbde.png\"> setzen uns beharrlich daf\u00fcr ein, dass \u2014 im Rahmen der freiheitlich-demokratischen Grundordnung \u2014 alle politischen Themen (Stichwort: Selbstbestimmung) ergebnisoffen diskutiert werden k\u00f6nnen und d\u00fcrfen. <em>Alle<\/em> hei\u00dft <em>alle<\/em> und darf bestimmt nicht <a title=\"Autonomies\u00e4ulentabu.\" href=\"http:\/\/www.brennerbasisdemokratie.eu\/?p=35465\">vor den S\u00e4ulen der Autonomie haltmachen<\/a>.<\/p>\n<p><strong><span style=\"font-family: Helvetica, Arial, sans-serif; text-transform: uppercase;\">C\u00ebla enghe:<\/span><\/strong> <a title=\"Gesetzentwurf 2\/18: Mehrsprachige Schule.\" href=\"http:\/\/www.brennerbasisdemokratie.eu\/?p=49142\"><code>01<\/code><\/a> <a title=\"Mehrsprachige Schule, Wunsch vs. Gesetzentwurf.\" href=\"http:\/\/www.brennerbasisdemokratie.eu\/?p=49175\"><code>02<\/code><\/a> <a title=\"Nix im Sch\u00e4del?\" href=\"http:\/\/www.brennerbasisdemokratie.eu\/?p=34376\"><code>03<\/code><\/a> <a title=\"Die Heuchelei von der Heuchelei.\" href=\"http:\/\/www.brennerbasisdemokratie.eu\/?p=48351\"><code>04<\/code><\/a> <a title=\"Schade ums Papier.\" href=\"http:\/\/www.brennerbasisdemokratie.eu\/?p=16971\"><code>05<\/code><\/a> <a title=\"Unsch\u00f6ne Wendung.\" href=\"http:\/\/www.brennerbasisdemokratie.eu\/?p=28601\"><code>06<\/code><\/a>\u00a0<span style=\"font-family: Helvetica, Arial, sans-serif; font-weight: normal;\">||<\/span> <a title=\"Die Selbstzerst\u00f6rung der Selbstbestimmung.\" href=\"https:\/\/www.brennerbasisdemokratie.eu\/?p=59220\"><span style=\"color: #ff8c00\"><code>01<\/code><\/span><\/a><\/p>","protected":false},"excerpt":{"rendered":"<p>Die Forderung der Gr\u00fcnen nach einer mehrsprachigen Schule (bzw. nach parit\u00e4tischen Schulklassen) schl\u00e4gt \u2014 wie bei einem so heiklen Thema nicht anders zu erwarten \u2014 hohe Wellen. Cristian Kollmann von der STF schreibt etwa folgenden Schm\u00e5rrn Folgendes: Die Kritik der S\u00fcd-Tiroler Freiheit an der Forderung der Gr\u00fcnen nach einer mehrsprachigen Schule in S\u00fcdtirol rei\u00dft nicht [&hellip;]<\/p>","protected":false},"author":1,"featured_media":0,"comment_status":"open","ping_status":"open","sticky":false,"template":"","format":"standard","meta":{"_crdt_document":"","ngg_post_thumbnail":0,"_jetpack_memberships_contains_paid_content":false,"footnotes":""},"categories":[1],"tags":[],"class_list":["post-49185","post","type-post","status-publish","format-standard","hentry","category-allgemein","entity-stf","entity-verc","issue-clil-immersion","issue-zitac","location-sudtirolo","language-deutsch","person-cristian-kollmann","topic-democrazia","topic-minderheitenschutz","topic-plurilinguism","topic-politik","topic-recht","topic-scola","topic-selbstbestimmung","topic-servicepublic","topic-vorzeigeautonomie"],"jetpack_featured_media_url":"","jetpack_sharing_enabled":true,"_links":{"self":[{"href":"https:\/\/www.brennerbasisdemokratie.eu\/index.php?rest_route=\/wp\/v2\/posts\/49185","targetHints":{"allow":["GET"]}}],"collection":[{"href":"https:\/\/www.brennerbasisdemokratie.eu\/index.php?rest_route=\/wp\/v2\/posts"}],"about":[{"href":"https:\/\/www.brennerbasisdemokratie.eu\/index.php?rest_route=\/wp\/v2\/types\/post"}],"author":[{"embeddable":true,"href":"https:\/\/www.brennerbasisdemokratie.eu\/index.php?rest_route=\/wp\/v2\/users\/1"}],"replies":[{"embeddable":true,"href":"https:\/\/www.brennerbasisdemokratie.eu\/index.php?rest_route=%2Fwp%2Fv2%2Fcomments&post=49185"}],"version-history":[{"count":11,"href":"https:\/\/www.brennerbasisdemokratie.eu\/index.php?rest_route=\/wp\/v2\/posts\/49185\/revisions"}],"predecessor-version":[{"id":75744,"href":"https:\/\/www.brennerbasisdemokratie.eu\/index.php?rest_route=\/wp\/v2\/posts\/49185\/revisions\/75744"}],"wp:attachment":[{"href":"https:\/\/www.brennerbasisdemokratie.eu\/index.php?rest_route=%2Fwp%2Fv2%2Fmedia&parent=49185"}],"wp:term":[{"taxonomy":"category","embeddable":true,"href":"https:\/\/www.brennerbasisdemokratie.eu\/index.php?rest_route=%2Fwp%2Fv2%2Fcategories&post=49185"},{"taxonomy":"post_tag","embeddable":true,"href":"https:\/\/www.brennerbasisdemokratie.eu\/index.php?rest_route=%2Fwp%2Fv2%2Ftags&post=49185"}],"curies":[{"name":"wp","href":"https:\/\/api.w.org\/{rel}","templated":true}]}}