{"id":49197,"date":"2019-06-17T19:28:43","date_gmt":"2019-06-17T17:28:43","guid":{"rendered":"http:\/\/www.brennerbasisdemokratie.eu\/?p=49197"},"modified":"2024-04-28T15:24:02","modified_gmt":"2024-04-28T13:24:02","slug":"eu-abgeordnete-engagieren-sich-fur-katalanen","status":"publish","type":"post","link":"https:\/\/www.brennerbasisdemokratie.eu\/?p=49197","title":{"rendered":"EU-Abgeordnete engagieren sich f\u00fcr Katalanen."},"content":{"rendered":"<p>Mehrere scheidende und neue EU-Parlamentarierinnen \u2014 76 an der Zahl \u2014 haben sich heute in einem Brief an das Pr\u00e4sidium des Europaparlaments gewandt, um den Schutz der politischen Rechte von Carles Puigdemont, Anton\u00ed Com\u00edn (beide <abbr title=\"Junts per Catalunya\">JxC<\/abbr>) und Oriol Junqueras (<abbr title=\"Esquerra Republicana de Catalunya\">ERC<\/abbr>-<abbr title=\"Europ\u00e4ische Freie Allianz\">EFA<\/abbr>) zu fordern. Sie kritisieren die Entscheidungen der spanischen Beh\u00f6rden, die den drei Katalanen die Annahme ihrer Mandate de facto verwehren wollen, scharf.<\/p>\n<blockquote>\n<p style=\"text-align: right;\">Brussels, 17<sup>th<\/sup> June 2019<\/p>\n<p>Dear Bureau Members of the European Parliament,<\/p>\n<p>Newly elected MEPs Carles Puigdemont, Antoni Com\u00edn and Oriol Junqueras, have been prevented from taking office as Members of the European Parliament by the Spanish authorities after the European election on 26<sup>th<\/sup> of May. The list led by Carles Puigdemont and Antoni Com\u00edn received 1.025.411 votes, and the list led by Oriol Junqueras received 1.257.484 votes.<\/p>\n<p>On 14<sup>th<\/sup> of June 2019, elected MEP Oriol Junqueras \u2013in pre-trial detention for 593 days for having organized the Catalan self-determination referendum in 2017\u2013 has been banned by the Spanish Supreme Court to leave the prison in order to take the MEP credential. Furthermore, on the 13<sup>th<\/sup> of June 2019, the Spanish Electoral Board imposed elected MEPs Carles Puigdemont and Antoni Com\u00edn \u2013in exile since October 2017\u2013 to be personally in Madrid in order to take their seats as MEPs.<\/p>\n<p>The decisions taken by the Spanish authorities banning newly elected MEPs from taking office and attending to the European Parliament\u2019s constitutive plenary session on the 2<sup>nd<\/sup> July 2019 are a clear violation of their political rights and a disregard of more than 2 million European citizens that voted for them.<\/p>\n<p>These acts of the Spanish authorities attempt against the political rights of the MEP-elected Carles Puigdemont, Oriol Junqueras, Antoni Com\u00edn and more than 2 million European citizens that voted for them. An unacceptable breach of the Rules of Procedures of the European Parliament, the consolidated Treaties of the EU, the European Charter of Fundamental Rights, and the International Covenant on Civil and Political Rights.<\/p>\n<p>It is clear that the intention of these decisions are to prevent the concerned MEPs to be granted all the rights and freedoms as European representatives and, at the same time, to avoid any debate in the&nbsp;European Parliament that might put into question the judicial trial against the Catalan political and social leaders.<\/p>\n<p>For all the above-mentioned reasons, we urge you:<\/p>\n<ul>\n<li>to recognise and protect the political rights of Carles Puigdemont, Oriol Junqueras and Antoni Com\u00edn and those of the 2.2 million people that voted for them;<\/li>\n<li>to call on the Spanish Electoral and Judiciary Authorities to respect the results of the European Elections and recognise and respect the right of the aforementioned elected MEPs to immunity and to hold office.<\/li>\n<\/ul>\n<p>Yours sincerely,<\/p>\n<ol>\n<li>MEP Tim Aker <em>[Brexit-Party]<\/em><\/li>\n<li>MEP Christian Allard [<abbr title=\"Scottish National Party\">SNP<\/abbr>]<\/li>\n<li>MEP Martina Anderson <em>[Sinn F\u00e9in]<\/em><\/li>\n<li>MEP Rasmus Andresen <em>[Gr\u00fcne]<\/em><\/li>\n<li>MEP Margrete Auken [GUE\/NGL]<\/li>\n<li>MEP Pernando Barrena <em>[EH Bildu]<\/em><\/li>\n<li>MEP Izaskun Bilbao [<abbr title=\"Eusko Alderdi Jeltzalea\">EAJ<\/abbr>]<\/li>\n<li>MEP David Borrelli [ehem. <abbr title=\"F\u00fcnfsternebewegung\">5SB<\/abbr>]<\/li>\n<li>MEP Geert Bourgeois [NVA]<\/li>\n<li>MEP Jos\u00e9 Bov\u00e9 <em>[Gr\u00fcne]<\/em><\/li>\n<li>MEP Lynn Boylan <em>[Sinn F\u00e9in]<\/em><\/li>\n<li>MEP Damien Car\u00eame <em>[Gr\u00fcne]<\/em><\/li>\n<li>MEP Matt Carthy <em>[Sinn F\u00e9in]<\/em><\/li>\n<li>MEP Ellie Chowns <em>[Gr\u00fcne]<\/em><\/li>\n<li>MEP Jakop Dalunde <em>[Gr\u00fcne]<\/em><\/li>\n<li>MEP Dennis De Jong [GUE\/NGL]<\/li>\n<li>MEP Petra De Sutter <em>[Gr\u00fcne]<\/em><\/li>\n<li>MEP Karima Delli <em>[Gr\u00fcne]<\/em><\/li>\n<li>MEP Mark Demesmaeker [NVA]<\/li>\n<li>MEP \u00d6zlem Demirel <em>[Die Linke]<\/em><\/li>\n<li>MEP Cornelias Ernst <em>[Die Linke]<\/em><\/li>\n<li>MEP Jill Evans <em>[Plaid Cymru]<\/em><\/li>\n<li>MEP Daniel Freund <em>[Gr\u00fcne]<\/em><\/li>\n<li>MEP Enrico Gasbarra [<abbr title=\"Partito Democratico\">PD<\/abbr>]<\/li>\n<li>MEP Iveta Grigule-P\u0113terse [ALDE]<\/li>\n<li>MEP Jos\u00e9 Gusm\u00e3o <em>[Bloco de Esquerda]<\/em><\/li>\n<li>MEP Ian Hudghton [SNP]<\/li>\n<li>MEP Anneli J\u00e4\u00e4tteenm\u00e4ki [ALDE]<\/li>\n<li>MEP Yannick Jadot <em>[Gr\u00fcne]<\/em><\/li>\n<li>MEP Assita Kanko [NVA]<\/li>\n<li>MEP Patrick Le Hyaric [GUE\/NGL]<\/li>\n<li>MEP Magid Magid <em>[Gr\u00fcne]<\/em><\/li>\n<li>MEP Ant\u00f3nio Marinho e Pinto [ALDE]<\/li>\n<li>MEP Marisa Mat\u00edas [GUE\/NGL]<\/li>\n<li>MEP Aileen McLeod [SNP]<\/li>\n<li>MEP Gesine Mei\u00dfner [ALDE]<\/li>\n<li>MEP Tilly Metz <em>[Gr\u00fcne]<\/em><\/li>\n<li>MEP Martina Michels [GUE\/NGL]<\/li>\n<li>MEP Luke Ming Flanagan<\/li>\n<li>MEP Ana Miranda [<abbr title=\"Bloque Nacionalista Galego\">BNG<\/abbr>]<\/li>\n<li>MEP Miroslavs Mitrofanovs <em>[Gr\u00fcne<\/em>\/EFA]<\/li>\n<li>MEP Liadh N\u00ed Riada [Sinn F\u00e9in &#8211; GUE\/NGL]<\/li>\n<li>MEP Ralph Packet [NVA]<\/li>\n<li>MEP Manu Pineda <em>[Izquierda Unida]<\/em><\/li>\n<li>MEP Sira Rego <em>[Esquerra Unida]<\/em><\/li>\n<li>MEP Diana Riba [ERC]<\/li>\n<li>MEP Mich\u00e8le Rivasi <em>[Gr\u00fcne]<\/em><\/li>\n<li>MEP Maria Eugenia Rodr\u00edguez Palop<\/li>\n<li>MEP Catherine Rowett <em>[Gr\u00fcne]<\/em><\/li>\n<li>MEP Mar\u00eda Dolores S\u00e1nchez Caldentey <em>[Podemos]<\/em><\/li>\n<li>MEP Mounir Satouri <em>[Gr\u00fcne]<\/em><\/li>\n<li>MEP Martin Schirdewan <em>[Die Linke]<\/em><\/li>\n<li>MEP Helmut Scholz <em>[Die Linke]<\/em><\/li>\n<li>MEP Molly Scott Cato <em>[Gr\u00fcne]<\/em><\/li>\n<li>MEP Alyn Smith [SNP]<\/li>\n<li>MEP Jordi Sol\u00e9 [ERC]<\/li>\n<li>MEP Barbara Spinelli [GUE\/NGL]<\/li>\n<li>MEP Bart Staes <em>[Gr\u00fcne]<\/em><\/li>\n<li>MEP Helga Stevens [NVA]<\/li>\n<li>MEP Tineke Strik <em>[GroenLinks]<\/em><\/li>\n<li>MEP Josep-Maria Terricabras [ERC]<\/li>\n<li>MEP Yana Toom [ALDE]<\/li>\n<li>MEP Estefania Torres Martinez [GUE\/NGL]<\/li>\n<li>MEP Marie Toussaint <em>[Gr\u00fcne]<\/em><\/li>\n<li>MEP Ramon Tremosa [<abbr title=\"Partit Dem\u00f2crata Europeu Catal\u00e0\">PDeCAT<\/abbr>]<\/li>\n<li>MEP Miguel Urb\u00e1n <em>[Podemos]<\/em><\/li>\n<li>MEP Ernest Urtasun <em>[Gr\u00fcne]<\/em><\/li>\n<li>MEP Ivo Vajgl [ALDE]<\/li>\n<li>MEP Bodil Valero <em>[Gr\u00fcne]<\/em><\/li>\n<li>MEP Anneleen Van Bossuyt [NVA]<\/li>\n<li>MEP Johan Van Overtveldt [NVA]<\/li>\n<li>MEP Marie-Pierre Vieu [GUE\/NGL]<\/li>\n<li>MEP Idoia Villanueva Ruiz <em>[Podemos]<\/em><\/li>\n<li>MEP Nikolaj Villumsen <em>[Enhedslisten]<\/em><\/li>\n<li>MEP Tatjana \u017ddanoka <em>[Gr\u00fcne<\/em>\/EFA]<\/li>\n<li>MEP Gabriele Zimmer <em>[Die Linke]<\/em><\/li>\n<\/ol>\n<\/blockquote>\n<p>Den Namen des wiedergew\u00e4hlten S\u00fcdtiroler Abgeordneten Herbert Dorfmann (<abbr title=\"S\u00fcdtiroler Volkspartei\">SVP<\/abbr>-<abbr title=\"Europ\u00e4ische Volkspartei\">EVP<\/abbr>) sucht man auf der Liste vergeblich.<\/p>\n<p><strong><span style=\"font-family: Helvetica, Arial, sans-serif; text-transform: uppercase;\">C\u00ebla enghe:<\/span><\/strong> <a title=\"Europee, diritti negati a Junqueras.\" href=\"http:\/\/www.brennerbasisdemokratie.eu\/?p=49161\"><code>01<\/code><\/a> <a title=\"Puigdemont darf nicht ins EU-Parlament.\" href=\"http:\/\/www.brennerbasisdemokratie.eu\/?p=48904\"><code>02<\/code><\/a> <a title=\"Kandidaturverbot gegen Puigdemont aufgehoben.\" href=\"http:\/\/www.brennerbasisdemokratie.eu\/?p=48474\"><code>03<\/code><\/a> <a title=\"Linke verurteilt Ausschluss von Puigdemont.\" href=\"http:\/\/www.brennerbasisdemokratie.eu\/?p=48404\"><code>04<\/code><\/a> <span style=\"font-family: Helvetica, Arial, sans-serif; font-weight: normal;\">||<\/span> <a title=\"EU-Parlament will nicht \u00fcber Katalonien reden.\" href=\"http:\/\/www.brennerbasisdemokratie.eu\/?p=51825\"><span style=\"color: #ff8c00\"><code>01<\/code><\/span><\/a> <a title=\"Bei Anfrage Politik.\" href=\"https:\/\/www.brennerbasisdemokratie.eu\/?p=64093\"><span style=\"color: #ff8c00\"><code>02<\/code><\/span><\/a><\/p>","protected":false},"excerpt":{"rendered":"<p>Mehrere scheidende und neue EU-Parlamentarierinnen \u2014 76 an der Zahl \u2014 haben sich heute in einem Brief an das Pr\u00e4sidium des Europaparlaments gewandt, um den Schutz der politischen Rechte von Carles Puigdemont, Anton\u00ed Com\u00edn (beide JxC) und Oriol Junqueras (ERC-EFA) zu fordern. Sie kritisieren die Entscheidungen der spanischen Beh\u00f6rden, die den drei Katalanen die Annahme [&hellip;]<\/p>","protected":false},"author":1,"featured_media":0,"comment_status":"open","ping_status":"open","sticky":false,"template":"","format":"standard","meta":{"_crdt_document":"","ngg_post_thumbnail":0,"_jetpack_memberships_contains_paid_content":false,"footnotes":""},"categories":[1],"tags":[],"class_list":["post-49197","post","type-post","status-publish","format-standard","hentry","category-allgemein","entity-alde","entity-die-linke","entity-eaj","entity-efa","entity-eh-bildu","entity-erc","entity-eu-parlament","entity-pd","entity-pdecat","entity-podem-os","entity-snp","entity-svp","entity-verc","issue-europawahl-2019","issue-good-news","issue-zitac","location-europa","language-deutsch","language-english","person-carles-puigdemont","person-herbert-dorfmann","person-oriol-junqueras","person-toni-comin","topic-democrazia","topic-engagement","topic-grundrechte","topic-politik"],"jetpack_featured_media_url":"","jetpack_sharing_enabled":true,"_links":{"self":[{"href":"https:\/\/www.brennerbasisdemokratie.eu\/index.php?rest_route=\/wp\/v2\/posts\/49197","targetHints":{"allow":["GET"]}}],"collection":[{"href":"https:\/\/www.brennerbasisdemokratie.eu\/index.php?rest_route=\/wp\/v2\/posts"}],"about":[{"href":"https:\/\/www.brennerbasisdemokratie.eu\/index.php?rest_route=\/wp\/v2\/types\/post"}],"author":[{"embeddable":true,"href":"https:\/\/www.brennerbasisdemokratie.eu\/index.php?rest_route=\/wp\/v2\/users\/1"}],"replies":[{"embeddable":true,"href":"https:\/\/www.brennerbasisdemokratie.eu\/index.php?rest_route=%2Fwp%2Fv2%2Fcomments&post=49197"}],"version-history":[{"count":16,"href":"https:\/\/www.brennerbasisdemokratie.eu\/index.php?rest_route=\/wp\/v2\/posts\/49197\/revisions"}],"predecessor-version":[{"id":85284,"href":"https:\/\/www.brennerbasisdemokratie.eu\/index.php?rest_route=\/wp\/v2\/posts\/49197\/revisions\/85284"}],"wp:attachment":[{"href":"https:\/\/www.brennerbasisdemokratie.eu\/index.php?rest_route=%2Fwp%2Fv2%2Fmedia&parent=49197"}],"wp:term":[{"taxonomy":"category","embeddable":true,"href":"https:\/\/www.brennerbasisdemokratie.eu\/index.php?rest_route=%2Fwp%2Fv2%2Fcategories&post=49197"},{"taxonomy":"post_tag","embeddable":true,"href":"https:\/\/www.brennerbasisdemokratie.eu\/index.php?rest_route=%2Fwp%2Fv2%2Ftags&post=49197"}],"curies":[{"name":"wp","href":"https:\/\/api.w.org\/{rel}","templated":true}]}}