{"id":4943,"date":"2010-05-14T18:42:53","date_gmt":"2010-05-14T16:42:53","guid":{"rendered":"http:\/\/www.brennerbasisdemokratie.eu\/?p=4943"},"modified":"2025-06-19T19:49:04","modified_gmt":"2025-06-19T17:49:04","slug":"kleiner-wahlspickzettel-fur-bozen","status":"publish","type":"post","link":"https:\/\/www.brennerbasisdemokratie.eu\/?p=4943","title":{"rendered":"Kleiner Wahlspickzettel f\u00fcr Bozen."},"content":{"rendered":"<blockquote><p><img loading=\"lazy\" decoding=\"async\" class=\"aligncenter\" title=\"Unitalia.\" src=\"http:\/\/upload.wikimedia.org\/wikipedia\/de\/thumb\/7\/75\/Unitalia-Logo.gif\/150px-Unitalia-Logo.gif\" alt=\"\" width=\"84\" height=\"122\"\/><\/p><\/blockquote>\n<p>Es soll ja tats\u00e4chlich (gem\u00e4\u00dfigte) W\u00e4hler geben, die am Sonntag Herrn Oberrauch unterst\u00fctzen wollen. Denen m\u00f6chte ich noch einige Details ins Ged\u00e4chtnis rufen, <em>bevor<\/em> sie einen m\u00f6glicherweise folgenschweren Fehler begehen.<\/p>\n<p>Wer f\u00fcr Oberrauch stimmt, der unterst\u00fctzt eine Koalition mit <em>Unitalia.<\/em> Und <em>Unitalia,<\/em> das ist eine Partei, die in den meisten westlichen Demokratien nicht w\u00e4hlbar w\u00e4re:<\/p>\n<ul>\n<li>Ihre Vertreter haben den Bozner Gemeinderat verlassen, als einem Nazi-Widerst\u00e4ndler die Ehrenb\u00fcrgerschaft verliehen wurde. <a title=\"Sentierinterrotti: Oscenit\u00e0&nbsp;.\" href=\"http:\/\/sentierinterrotti.wordpress.com\/2010\/03\/11\/oscenita\/\" target=\"_blank\" rel=\"noopener noreferrer\">Weil es sich um &#8220;einen Deserteur&#8221; handle.<\/a> Das alleine ist so skandal\u00f6s, dass ich die Aufz\u00e4hlung hiermit beenden k\u00f6nnte.<\/li>\n<li>Gleichzeitig verh\u00f6hnen diese Leute die Opfer des Faschismus, indem sie Kr\u00e4nze vor dem Siegesdenkmal ablegen und Jahr f\u00fcr Jahr zum Grab von Ettore Tolomei pilgern.<\/li>\n<li>Eine \u00bbPerle\u00ab war <a title=\"Hirte Hofer.\" href=\"http:\/\/www.brennerbasisdemokratie.eu\/?p=3916\" target=\"_self\" rel=\"noopener noreferrer\">die Entfernung eines Hirten<\/a> aus der Holzkrippe am Waltherplatz, weil Parteichef Donato Seppi eine \u00c4hnlichkeit mit Andreas Hofer (!) erkannt haben wollte. Was l\u00e4cherlich klingt, ist f\u00fcr eine liberale Demokratie v\u00f6llig inakzeptabel. Eine Partei, die faschistische Symbolik verteidigt, beansprucht gleichzeitig die Deutungshoheit \u00fcber den \u00f6ffentlichen Raum und erhebt \u2014 direkt oder indirekt \u2014 den Anspruch, Zensur auszu\u00fcben. Je mehr Macht sie erh\u00e4lt, desto st\u00e4rker wird auch ihr zensorischer Einfluss.<\/li>\n<li><em>Unitalia<\/em> unterst\u00fctzt faschistische Organisationen (<a title=\"la Repubblica: Siamo i fascisti del terzo millennio.\" href=\"http:\/\/torino.repubblica.it\/dettaglio\/universita-lista-arcadia:-siamo-i-fascisti-del-terzo-millennio\/1610754\" target=\"_blank\" rel=\"noopener noreferrer\">Eigendefinition!<\/a>) wie den <em>Blocco Studentesco,<\/em> der in Bozen l\u00e4ngst Fu\u00df gefasst und \u00f6ffentliche Aufmerksamkeit <a title=\"Youtube: Blocco Studentesco VB33.\" href=\"http:\/\/www.youtube.com\/watch?v=Qf17BVH8n5Y\" target=\"_blank\" rel=\"noopener noreferrer\">[Video]<\/a> erregt hat. Auf der <a title=\"Unitalia.\" href=\"https:\/\/web.archive.org\/web\/20120618224313\/http:\/\/www.unitalia-movimento.it:80\/index.dhtml\" target=\"_blank\" rel=\"noopener noreferrer\">Homepage von <em>Unitalia<\/em><\/a> gibt es einen direkten Link zur faschistischen (<a title=\"NP: Intervista a Gianluca Iannone.\" href=\"http:\/\/it.novopress.info\/13450\/intervista-a-gianluca-iannone-2\/\" target=\"_blank\" rel=\"noopener noreferrer\">Eigendefinition!<\/a>) <i>CasaPound<\/i>. Au\u00dferdem ist die Partei lokaler Ableger der staatsweit agierenden Destra, die mit dem neofaschistischen Milieu eng verflochten ist.<\/li>\n<li><em>Unitalia<\/em> ist offen ausl\u00e4nder- und minderheitenfeindlich. Ihre Kampagnen richten sich regelm\u00e4\u00dfig gegen Zuwandererinnen und \u00bbZigeuner\u00ab, sie sprechen die niedersten Instinkte an und vergiften das soziale Klima im Land.<\/li>\n<li>Au\u00dferdem ist die Partei ausdr\u00fccklich autonomiefeindlich eingestellt und will selbst die Zweisprachigkeit abschaffen <a title=\"Wiki: Unitalia.\" href=\"http:\/\/de.wikipedia.org\/wiki\/Unitalia\" target=\"_blank\" rel=\"noopener noreferrer\">[W]<\/a>.<\/li>\n<\/ul>\n<p>Wie soll ein B\u00fcrgermeister Oberrauch auch nur ansatzweise im Sinne der Gesamtbev\u00f6lkerung regieren, wenn er sich von einer Partei wie <em>Unitalia<\/em> unterst\u00fctzen l\u00e4sst? Die Rechtsau\u00dfen sind das Extrembeispiel, aber auch andere Parteien im B\u00fcndnis nehmen \u00e4hnlich autonomiefeindliche (Teile des PDL) oder xenophobistische Positionen <em>(Lega Nord)<\/em> ein.<\/p>\n<p>Wer auch nach dieser Aufz\u00e4hlung von seinem Vorhaben, Oberrauch zu w\u00e4hlen, nicht abkommt, der soll es tun \u2014 ihm ist nicht mehr zu helfen. Ich jedenfalls vertrete die Ansicht, dass es sich dabei nicht um eine normale demokratische Option handelt. Die Koalition befindet sich in gro\u00dfen Teilen au\u00dferhalb des verfassungsm\u00e4\u00dfigen Rahmens, wenngleich das nicht richterlich festgestellt wurde.<\/p>","protected":false},"excerpt":{"rendered":"<p>Es soll ja tats\u00e4chlich (gem\u00e4\u00dfigte) W\u00e4hler geben, die am Sonntag Herrn Oberrauch unterst\u00fctzen wollen. Denen m\u00f6chte ich noch einige Details ins Ged\u00e4chtnis rufen, bevor sie einen m\u00f6glicherweise folgenschweren Fehler begehen. Wer f\u00fcr Oberrauch stimmt, der unterst\u00fctzt eine Koalition mit Unitalia. Und Unitalia, das ist eine Partei, die in den meisten westlichen Demokratien nicht w\u00e4hlbar w\u00e4re: [&hellip;]<\/p>","protected":false},"author":1,"featured_media":0,"comment_status":"open","ping_status":"open","sticky":false,"template":"","format":"standard","meta":{"_crdt_document":"","ngg_post_thumbnail":0,"_jetpack_memberships_contains_paid_content":false,"footnotes":""},"categories":[1],"tags":[],"class_list":["post-4943","post","type-post","status-publish","format-standard","hentry","category-allgemein","entity-cpi","entity-gemeinde-bozen","entity-lega","entity-pdl","entity-unitalia","issue-faschistische-relikte","issue-gemeindewahl-2010","location-sudtirolo","language-deutsch","person-donato-seppi","person-ettore-tolomei","topic-faschismen","topic-migraziun","topic-plurilinguism","topic-politik","topic-racism","topic-romasinti","topic-ungehorsam"],"jetpack_featured_media_url":"","jetpack_sharing_enabled":true,"_links":{"self":[{"href":"https:\/\/www.brennerbasisdemokratie.eu\/index.php?rest_route=\/wp\/v2\/posts\/4943","targetHints":{"allow":["GET"]}}],"collection":[{"href":"https:\/\/www.brennerbasisdemokratie.eu\/index.php?rest_route=\/wp\/v2\/posts"}],"about":[{"href":"https:\/\/www.brennerbasisdemokratie.eu\/index.php?rest_route=\/wp\/v2\/types\/post"}],"author":[{"embeddable":true,"href":"https:\/\/www.brennerbasisdemokratie.eu\/index.php?rest_route=\/wp\/v2\/users\/1"}],"replies":[{"embeddable":true,"href":"https:\/\/www.brennerbasisdemokratie.eu\/index.php?rest_route=%2Fwp%2Fv2%2Fcomments&post=4943"}],"version-history":[{"count":27,"href":"https:\/\/www.brennerbasisdemokratie.eu\/index.php?rest_route=\/wp\/v2\/posts\/4943\/revisions"}],"predecessor-version":[{"id":92938,"href":"https:\/\/www.brennerbasisdemokratie.eu\/index.php?rest_route=\/wp\/v2\/posts\/4943\/revisions\/92938"}],"wp:attachment":[{"href":"https:\/\/www.brennerbasisdemokratie.eu\/index.php?rest_route=%2Fwp%2Fv2%2Fmedia&parent=4943"}],"wp:term":[{"taxonomy":"category","embeddable":true,"href":"https:\/\/www.brennerbasisdemokratie.eu\/index.php?rest_route=%2Fwp%2Fv2%2Fcategories&post=4943"},{"taxonomy":"post_tag","embeddable":true,"href":"https:\/\/www.brennerbasisdemokratie.eu\/index.php?rest_route=%2Fwp%2Fv2%2Ftags&post=4943"}],"curies":[{"name":"wp","href":"https:\/\/api.w.org\/{rel}","templated":true}]}}