{"id":49539,"date":"2019-06-25T22:27:27","date_gmt":"2019-06-25T20:27:27","guid":{"rendered":"http:\/\/www.brennerbasisdemokratie.eu\/?p=49539"},"modified":"2024-10-15T16:10:13","modified_gmt":"2024-10-15T14:10:13","slug":"frankierter-ruckumschlag","status":"publish","type":"post","link":"https:\/\/www.brennerbasisdemokratie.eu\/?p=49539","title":{"rendered":"Frankierter R\u00fcck(um)schlag."},"content":{"rendered":"<p>Heute einen Fragebogen f\u00fcrs Diabetes-Screening vom S\u00fcdtiroler Sanit\u00e4tsbetrieb <em>(Sabes)<\/em> erhalten. Und so sieht der frankierte R\u00fcckumschlag aus:<\/p>\n<blockquote><p><a href=\"http:\/\/www.brennerbasisdemokratie.eu\/wp-content\/uploads\/2019\/06\/kuvert_sabes.png\"><img loading=\"lazy\" decoding=\"async\" class=\"aligncenter wp-image-49541 size-full\" src=\"http:\/\/www.brennerbasisdemokratie.eu\/wp-content\/uploads\/2019\/06\/kuvert_sabes.png\" alt=\"\" width=\"1000\" height=\"485\" srcset=\"https:\/\/www.brennerbasisdemokratie.eu\/wp-content\/uploads\/2019\/06\/kuvert_sabes.png 1000w, https:\/\/www.brennerbasisdemokratie.eu\/wp-content\/uploads\/2019\/06\/kuvert_sabes-768x372.png 768w\" sizes=\"auto, (max-width: 1000px) 100vw, 1000px\" \/><\/a><\/p><\/blockquote>\n<p>P.S.: Warum eigentlich muss die Post nach Venedig geschickt werden, wo wir doch jetzt <a title=\"Postverteilungszentrum in Betrieb.\" href=\"http:\/\/www.brennerbasisdemokratie.eu\/?p=40243\">dieses gro\u00dfartige Verteilungszentrum<\/a> in Bozen haben?<\/p>\n<p><strong><span style=\"font-family: Helvetica, Arial, sans-serif; text-transform: uppercase;\">C\u00ebla enghe:<\/span><\/strong> <a title=\"Rechnung von Distretto und Comprensorio.\" href=\"http:\/\/www.brennerbasisdemokratie.eu\/?p=44262\"><code>01<\/code><\/a> <a title=\"Die Briefwahl-Schlamperei.\" href=\"http:\/\/www.brennerbasisdemokratie.eu\/?p=43157\"><code>02<\/code><\/a> <a title=\"Das Autoveicolo f\u00e4hrt mit Gasolio.\" href=\"http:\/\/www.brennerbasisdemokratie.eu\/?p=42723\"><code>03<\/code><\/a> <a title=\"Messe Bozen: Klima nazionale.\" href=\"http:\/\/www.brennerbasisdemokratie.eu\/?p=45961\"><code>04<\/code><\/a> <a title=\"Eintragung AOV \u2013 Vergabeportal.\" href=\"http:\/\/www.brennerbasisdemokratie.eu\/?p=45934\"><code>05<\/code><\/a> <span style=\"font-family: Helvetica, Arial, sans-serif; font-weight: normal;\">||<\/span> <a title=\"\u00bbScegliere il medico\u00ab mit dem Sabes.\" href=\"https:\/\/www.brennerbasisdemokratie.eu\/?p=88523\"><span style=\"color: #ff8c00\"><code>01<\/code><\/span><\/a> <a title=\"Sabes: Bei der Zweisprachigkeit haperts.\" href=\"https:\/\/www.brennerbasisdemokratie.eu\/?p=60111\"><span style=\"color: #ff8c00\"><code>02<\/code><\/span><\/a><\/p>","protected":false},"excerpt":{"rendered":"<p>Heute einen Fragebogen f\u00fcrs Diabetes-Screening vom S\u00fcdtiroler Sanit\u00e4tsbetrieb (Sabes) erhalten. Und so sieht der frankierte R\u00fcckumschlag aus: P.S.: Warum eigentlich muss die Post nach Venedig geschickt werden, wo wir doch jetzt dieses gro\u00dfartige Verteilungszentrum in Bozen haben? C\u00ebla enghe: 01 02 03 04 05 || 01 02<\/p>","protected":false},"author":1,"featured_media":0,"comment_status":"open","ping_status":"open","sticky":false,"template":"","format":"standard","meta":{"_crdt_document":"","ngg_post_thumbnail":0,"_jetpack_memberships_contains_paid_content":false,"footnotes":""},"categories":[1],"tags":[],"class_list":["post-49539","post","type-post","status-publish","format-standard","hentry","category-allgemein","entity-sabes","issue-bilinguismo-negato","issue-italianizzazione","location-sudtirolo","language-deutsch","topic-gesundheit","topic-minderheitenschutz","topic-plurilinguism","topic-postdienst","topic-servicepublic","topic-sprachpfusch"],"jetpack_featured_media_url":"","jetpack_sharing_enabled":true,"_links":{"self":[{"href":"https:\/\/www.brennerbasisdemokratie.eu\/index.php?rest_route=\/wp\/v2\/posts\/49539","targetHints":{"allow":["GET"]}}],"collection":[{"href":"https:\/\/www.brennerbasisdemokratie.eu\/index.php?rest_route=\/wp\/v2\/posts"}],"about":[{"href":"https:\/\/www.brennerbasisdemokratie.eu\/index.php?rest_route=\/wp\/v2\/types\/post"}],"author":[{"embeddable":true,"href":"https:\/\/www.brennerbasisdemokratie.eu\/index.php?rest_route=\/wp\/v2\/users\/1"}],"replies":[{"embeddable":true,"href":"https:\/\/www.brennerbasisdemokratie.eu\/index.php?rest_route=%2Fwp%2Fv2%2Fcomments&post=49539"}],"version-history":[{"count":8,"href":"https:\/\/www.brennerbasisdemokratie.eu\/index.php?rest_route=\/wp\/v2\/posts\/49539\/revisions"}],"predecessor-version":[{"id":88533,"href":"https:\/\/www.brennerbasisdemokratie.eu\/index.php?rest_route=\/wp\/v2\/posts\/49539\/revisions\/88533"}],"wp:attachment":[{"href":"https:\/\/www.brennerbasisdemokratie.eu\/index.php?rest_route=%2Fwp%2Fv2%2Fmedia&parent=49539"}],"wp:term":[{"taxonomy":"category","embeddable":true,"href":"https:\/\/www.brennerbasisdemokratie.eu\/index.php?rest_route=%2Fwp%2Fv2%2Fcategories&post=49539"},{"taxonomy":"post_tag","embeddable":true,"href":"https:\/\/www.brennerbasisdemokratie.eu\/index.php?rest_route=%2Fwp%2Fv2%2Ftags&post=49539"}],"curies":[{"name":"wp","href":"https:\/\/api.w.org\/{rel}","templated":true}]}}