{"id":49655,"date":"2019-06-27T09:54:37","date_gmt":"2019-06-27T07:54:37","guid":{"rendered":"http:\/\/www.brennerbasisdemokratie.eu\/?p=49655"},"modified":"2019-06-27T14:45:14","modified_gmt":"2019-06-27T12:45:14","slug":"casapound-raumen","status":"publish","type":"post","link":"https:\/\/www.brennerbasisdemokratie.eu\/?p=49655","title":{"rendered":"CasaPound r\u00e4umen!"},"content":{"rendered":"<p>Die Initiative <em>Insieme in Rete<\/em> hat auf <em>Change.org<\/em> eine Petition zur R\u00e4umung des illegal besetzten <em>CasaPound<\/em>-Hauptsitzes in der r\u00f6mischen via Napoleone III gestartet. Das w\u00fcrde den \u00bbFaschistinnen des dritten Jahrtausends\u00ab politische Bewegungsfreiheit nehmen und wohl auch einen bedeutenden Imageschaden zuf\u00fcgen \u2014 zumal sich der Name der Bewegung von dem seit 2003 besetzten Geb\u00e4ude ableitet.<\/p>\n<p>Erst k\u00fcrzlich hatte die Staatsanwaltschaft des Rechnungshofs den Schaden durch die Besetzung des Geb\u00e4udes f\u00fcr die \u00f6ffentlichen Kassen auf rund 4,6 Millionen Euro (an entgangenen Mieteinnahmen) quantifiziert und eine Verurteilung der Verantwortlichen gefordert, die diesen Zustand hingenommen haben.<\/p>\n<p>Ein Abgleich der meldeamtlichen mit den steuerlichen Daten der von CPI in dem Geb\u00e4ude untergebrachten Personen habe zudem ergeben, dass sich die Besetzerinnen in keiner wirtschaftlich-sozialen Notlage bef\u00e4nden, so die Staatsanwaltschaft.<br \/>\nDie Faschistinnen hatten stets behauptet, in der zentralen via Napoleone III Wohnraum f\u00fcr notleidende \u2014 nat\u00fcrlich rein italienische \u2014 Familien geschaffen zu haben.<\/p>\n<p>Derzeit wurden knapp 35.500 der 50.000 Unterschriften gesammelt, die sich <em>Insieme in Rete<\/em> zum Ziel gesetzt hat. Dazu geh\u00f6rt auch jene der sardischen Separatistin Michela Murgia, deren Unterst\u00fctzungsaufruf seit wenigen Tagen als Video auf der <a title=\"Petition: SgomberareCasaPound.\" href=\"https:\/\/www.change.org\/p\/sgomberarecasapound-giuseppeconteit-matteosalvinimi-mef-gov-montecitorio-senatostampa\" target=\"_blank\" rel=\"noopener noreferrer\">Petitionsseite<\/a> prangt.<\/p>\n<p><strong><span style=\"font-family: Helvetica, Arial, sans-serif; text-transform: uppercase;\">C\u00ebla enghe:<\/span><\/strong> <a title=\"Kurze Geschichte faschistischer Squats in Italien.\" href=\"http:\/\/www.brennerbasisdemokratie.eu\/?p=47343\"><code>01<\/code><\/a> <a title=\"\u00bbBastion Social\u00ab ger\u00e4umt, CasaPound gesch\u00fctzt.\" href=\"http:\/\/www.brennerbasisdemokratie.eu\/?p=35011\"><code>02<\/code><\/a> <a title=\"S\u00e4chsisches Vorbild?\" href=\"http:\/\/www.brennerbasisdemokratie.eu\/?p=39218\"><code>03<\/code><\/a> <a title=\"Brave Jungs \u2014 Persilschein f\u00fcr CasaPound.\" href=\"http:\/\/www.brennerbasisdemokratie.eu\/?p=27017\"><code>04<\/code><\/a> <a title=\"Murgia unterst\u00fctzt Fratoianni.\" href=\"http:\/\/www.brennerbasisdemokratie.eu\/?p=48218\"><code>05<\/code><\/a> <a title=\"CasaPound verl\u00e4sst Parteipolitik.\" href=\"http:\/\/www.brennerbasisdemokratie.eu\/?p=49662\"><code>06<\/code><\/a><\/p>","protected":false},"excerpt":{"rendered":"<p>Die Initiative Insieme in Rete hat auf Change.org eine Petition zur R\u00e4umung des illegal besetzten CasaPound-Hauptsitzes in der r\u00f6mischen via Napoleone III gestartet. Das w\u00fcrde den \u00bbFaschistinnen des dritten Jahrtausends\u00ab politische Bewegungsfreiheit nehmen und wohl auch einen bedeutenden Imageschaden zuf\u00fcgen \u2014 zumal sich der Name der Bewegung von dem seit 2003 besetzten Geb\u00e4ude ableitet. Erst [&hellip;]<\/p>","protected":false},"author":1,"featured_media":0,"comment_status":"open","ping_status":"open","sticky":false,"template":"","format":"standard","meta":{"_crdt_document":"","ngg_post_thumbnail":0,"_jetpack_memberships_contains_paid_content":false,"footnotes":""},"categories":[1],"tags":[],"class_list":["post-49655","post","type-post","status-publish","format-standard","hentry","category-allgemein","entity-cpi","issue-good-news","location-italy","language-deutsch","topic-engagement","topic-faschismen","topic-politik","topic-recht","topic-wirtschaft"],"jetpack_featured_media_url":"","jetpack_sharing_enabled":true,"_links":{"self":[{"href":"https:\/\/www.brennerbasisdemokratie.eu\/index.php?rest_route=\/wp\/v2\/posts\/49655","targetHints":{"allow":["GET"]}}],"collection":[{"href":"https:\/\/www.brennerbasisdemokratie.eu\/index.php?rest_route=\/wp\/v2\/posts"}],"about":[{"href":"https:\/\/www.brennerbasisdemokratie.eu\/index.php?rest_route=\/wp\/v2\/types\/post"}],"author":[{"embeddable":true,"href":"https:\/\/www.brennerbasisdemokratie.eu\/index.php?rest_route=\/wp\/v2\/users\/1"}],"replies":[{"embeddable":true,"href":"https:\/\/www.brennerbasisdemokratie.eu\/index.php?rest_route=%2Fwp%2Fv2%2Fcomments&post=49655"}],"version-history":[{"count":6,"href":"https:\/\/www.brennerbasisdemokratie.eu\/index.php?rest_route=\/wp\/v2\/posts\/49655\/revisions"}],"predecessor-version":[{"id":49682,"href":"https:\/\/www.brennerbasisdemokratie.eu\/index.php?rest_route=\/wp\/v2\/posts\/49655\/revisions\/49682"}],"wp:attachment":[{"href":"https:\/\/www.brennerbasisdemokratie.eu\/index.php?rest_route=%2Fwp%2Fv2%2Fmedia&parent=49655"}],"wp:term":[{"taxonomy":"category","embeddable":true,"href":"https:\/\/www.brennerbasisdemokratie.eu\/index.php?rest_route=%2Fwp%2Fv2%2Fcategories&post=49655"},{"taxonomy":"post_tag","embeddable":true,"href":"https:\/\/www.brennerbasisdemokratie.eu\/index.php?rest_route=%2Fwp%2Fv2%2Ftags&post=49655"}],"curies":[{"name":"wp","href":"https:\/\/api.w.org\/{rel}","templated":true}]}}