{"id":50099,"date":"2019-07-16T14:04:24","date_gmt":"2019-07-16T12:04:24","guid":{"rendered":"http:\/\/www.brennerbasisdemokratie.eu\/?p=50099"},"modified":"2023-01-27T20:50:30","modified_gmt":"2023-01-27T19:50:30","slug":"kammerausschluss-fur-deutschsprachigen-arzt","status":"publish","type":"post","link":"https:\/\/www.brennerbasisdemokratie.eu\/?p=50099","title":{"rendered":"Kammerausschluss f\u00fcr deutschsprachigen Arzt."},"content":{"rendered":"<p>Die Hetzjagd nimmt kein Ende, sondern tr\u00e4gt aus sicht der J\u00e4gerinnen schon erste Fr\u00fcchte: Der \u00f6sterreichische Arzt Thomas M\u00fcller, der aufgrund seiner mangelhaften Italienischkenntnisse von <em>Nursing Up<\/em> (Gewerkschaft der Krankenpflegerinnen) <a title=\"\u00d6sterreichischer Arzt von \u2018Nursing Up\u2019 denunziert.\" href=\"http:\/\/www.brennerbasisdemokratie.eu\/?p=49019\">denunziert worden sein soll<\/a>, ist inzwischen aus der S\u00fcdtiroler Berufskammer geflogen. Auch die von der Landesregierung eilig verabschiedete <a title=\"LR stellt deutsche Sprache in Berufen gleich.\" href=\"http:\/\/www.brennerbasisdemokratie.eu\/?p=49225\">Durchf\u00fchrungsverordnung zur Gleichstellung der Deutschen mit der italienischen Sprache<\/a>\u00a0in der Berufsaus\u00fcbung konnte dies nicht verhindern. W\u00e4hrend die Kenntnis der italienischen Sprache nun also penibelst \u00fcberpr\u00fcft wird, ist dies bei der deutschen Sprache nicht der Fall. Im Gegenteil: Aufgrund des Mangels an \u00c4rztinnen, wurde die Zweisprachigkeitspflicht gelockert, sodass das Personal drei Jahre Zeit h\u00e4tte, die jeweils andere Sprache zu lernen \u2014 was nun aber ausschlie\u00dflich einsprachig italienischen \u00c4rztinnen zugute kommt.<\/p>\n<p>Aufgrund seiner Streichung aus der Kammer wird M\u00fcller nun mit an Sicherheit grenzender Wahrscheinlichkeit auch seinen Job im S\u00fcdtiroler Gesundheitsbetrieb <em>Sabes<\/em> verlieren. Die Italianisierung geht weiter.<\/p>\n<p><strong><span style=\"font-family: Helvetica, Arial, sans-serif; text-transform: uppercase;\">C\u00ebla enghe:<\/span><\/strong> <a title=\"Gesundheit: Untertaninnen oder B\u00fcrgerinnen?\" href=\"http:\/\/www.brennerbasisdemokratie.eu\/?p=48977\"><code>01<\/code><\/a> <a title=\"Fl\u00e4chenbombardement aufs Gesundheitssystem.\" href=\"http:\/\/www.brennerbasisdemokratie.eu\/?p=49504\"><code>02<\/code><\/a> <a title=\"Fach\u00e4rztinnen, Attacke der ANAAO.\" href=\"http:\/\/www.brennerbasisdemokratie.eu\/?p=50049\"><code>03<\/code><\/a> <a title=\"Sabes: Italienischpr\u00fcfung bestanden.\" href=\"http:\/\/www.brennerbasisdemokratie.eu\/?p=49545\"><code>04<\/code><\/a> <a title=\"Amtssprachen: Geschlossen f\u00fcr die Gleichstellung.\" href=\"http:\/\/www.brennerbasisdemokratie.eu\/?p=50251\"><code>05<\/code><\/a> <a title=\"Auch PD-Jugend k\u00e4mpft f\u00fcr unser Recht!\" href=\"http:\/\/www.brennerbasisdemokratie.eu\/?p=52741\"><code>06<\/code><\/a>\u00a0<span style=\"font-family: Helvetica, Arial, sans-serif; font-weight: normal;\">||<\/span> <a title=\"Il Covid e la carenza di medici.\" href=\"https:\/\/www.brennerbasisdemokratie.eu\/?p=61751\"><span style=\"color: #ff8c00\"><code>01<\/code><\/span><\/a><\/p>","protected":false},"excerpt":{"rendered":"<p>Die Hetzjagd nimmt kein Ende, sondern tr\u00e4gt aus sicht der J\u00e4gerinnen schon erste Fr\u00fcchte: Der \u00f6sterreichische Arzt Thomas M\u00fcller, der aufgrund seiner mangelhaften Italienischkenntnisse von Nursing Up (Gewerkschaft der Krankenpflegerinnen) denunziert worden sein soll, ist inzwischen aus der S\u00fcdtiroler Berufskammer geflogen. Auch die von der Landesregierung eilig verabschiedete Durchf\u00fchrungsverordnung zur Gleichstellung der Deutschen mit der [&hellip;]<\/p>","protected":false},"author":1,"featured_media":0,"comment_status":"open","ping_status":"open","sticky":false,"template":"","format":"standard","meta":{"_crdt_document":"","ngg_post_thumbnail":0,"_jetpack_memberships_contains_paid_content":false,"footnotes":""},"categories":[1],"tags":[],"class_list":["post-50099","post","type-post","status-publish","format-standard","hentry","category-allgemein","entity-land-sudtirol","entity-sabes","issue-italianizzazione","location-sudtirolo","language-deutsch","topic-arbeit","topic-gesundheit","topic-gewerkschaften","topic-minderheitenschutz","topic-plurilinguism","topic-repression","topic-servicepublic","topic-vorzeigeautonomie","topic-zentralismus"],"jetpack_featured_media_url":"","jetpack_sharing_enabled":true,"_links":{"self":[{"href":"https:\/\/www.brennerbasisdemokratie.eu\/index.php?rest_route=\/wp\/v2\/posts\/50099","targetHints":{"allow":["GET"]}}],"collection":[{"href":"https:\/\/www.brennerbasisdemokratie.eu\/index.php?rest_route=\/wp\/v2\/posts"}],"about":[{"href":"https:\/\/www.brennerbasisdemokratie.eu\/index.php?rest_route=\/wp\/v2\/types\/post"}],"author":[{"embeddable":true,"href":"https:\/\/www.brennerbasisdemokratie.eu\/index.php?rest_route=\/wp\/v2\/users\/1"}],"replies":[{"embeddable":true,"href":"https:\/\/www.brennerbasisdemokratie.eu\/index.php?rest_route=%2Fwp%2Fv2%2Fcomments&post=50099"}],"version-history":[{"count":10,"href":"https:\/\/www.brennerbasisdemokratie.eu\/index.php?rest_route=\/wp\/v2\/posts\/50099\/revisions"}],"predecessor-version":[{"id":76463,"href":"https:\/\/www.brennerbasisdemokratie.eu\/index.php?rest_route=\/wp\/v2\/posts\/50099\/revisions\/76463"}],"wp:attachment":[{"href":"https:\/\/www.brennerbasisdemokratie.eu\/index.php?rest_route=%2Fwp%2Fv2%2Fmedia&parent=50099"}],"wp:term":[{"taxonomy":"category","embeddable":true,"href":"https:\/\/www.brennerbasisdemokratie.eu\/index.php?rest_route=%2Fwp%2Fv2%2Fcategories&post=50099"},{"taxonomy":"post_tag","embeddable":true,"href":"https:\/\/www.brennerbasisdemokratie.eu\/index.php?rest_route=%2Fwp%2Fv2%2Ftags&post=50099"}],"curies":[{"name":"wp","href":"https:\/\/api.w.org\/{rel}","templated":true}]}}