{"id":50107,"date":"2019-07-16T15:35:00","date_gmt":"2019-07-16T13:35:00","guid":{"rendered":"http:\/\/www.brennerbasisdemokratie.eu\/?p=50107"},"modified":"2025-08-29T04:13:43","modified_gmt":"2025-08-29T02:13:43","slug":"die-anaao-heuchelei","status":"publish","type":"post","link":"https:\/\/www.brennerbasisdemokratie.eu\/?p=50107","title":{"rendered":"Die ANAAO-Heuchelei."},"content":{"rendered":"<p>Bez\u00fcglich ihres unerh\u00f6rten <a title=\"Fach\u00e4rztinnen, Attacke der ANAAO.\" href=\"http:\/\/www.brennerbasisdemokratie.eu\/?p=50049\">Angriffs auf die Ausbildung von Fach\u00e4rztinnen nach \u00f6sterreichischem Modell<\/a> in S\u00fcdtirol, l\u00e4sst die nationalistische Gewerkschaft ANAAO nun wissen, dass dies nicht gegen die beiden Jung\u00e4rztinnen gerichtet sei. Im Gegenteil, man wolle sie genauso wie die anderen \u00c4rztinnen und die Patientinnen sch\u00fctzen.<\/p>\n<p>Das ist eine v\u00f6llig absurde Heuchelei: Ginge es hier nicht um ein destruktives nationalistisches Spiel, sondern um einen konstruktiven Beitrag zur Kl\u00e4rung von Ungewissheiten, h\u00e4tte man zuerst den Dialog mit der Landesregierung und mit den Betroffenen suchen k\u00f6nnen, ja m\u00fcssen. Eine Anzeige kann nur die <em>ultima ratio<\/em> sein, da eine allf\u00e4llige Verurteilung das Kind mit dem Bade aussch\u00fcttet. Dass hier v\u00f6llig einseitig und ohne Vorwarnung die gerichtliche Keule ins Spiel gebracht wurde, zeugt davon, dass Destruktion das Ziel war.<\/p>\n<p>Wenn diese nationalistische und zentralistische Gewerkschaft schon so unverantwortlich agiert, sollte sie wenigstens den Mut haben, vor der S\u00fcdtiroler Gesellschaft zu ihrem feindseligen und sch\u00e4digenden Verhalten zu stehen.<\/p>\n<p><strong><span style=\"font-family: Helvetica, Arial, sans-serif; text-transform: uppercase;\">C\u00ebla enghe:<\/span><\/strong> <a title=\"ASGB verurteilt ANAAO scharf.\" href=\"http:\/\/www.brennerbasisdemokratie.eu\/?p=50064\"><code>01<\/code><\/a> <a title=\"Auch Team K\u00f6llensperger kritisiert ANAAO.\" href=\"http:\/\/www.brennerbasisdemokratie.eu\/?p=50072\"><code>02<\/code><\/a> <a title=\"Gesundheit: Untertaninnen oder B\u00fcrgerinnen?\" href=\"http:\/\/www.brennerbasisdemokratie.eu\/?p=48977\"><code>03<\/code><\/a>\u00a0<span style=\"font-family: Helvetica, Arial, sans-serif; font-weight: normal;\">||<\/span> <a title=\"ANAAO blitzt vor Arbeitsgericht ab.\" href=\"http:\/\/www.brennerbasisdemokratie.eu\/?p=51847\"><span style=\"color: #ff8c00\"><code>01<\/code><\/span><\/a> <a href=\"https:\/\/www.brennerbasisdemokratie.eu\/?p=94161\" title=\"Ausbildungsboykott: ANAAO kapituliert.\"><span style=\"color: #ff8c00\"><code>02<\/code><\/span><\/a><\/p>","protected":false},"excerpt":{"rendered":"<p>Bez\u00fcglich ihres unerh\u00f6rten Angriffs auf die Ausbildung von Fach\u00e4rztinnen nach \u00f6sterreichischem Modell in S\u00fcdtirol, l\u00e4sst die nationalistische Gewerkschaft ANAAO nun wissen, dass dies nicht gegen die beiden Jung\u00e4rztinnen gerichtet sei. Im Gegenteil, man wolle sie genauso wie die anderen \u00c4rztinnen und die Patientinnen sch\u00fctzen. Das ist eine v\u00f6llig absurde Heuchelei: Ginge es hier nicht um [&hellip;]<\/p>","protected":false},"author":1,"featured_media":0,"comment_status":"open","ping_status":"open","sticky":false,"template":"","format":"standard","meta":{"_crdt_document":"","ngg_post_thumbnail":0,"_jetpack_memberships_contains_paid_content":false,"footnotes":""},"categories":[1],"tags":[],"class_list":["post-50107","post","type-post","status-publish","format-standard","hentry","category-allgemein","entity-anaao","entity-sabes","location-sudtirolo","language-deutsch","topic-arbeit","topic-gesundheit","topic-gewerkschaften","topic-nationalismus","topic-recht","topic-servicepublic","topic-soziales","topic-vorzeigeautonomie","topic-zentralismus"],"jetpack_featured_media_url":"","jetpack_sharing_enabled":true,"_links":{"self":[{"href":"https:\/\/www.brennerbasisdemokratie.eu\/index.php?rest_route=\/wp\/v2\/posts\/50107","targetHints":{"allow":["GET"]}}],"collection":[{"href":"https:\/\/www.brennerbasisdemokratie.eu\/index.php?rest_route=\/wp\/v2\/posts"}],"about":[{"href":"https:\/\/www.brennerbasisdemokratie.eu\/index.php?rest_route=\/wp\/v2\/types\/post"}],"author":[{"embeddable":true,"href":"https:\/\/www.brennerbasisdemokratie.eu\/index.php?rest_route=\/wp\/v2\/users\/1"}],"replies":[{"embeddable":true,"href":"https:\/\/www.brennerbasisdemokratie.eu\/index.php?rest_route=%2Fwp%2Fv2%2Fcomments&post=50107"}],"version-history":[{"count":8,"href":"https:\/\/www.brennerbasisdemokratie.eu\/index.php?rest_route=\/wp\/v2\/posts\/50107\/revisions"}],"predecessor-version":[{"id":94169,"href":"https:\/\/www.brennerbasisdemokratie.eu\/index.php?rest_route=\/wp\/v2\/posts\/50107\/revisions\/94169"}],"wp:attachment":[{"href":"https:\/\/www.brennerbasisdemokratie.eu\/index.php?rest_route=%2Fwp%2Fv2%2Fmedia&parent=50107"}],"wp:term":[{"taxonomy":"category","embeddable":true,"href":"https:\/\/www.brennerbasisdemokratie.eu\/index.php?rest_route=%2Fwp%2Fv2%2Fcategories&post=50107"},{"taxonomy":"post_tag","embeddable":true,"href":"https:\/\/www.brennerbasisdemokratie.eu\/index.php?rest_route=%2Fwp%2Fv2%2Ftags&post=50107"}],"curies":[{"name":"wp","href":"https:\/\/api.w.org\/{rel}","templated":true}]}}