{"id":50307,"date":"2019-07-29T10:23:43","date_gmt":"2019-07-29T08:23:43","guid":{"rendered":"http:\/\/www.brennerbasisdemokratie.eu\/?p=50307"},"modified":"2025-01-05T11:51:47","modified_gmt":"2025-01-05T10:51:47","slug":"tajani-indipendentisti-in-italia-lergastolo","status":"publish","type":"post","link":"https:\/\/www.brennerbasisdemokratie.eu\/?p=50307","title":{"rendered":"Tajani: Indipendentisti? In Italia, l&#8217;ergastolo."},"content":{"rendered":"<p>L&#8217;ex presidente del Parlamento europeo Antonio Tajani (<abbr title=\"Forza Italia\">FI<\/abbr>) \u2014 l&#8217;<a title=\"Tajani: Wer ist der Weggef\u00e4hrte der SVP?\" href=\"http:\/\/www.brennerbasisdemokratie.eu\/?p=47374\">alleato dell&#8217;<abbr title=\"S\u00fcdtiroler Volkspartei\">SVP<\/abbr><\/a> che <a title=\"Tajani verharmlost Mussolini.\" href=\"http:\/\/www.brennerbasisdemokratie.eu\/?p=47271\">non disdegna<\/a> le \u00abcose buone\u00bb fatte da Mussolini \u2014 ha concesso un&#8217;intervista a <em>El Espa\u00f1ol,<\/em> portale giornalistico spagnolo di destra online. Ne cito, traducendola, una parte:<\/p>\n<blockquote><p><strong>Durante il Suo mandato come presidente del Parlamento europeo il Suo impegno contro il separatismo in Spagna \u00e8 stato eccezionale. Sembrava quasi un interesse personale.<\/strong><\/p>\n<p>Personale? Mia moglie \u00e8 italiana, i miei figli sono italiani&#8230; no, non ho un interesse personale. Ma mi sembra importante difendere l&#8217;unit\u00e0 europea. Ho studiato Legge, e per me \u00e8 importante il rispetto delle leggi. La Costituzione spagnola \u00e8 molto chiara e non possiamo non difendere l&#8217;unit\u00e0 di un paese. Non ci sono molte patrie, c&#8217;\u00e8 una patria. Non ci sono le piccole patrie. Perch\u00e9 se iniziamo con la Catalogna, dopo che succede con altri paesi? Non costruiamo, ma distruggiamo.<br \/>\nLa Spagna \u00e8 un paese democratico dove si rispettano le leggi. Quello che hanno fatto i capi dei partiti catalani, nel mio paese non si pu\u00f2 fare. Dividere il paese? La legge italiana \u00e8 pi\u00f9 dura di quella spagnola\u2026<\/p>\n<p><strong>\u2026ancora pi\u00f9 dura?<\/strong><\/p>\n<p>Chiaro, non si pu\u00f2 decidere l&#8217;indipendenza di un paese! Cio\u00e8, in prigione a vita.<\/p>\n<p><strong>Beh in Spagna siamo preoccupati per le conseguenze del fatto che possano venire condannati a 25 anni di prigione\u2026<\/strong><\/p>\n<p>&#8230;per\u00f2 non si pu\u00f2 fare la separazione di un paese. Non si pu\u00f2! In Italia adesso siamo pi\u00f9 tranquilli, dopo molti anni con problemi con la minoranza tedesca al nord. Guardi, con l&#8217;Europa, le minoranze, le regioni che vogliono autonomia sono pi\u00f9 libere. Per\u00f2 io ho difeso l&#8217;unit\u00e0 di un paese rispetto alla legge, perch\u00e9 la Costituzione della Spagna \u00e8 anche legge costituzionale europea.<\/p>\n<p><strong>Mi dice che non aveva un interesse personale\u2026 ma in Spagna la gratitudine \u00e8 con Lei. Non \u00e8 stato il presidente della Commissione, n\u00e9 quello del Consiglio, \u00e8 stato Lei a guidare il messaggio. Molti ricordano con emozione il Suo discorso in occasione dell&#8217;assegnazione del Premio Principessa delle Asturie. Che cosa provava nello scrivere quelle parole?<\/strong><\/p>\n<p>Io credo che per un italiano sia molto facile comprendere la mentalit\u00e0 spagnola. Siamo pi\u00f9 vicini a voi che ad altri paesi. La Francia \u00e8 pi\u00f9 vicina come frontiera, ma culturalmente siamo aperti come voi, ci piace camminare in strada, cenare molto tardi la sera, divertirci, il mare, il sole, cantare\u2026 \u00e8 una questione di mentalit\u00e0. Siamo pi\u00f9 latini dei francesi.<br \/>\nPer me \u00e8 anche facile capire il sentimento spagnolo perch\u00e9 parlando la lingua la comunicazione \u00e8 pi\u00f9 facile. Gli spagnoli sono un po&#8217; come gli italiani, se non parli la loro lingua non ti capiscono. Sono molto pochi quelli che parlano inglese, i giovani gi\u00e0 di pi\u00f9, per\u00f2\u2026 uno non pu\u00f2 andare per strada parlando inglese a Zaragoza o a Roma. Siamo fratelli! Molte regioni del sud Italia sono state sotto dominio spagnolo. E io non so perch\u00e9, ma mi piace la Spagna. Ho conosciuto il vostro paese grazie a un amico giornalista dell&#8217;agenzia di stampa Efe, figlio di un altro giornalista che \u00e8 stato corrispondente a Roma\u2026 ci sono personaggi come Cervantes che mi piacciono.<\/p><\/blockquote>\n<p><em><small>Traduzione: <img class=\"bbdlogo\" src=\"https:\/\/www.brennerbasisdemokratie.eu\/wp-content\/uploads\/bbdsmileys\/bbde.png\"><\/small><\/em><\/p>\n<p>Qualche osservazione:<\/p>\n<ul>\n<li>Tajani dice di difendere l&#8217;unit\u00e0 europea, che per\u00f2 la Catalogna non ha mai messo in discussione, e lo fa <a title=\"La Catalogna, l\u2019Europa e la democrazia.\" href=\"http:\/\/www.brennerbasisdemokratie.eu\/?p=47456\">a scapito<\/a> dei cosiddetti valori europei. Sottoscrivendo la repressione e <a title=\"Die Verjuristifizierung des Politischen.\" href=\"http:\/\/www.brennerbasisdemokratie.eu\/?p=50037\">la giudizializzazione<\/a> di una questione politica e ignorando, ad esempio, che anche il gruppo di lavoro sulle detenzioni arbitrarie dell&#8217;ONU <a title=\"UNO fordert erneut Ende der willk\u00fcrlichen Haft.\" href=\"http:\/\/www.brennerbasisdemokratie.eu\/?p=49866\">ha chiesto<\/a> l&#8217;immediata messa in libert\u00e0 dei prigionieri politici.<\/li>\n<li>E poi: la linea ufficiale dell&#8217;Unione Europea non era quella che la questione catalana \u00e8 un affare interno alla Spagna? A giudicare dalle parole e dalle azioni di Tajani non sembrerebbe affatto.<\/li>\n<li>Parlando di piccole patrie, tema caro ai difensori italiani della grande patria: e il Lussemburgo? E Malta? Cipro? Non esistono? A parte il fatto che la Catalogna come superficie \u00e8 pi\u00f9 grande del Belgio. Ma poi, che criterio sarebbe quello della grandezza o della piccolezza? \u00c8 un argomento che sinceramente ha stufato, perch\u00e9 non significa assolutamente nulla.<\/li>\n<li>Il fatto poi che in Italia la legge sarebbe ancora pi\u00f9 dura nei confronti dell&#8217;indipendentismo sembra riempire d&#8217;orgoglio o almeno di soddisfazione Tajani. Beh, non poter discutere e risolvere questioni politiche sul livello politico non \u00e8 certo segno di maturit\u00e0 democratica. Lo scrivo cos\u00ec, per scriverlo\u2026 sono conscio del fatto che non serva a nulla spiegarlo a un \u00abammiratore\u00bb di Mussolini.<\/li>\n<\/ul>\n<p>Per quanto riguarda \u00abla minoranza tedesca al nord\u00bb che non crea problemi\u2026 forse \u00e8 meglio stendere un velo pietoso.<\/p>\n<p><strong><span style=\"font-family: Helvetica, Arial, sans-serif; text-transform: uppercase;\">C\u00ebla enghe:<\/span><\/strong> <a title=\"Katalonien: EU wird hohen Preis zahlen.\" href=\"http:\/\/www.brennerbasisdemokratie.eu\/?p=46199\"><code>01<\/code><\/a> <a title=\"Politische Assoziationsfreiheit \u2014 ein Grundrecht.\" href=\"http:\/\/www.brennerbasisdemokratie.eu\/?p=44743\"><code>02<\/code><\/a> <a title=\"Gegen den Rechtsstaatlichkeitsfetischismus.\" href=\"http:\/\/www.brennerbasisdemokratie.eu\/?p=37374\"><code>03<\/code><\/a> <a title=\"Lo schema della giudizializzazione.\" href=\"http:\/\/www.brennerbasisdemokratie.eu\/?p=48112\"><code>04<\/code><\/a> <a title=\"Puigdemont darf nicht ins EU-Parlament.\" href=\"http:\/\/www.brennerbasisdemokratie.eu\/?p=48904\"><code>05<\/code><\/a> <a title=\"Diese EU ist eine Schande.\" href=\"http:\/\/www.brennerbasisdemokratie.eu\/?p=36808\"><code>06<\/code><\/a> <a title=\"Die Umkehrung.\" href=\"http:\/\/www.brennerbasisdemokratie.eu\/?p=36821\"><code>07<\/code><\/a> <a title=\"Biancofiore fordert Verbot der STF.\" href=\"http:\/\/www.brennerbasisdemokratie.eu\/?p=47471\"><code>08<\/code><\/a> <a title=\"Mehr Kleinstaaten \u2014 mehr Integration!\" href=\"http:\/\/www.brennerbasisdemokratie.eu\/?p=20756\"><code>09<\/code><\/a> <a title=\"Die Tyrannei des \u00bbRechts\u00ab.\" href=\"http:\/\/www.brennerbasisdemokratie.eu\/?p=37389\"><code>10<\/code><\/a> <span style=\"font-family: Helvetica, Arial, sans-serif; font-weight: normal;\">||<\/span> <a title=\"Entsorgung demokratischer Prinzipien.\" href=\"http:\/\/www.brennerbasisdemokratie.eu\/?p=50917\"><span style=\"color: #ff8c00\"><code>01<\/code><\/span><\/a> <a title=\"Sardegna: Puigdemont libero.\" href=\"https:\/\/www.brennerbasisdemokratie.eu\/?p=68128\"><span style=\"color: #ff8c00\"><code>02<\/code><\/span><\/a> <a title=\"Ausschluss von Puigdemont, Staatsanwalt am EuGH gegen Tajani.\" href=\"https:\/\/www.brennerbasisdemokratie.eu\/?p=84881\"><span style=\"color: #ff8c00\"><code>03<\/code><\/span><\/a><\/p>","protected":false},"excerpt":{"rendered":"<p>L&#8217;ex presidente del Parlamento europeo Antonio Tajani (FI) \u2014 l&#8217;alleato dell&#8217;SVP che non disdegna le \u00abcose buone\u00bb fatte da Mussolini \u2014 ha concesso un&#8217;intervista a El Espa\u00f1ol, portale giornalistico spagnolo di destra online. Ne cito, traducendola, una parte: Durante il Suo mandato come presidente del Parlamento europeo il Suo impegno contro il separatismo in Spagna [&hellip;]<\/p>","protected":false},"author":1,"featured_media":0,"comment_status":"open","ping_status":"open","sticky":false,"template":"","format":"standard","meta":{"_crdt_document":"","ngg_post_thumbnail":0,"_jetpack_memberships_contains_paid_content":false,"footnotes":""},"categories":[1],"tags":[],"class_list":["post-50307","post","type-post","status-publish","format-standard","hentry","category-allgemein","entity-eu","entity-fi","entity-pdl","entity-svp","entity-uno","issue-1o2017","issue-zitac","location-catalunya","location-europa","location-france","location-italy","location-spania","location-sudtirolo","language-italiano","person-antonio-tajani","topic-democrazia","topic-grundrechte","topic-kleinstaaten","topic-medien","topic-nationalismus","topic-politik","topic-recht","topic-repression","topic-selbstbestimmung","topic-ungehorsam"],"jetpack_featured_media_url":"","jetpack_sharing_enabled":true,"_links":{"self":[{"href":"https:\/\/www.brennerbasisdemokratie.eu\/index.php?rest_route=\/wp\/v2\/posts\/50307","targetHints":{"allow":["GET"]}}],"collection":[{"href":"https:\/\/www.brennerbasisdemokratie.eu\/index.php?rest_route=\/wp\/v2\/posts"}],"about":[{"href":"https:\/\/www.brennerbasisdemokratie.eu\/index.php?rest_route=\/wp\/v2\/types\/post"}],"author":[{"embeddable":true,"href":"https:\/\/www.brennerbasisdemokratie.eu\/index.php?rest_route=\/wp\/v2\/users\/1"}],"replies":[{"embeddable":true,"href":"https:\/\/www.brennerbasisdemokratie.eu\/index.php?rest_route=%2Fwp%2Fv2%2Fcomments&post=50307"}],"version-history":[{"count":12,"href":"https:\/\/www.brennerbasisdemokratie.eu\/index.php?rest_route=\/wp\/v2\/posts\/50307\/revisions"}],"predecessor-version":[{"id":84889,"href":"https:\/\/www.brennerbasisdemokratie.eu\/index.php?rest_route=\/wp\/v2\/posts\/50307\/revisions\/84889"}],"wp:attachment":[{"href":"https:\/\/www.brennerbasisdemokratie.eu\/index.php?rest_route=%2Fwp%2Fv2%2Fmedia&parent=50307"}],"wp:term":[{"taxonomy":"category","embeddable":true,"href":"https:\/\/www.brennerbasisdemokratie.eu\/index.php?rest_route=%2Fwp%2Fv2%2Fcategories&post=50307"},{"taxonomy":"post_tag","embeddable":true,"href":"https:\/\/www.brennerbasisdemokratie.eu\/index.php?rest_route=%2Fwp%2Fv2%2Ftags&post=50307"}],"curies":[{"name":"wp","href":"https:\/\/api.w.org\/{rel}","templated":true}]}}