{"id":50360,"date":"2019-08-02T16:59:50","date_gmt":"2019-08-02T14:59:50","guid":{"rendered":"http:\/\/www.brennerbasisdemokratie.eu\/?p=50360"},"modified":"2026-03-15T21:41:57","modified_gmt":"2026-03-15T20:41:57","slug":"benvenuti-beim-fc-sudtirol","status":"publish","type":"post","link":"https:\/\/www.brennerbasisdemokratie.eu\/?p=50360","title":{"rendered":"Benvenuti beim FC S\u00fcdtirol."},"content":{"rendered":"<p>Mit 350.000 Euro aus dem Landestopf wird der aus dem <em>SV Milland<\/em> hervorgegangene Fu\u00dfballverein <em>FC S\u00fcdtirol<\/em> gef\u00f6rdert. Dies geht aus der Antwort auf Landtagsanfrage 122\/19 des <em>Teams K\u00f6llensperger<\/em> hervor.<\/p>\n<p>Die beiden gro\u00dfen Landessprachen in seiner Kommunikation gleichberechtigt zu ber\u00fccksichtigen, h\u00e4lt der Verein, der sich mit dem Landesnamen schm\u00fcckt, dennoch nicht f\u00fcr notwendig. Geschweige denn, dass man darin zumindest einen <em>Hinweis<\/em> auf die ladinische Sprache erhaschen k\u00f6nnte.<\/p>\n<p>Zwar hat der <em>FC S\u00fcdtirol<\/em> eine weitgehend zweisprachige <a title=\"FC S\u00fcdtirol.\" href=\"http:\/\/www.fc-suedtirol.com\" target=\"_blank\" rel=\"noopener noreferrer\">Webseite<\/a> und eine zweisprachige Fan-Zeitschrift. Standardgrafiken wie diese, die bei jeder Ank\u00fcndigung eines neuen Spielers ver\u00f6ffentlicht wird, gibt es aber zum Beispiel nur auf Italienisch \u2014 mit englischem Zusatz:<\/p>\n<blockquote><p><img loading=\"lazy\" decoding=\"async\" class=\"aligncenter size-full wp-image-50363\" src=\"http:\/\/www.brennerbasisdemokratie.eu\/wp-content\/uploads\/2019\/08\/fcs_willkommen.png\" alt=\"\" width=\"800\" height=\"545\" srcset=\"https:\/\/www.brennerbasisdemokratie.eu\/wp-content\/uploads\/2019\/08\/fcs_willkommen.png 800w, https:\/\/www.brennerbasisdemokratie.eu\/wp-content\/uploads\/2019\/08\/fcs_willkommen-768x523.png 768w\" sizes=\"auto, (max-width: 800px) 100vw, 800px\" \/><\/p><\/blockquote>\n<p>Die Vorlage zumindest dreisprachig Deutsch-Italienisch-Ladinisch anzufertigen, w\u00e4re ein Aufwand von wenigen Minuten, den die Verantwortlichen aber wohl f\u00fcr nicht gerechtfertigt halten.<\/p>\n<p>\u00c4hnliches gilt f\u00fcr die Abokampagne 2019\/20:<\/p>\n<blockquote><p><img loading=\"lazy\" decoding=\"async\" class=\"aligncenter size-full wp-image-50364\" src=\"http:\/\/www.brennerbasisdemokratie.eu\/wp-content\/uploads\/2019\/08\/fcs_abokampa2019.jpg\" alt=\"\" width=\"622\" height=\"251\"\/><\/p><\/blockquote>\n<p>Zum Schaden gesellt sich hier noch der Spott, denn die Mannschaft appelliert mit dem <em>einsprachigen<\/em> Slogan an das Heimatgef\u00fchl\u2026 einer <em>mehrsprachigen<\/em> Heimat.<\/p>\n<p>Einsprachig Italienisch sind unter anderem auch<\/p>\n<ul>\n<li>der gesamte Videokanal <a title=\"FCS-TV.\" href=\"https:\/\/www.youtube.com\/user\/FCSuedtirolChannel\" target=\"_blank\" rel=\"noopener noreferrer\">FCS-TV<\/a>;<\/li>\n<li>der Ethikkodex der Mannschaft sowie<\/li>\n<li>der Ethikkodex der Fans.<\/li>\n<\/ul>\n<p>Durchgehende Mehrsprachigkeit geh\u00f6rt offenbar nicht zur \u00bbEthik\u00ab eines Vereins, dem \u00fcbrigens seit 2009 mit Walter Baumgartner ein <abbr title=\"S\u00fcdtiroler Volkspartei\">SVP<\/abbr>ler als Pr\u00e4sident vorsteht. Schade.<\/p>\n<p><strong><span style=\"font-family: Helvetica, Arial, sans-serif; text-transform: uppercase;\">C\u00ebla enghe:<\/span><\/strong> <a title=\"Sport als Engagement.\" href=\"http:\/\/www.brennerbasisdemokratie.eu\/?p=741\"><code>01<\/code><\/a> <a title=\"Fascia: Sport f\u00f6rdert Sprache.\" href=\"http:\/\/www.brennerbasisdemokratie.eu\/?p=31902\"><code>02<\/code><\/a> <a title=\"FC S\u00fcdtirol f\u00fcr Rassisten Tavecchio.\" href=\"http:\/\/www.brennerbasisdemokratie.eu\/?p=20151\"><code>03<\/code><\/a> <a title=\"Italienische Hymne in Tracht.\" href=\"http:\/\/www.brennerbasisdemokratie.eu\/?p=47943\"><code>04<\/code><\/a> <a title=\"Heeressportzentrum erweitert in S\u00fcdtirol.\" href=\"http:\/\/www.brennerbasisdemokratie.eu\/?p=50003\"><code>05<\/code><\/a> <a title=\"\u00bbOlympische\u00ab Symbolik.\" href=\"http:\/\/www.brennerbasisdemokratie.eu\/?p=49553\"><code>06<\/code><\/a> <span style=\"font-family: Helvetica, Arial, sans-serif; font-weight: normal;\">||<\/span> <a title=\"FCS: Halb- und Unwahrheiten im Landtag.\" href=\"http:\/\/www.brennerbasisdemokratie.eu\/?p=51137\"><span style=\"color: #ff8c00\"><code>01<\/code><\/span><\/a> <a title=\"Minorisierte Sprachen und Fu\u00dfball.\" href=\"https:\/\/www.brennerbasisdemokratie.eu\/?p=98464\"><span style=\"color: #ff8c00\"><code>02<\/code><\/span><\/a><\/p>","protected":false},"excerpt":{"rendered":"<p>Mit 350.000 Euro aus dem Landestopf wird der aus dem SV Milland hervorgegangene Fu\u00dfballverein FC S\u00fcdtirol gef\u00f6rdert. Dies geht aus der Antwort auf Landtagsanfrage 122\/19 des Teams K\u00f6llensperger hervor. Die beiden gro\u00dfen Landessprachen in seiner Kommunikation gleichberechtigt zu ber\u00fccksichtigen, h\u00e4lt der Verein, der sich mit dem Landesnamen schm\u00fcckt, dennoch nicht f\u00fcr notwendig. Geschweige denn, dass [&hellip;]<\/p>","protected":false},"author":1,"featured_media":0,"comment_status":"open","ping_status":"open","sticky":false,"template":"","format":"standard","meta":{"_crdt_document":"","ngg_post_thumbnail":0,"_jetpack_memberships_contains_paid_content":false,"footnotes":""},"categories":[1],"tags":[],"class_list":["post-50360","post","type-post","status-publish","format-standard","hentry","category-allgemein","entity-fc-sudtirol","entity-land-sudtirol","entity-svp","entity-tk","issue-bilinguismo-negato","issue-italianizzazione","location-sudtirolo","language-deutsch","topic-aussendarstellung","topic-plurilinguism","topic-sport","topic-wirtschaft"],"jetpack_featured_media_url":"","jetpack_sharing_enabled":true,"_links":{"self":[{"href":"https:\/\/www.brennerbasisdemokratie.eu\/index.php?rest_route=\/wp\/v2\/posts\/50360","targetHints":{"allow":["GET"]}}],"collection":[{"href":"https:\/\/www.brennerbasisdemokratie.eu\/index.php?rest_route=\/wp\/v2\/posts"}],"about":[{"href":"https:\/\/www.brennerbasisdemokratie.eu\/index.php?rest_route=\/wp\/v2\/types\/post"}],"author":[{"embeddable":true,"href":"https:\/\/www.brennerbasisdemokratie.eu\/index.php?rest_route=\/wp\/v2\/users\/1"}],"replies":[{"embeddable":true,"href":"https:\/\/www.brennerbasisdemokratie.eu\/index.php?rest_route=%2Fwp%2Fv2%2Fcomments&post=50360"}],"version-history":[{"count":15,"href":"https:\/\/www.brennerbasisdemokratie.eu\/index.php?rest_route=\/wp\/v2\/posts\/50360\/revisions"}],"predecessor-version":[{"id":98487,"href":"https:\/\/www.brennerbasisdemokratie.eu\/index.php?rest_route=\/wp\/v2\/posts\/50360\/revisions\/98487"}],"wp:attachment":[{"href":"https:\/\/www.brennerbasisdemokratie.eu\/index.php?rest_route=%2Fwp%2Fv2%2Fmedia&parent=50360"}],"wp:term":[{"taxonomy":"category","embeddable":true,"href":"https:\/\/www.brennerbasisdemokratie.eu\/index.php?rest_route=%2Fwp%2Fv2%2Fcategories&post=50360"},{"taxonomy":"post_tag","embeddable":true,"href":"https:\/\/www.brennerbasisdemokratie.eu\/index.php?rest_route=%2Fwp%2Fv2%2Ftags&post=50360"}],"curies":[{"name":"wp","href":"https:\/\/api.w.org\/{rel}","templated":true}]}}