{"id":50771,"date":"2019-08-27T10:55:57","date_gmt":"2019-08-27T08:55:57","guid":{"rendered":"http:\/\/www.brennerbasisdemokratie.eu\/?p=50771"},"modified":"2025-07-24T17:01:22","modified_gmt":"2025-07-24T15:01:22","slug":"toponimi-il-compromesso-unilaterale","status":"publish","type":"post","link":"https:\/\/www.brennerbasisdemokratie.eu\/?p=50771","title":{"rendered":"Toponimi, il compromesso unilaterale."},"content":{"rendered":"<p>Venerd\u00ec scorso (23.08.) sul quotidiano <em>A. Adige<\/em> \u00e8 comparso un fondo di Federico Guiglia che mi \u00e8 subito piaciuto per la sua estrema chiarezza. In tema di toponomastica, dice Guiglia, non c&#8217;\u00e8 bisogno di alcun compromesso, perch\u00e9 il compromesso c&#8217;\u00e8 gi\u00e0 ed \u00e8 racchiuso nello statuto di autonomia: i toponimi imposti dal fascismo, \u00absecolari\u00bb e competenza dello stato (falso), non si toccano \u2014 semmai si ufficializzano quelli \u00abtedeschi (e ladini)\u00bb. Un principio che sarebbe stato reso ancor pi\u00f9 insormontabile da recenti pronunce della Corte costituzionale (<a title=\"S\u00e8n Jan, la sentenza lascia uno spiraglio.\" href=\"http:\/\/www.brennerbasisdemokratie.eu\/?p=44195\">quella<\/a> su S\u00e8n Jan, imprimis), che con la sua sentenza 42 del 2017 avrebbe affermato anche la \u00abprimazia della lingua italiana\u00bb.<\/p>\n<p>Quella esposta da Guiglia \u00e8 una concezione particolare di \u00abcompromesso\u00bb, ma non per questo meno diffusa.<\/p>\n<p>Un regime totalitario, in due fasi, stravolge la toponomastica di un territorio con lo scopo \u2014 chiaro e dichiarato \u2014 di snazionalizzare e assimilare la popolazione residente. In un primo momento, con l&#8217;uso della forza, impone una toponomastica inventata (pessimo surrogato) e poco dopo, sempre con la forza, sopprime totalmente i toponimi preesistenti.<\/p>\n<p>Lo stesso stato, diventato repubblica, posteriormente rinuncia alla soppressione (senza preoccuparsi minimamente della reintroduzione), ma \u2014 in barba <a title=\"Toponymy: What do the United Nations say?\" href=\"http:\/\/www.brennerbasisdemokratie.eu\/?p=32074\">alle convenzioni internazionali<\/a> \u2014 nemmeno a una virgola dell&#8217;imposizione. Ecco pronto il \u00abcompromesso\u00bb, a sua volta prontamente affidato a un arbitro di parte, perch\u00e9 in seno alla Corte costituzionale la minoranza sudtirolese conta \u2014 al massimo \u2014 per lo zerovirgola del proprio peso demografico\/elettorale.<\/p>\n<p>Se questo veramente abbiamo il coraggio di chiamarlo un compromesso, mi piacerebbe capire quale sarebbe stata l&#8217;alternativa. La continuazione delle politiche fasciste, senza soluzione di continuit\u00e0?<\/p>\n<p><strong><span style=\"font-family: Helvetica, Arial, sans-serif; text-transform: uppercase;\">C\u00ebla enghe:<\/span><\/strong> <a title=\"Toponimi, colpa dell\u2019SVP?\" href=\"http:\/\/www.brennerbasisdemokratie.eu\/?p=50661\"><code>01<\/code><\/a> <a title=\"Haneb\u00fcchene DNA-Aktion.\" href=\"http:\/\/www.brennerbasisdemokratie.eu\/?p=50629\"><code>02<\/code><\/a> <a title=\"Toponimi: Bene collettivo o compimento dell\u2019opera colonialistica del Tolomei?\" href=\"http:\/\/www.brennerbasisdemokratie.eu\/?p=32583\"><code>03<\/code><\/a> <a title=\"I tempi che ancora ci umiliano.\" href=\"http:\/\/www.brennerbasisdemokratie.eu\/?p=34108\"><code>04<\/code><\/a> <a title=\"Vittoria ribadita e rivendicata.\" href=\"http:\/\/www.brennerbasisdemokratie.eu\/?p=43842\"><code>05<\/code><\/a> <span style=\"font-family: Helvetica, Arial, sans-serif; font-weight: normal;\">||<\/span> <a title=\"Il nome del Sudtirolo.\" href=\"http:\/\/www.brennerbasisdemokratie.eu\/?p=51768\"><span style=\"color: #ff8c00\"><code>01<\/code><\/span><\/a> <a title=\"La scadenza della proporzionale.\" href=\"https:\/\/www.brennerbasisdemokratie.eu\/?p=86900\"><span style=\"color: #ff8c00\"><code>02<\/code><\/span><\/a><\/p>","protected":false},"excerpt":{"rendered":"<p>Venerd\u00ec scorso (23.08.) sul quotidiano A. Adige \u00e8 comparso un fondo di Federico Guiglia che mi \u00e8 subito piaciuto per la sua estrema chiarezza. In tema di toponomastica, dice Guiglia, non c&#8217;\u00e8 bisogno di alcun compromesso, perch\u00e9 il compromesso c&#8217;\u00e8 gi\u00e0 ed \u00e8 racchiuso nello statuto di autonomia: i toponimi imposti dal fascismo, \u00absecolari\u00bb e [&hellip;]<\/p>","protected":false},"author":1,"featured_media":0,"comment_status":"open","ping_status":"open","sticky":false,"template":"","format":"standard","meta":{"_crdt_document":"","ngg_post_thumbnail":0,"_jetpack_memberships_contains_paid_content":false,"footnotes":""},"categories":[1],"tags":[],"class_list":["post-50771","post","type-post","status-publish","format-standard","hentry","category-allgemein","entity-verfassungsgericht","issue-geschichtsaufarbeitung","issue-italianizzazione","issue-medienkritik","location-italy","location-sudtirolo","language-italiano","medium-aa","topic-colonialismi","topic-medien","topic-minderheitenschutz","topic-ortsnamen","topic-recht"],"jetpack_featured_media_url":"","jetpack_sharing_enabled":true,"_links":{"self":[{"href":"https:\/\/www.brennerbasisdemokratie.eu\/index.php?rest_route=\/wp\/v2\/posts\/50771","targetHints":{"allow":["GET"]}}],"collection":[{"href":"https:\/\/www.brennerbasisdemokratie.eu\/index.php?rest_route=\/wp\/v2\/posts"}],"about":[{"href":"https:\/\/www.brennerbasisdemokratie.eu\/index.php?rest_route=\/wp\/v2\/types\/post"}],"author":[{"embeddable":true,"href":"https:\/\/www.brennerbasisdemokratie.eu\/index.php?rest_route=\/wp\/v2\/users\/1"}],"replies":[{"embeddable":true,"href":"https:\/\/www.brennerbasisdemokratie.eu\/index.php?rest_route=%2Fwp%2Fv2%2Fcomments&post=50771"}],"version-history":[{"count":13,"href":"https:\/\/www.brennerbasisdemokratie.eu\/index.php?rest_route=\/wp\/v2\/posts\/50771\/revisions"}],"predecessor-version":[{"id":93581,"href":"https:\/\/www.brennerbasisdemokratie.eu\/index.php?rest_route=\/wp\/v2\/posts\/50771\/revisions\/93581"}],"wp:attachment":[{"href":"https:\/\/www.brennerbasisdemokratie.eu\/index.php?rest_route=%2Fwp%2Fv2%2Fmedia&parent=50771"}],"wp:term":[{"taxonomy":"category","embeddable":true,"href":"https:\/\/www.brennerbasisdemokratie.eu\/index.php?rest_route=%2Fwp%2Fv2%2Fcategories&post=50771"},{"taxonomy":"post_tag","embeddable":true,"href":"https:\/\/www.brennerbasisdemokratie.eu\/index.php?rest_route=%2Fwp%2Fv2%2Ftags&post=50771"}],"curies":[{"name":"wp","href":"https:\/\/api.w.org\/{rel}","templated":true}]}}