{"id":50922,"date":"2019-09-10T11:59:20","date_gmt":"2019-09-10T09:59:20","guid":{"rendered":"http:\/\/www.brennerbasisdemokratie.eu\/?p=50922"},"modified":"2024-09-30T11:21:33","modified_gmt":"2024-09-30T09:21:33","slug":"conte-zwei-vertrauen-von-der-svp","status":"publish","type":"post","link":"https:\/\/www.brennerbasisdemokratie.eu\/?p=50922","title":{"rendered":"Conte zwei: Vertrauen von der SVP?"},"content":{"rendered":"<p>Die gr\u00fcne Landtagsabgeordnete Brigitte Foppa schreibt auf <em>Twitter:<\/em><\/p>\n<blockquote><p>#JuliaUnterberger hat als einzige in ihrer Parte[i] einen klaren Kopf. Sie hat allerdings auch ein freies Mandat. Ich erwarte mir, dass sie nicht gehorcht. Niemand hat das Recht zu gehorchen. #GovernoConte2 #s\u00fcdtirolervolkspartei<\/p>\n<p><em><small>\u2013 Brigitte Foppa<\/small><\/em><\/p><\/blockquote>\n<p>Lassen wir das Hannah-Arendt-Zitat beiseite, das f\u00fcr mich an dieser Stelle v\u00f6llig fehl am Platz ist. Arendt meinte n\u00e4mlich, dass sich niemand auf einen Befehl oder ein Gesetz herausreden darf, wenn dieses gegen die Menschlichkeit verst\u00f6\u00dft.<\/p>\n<p>Was ich aber ebensowenig nachvollziehen kann, ist diese fast schon militante Unterst\u00fctzung der neuen Regierung Conte von linker (und S\u00fcdtiroler) Seite. Der alte und neue Ministerpr\u00e4sident hat bis gestern jede Untat von Matteo Salvini und anderen <em>Lega<\/em>-Ministerinnen (Pillon!) mitgetragen, ohne auch nur mit der Wimper zu zucken. Er hat den Innenminister gedeckt und mit die Verantwortung \u00fcbernommen, als dieser Migrantinnen auf der <em>Diciotti<\/em> festgehalten hatte. Und er hat seine politische Handlungsf\u00e4higkeit gemeinsam mit der (nun wieder ma\u00dfgeblich an der Regierung beteiligten) <abbr title=\"F\u00fcnfsternebewegung\">5SB<\/abbr> erst begr\u00fcndet und erm\u00f6glicht.<\/p>\n<p>Conte und die <em>Grillo<\/em>-Bewegung haben dieser uns\u00e4glichen Koalition noch nicht einmal den Stecker gezogen. H\u00e4tte nicht Salvini diesen Schritt gemacht, w\u00e4ren sie noch heute in Eintracht vereint. Knackpunkte waren ohnehin nicht die unmenschlichen Positionen der <em>Lega,<\/em> sondern Dinge wie die Hochgeschwindigkeit, die Verkleinerung des Parlaments oder die Wirtschaftspolitik.<\/p>\n<p>Und nun sollen Conte und Di Maio von einem Tag auf den n\u00e4chsten gel\u00e4utert sein? Die neue Regierung mit <abbr title=\"Partito Democratico\">PD<\/abbr> und <abbr title=\"Liberi e Uguali\">LeU<\/abbr> hat noch nicht einmal mit Worten einen echten Bruch mit der verfehlten Sicherheits- und Migrationspolitik von Salvini angek\u00fcndigt.<\/p>\n<p>Warum nun etwa auch f\u00fcr die S\u00fcdtiroler <em>Gr\u00fcnen<\/em> derart wichtig ist, dass die <abbr title=\"S\u00fcdtiroler Volkspartei\">SVP<\/abbr> (oder Teile von ihr) dieser Regierung ihr Vertrauen ausspricht, ist f\u00fcr mich nicht verst\u00e4ndlich. Eine <a title=\"Conte zwei: Enthaltung zu wohlwollend?\" href=\"http:\/\/www.brennerbasisdemokratie.eu\/?p=50853\">Enthaltung<\/a> finde ich schon einen gro\u00dfen Vertrauensvorschuss.<\/p>\n<p><strong><span style=\"font-family: Helvetica, Arial, sans-serif; text-transform: uppercase;\">C\u00ebla enghe:<\/span><\/strong> <a title=\"Una sinistra \u00abrealista\u00bb senza identit\u00e0.\" href=\"http:\/\/www.brennerbasisdemokratie.eu\/?p=50578\"><code>01<\/code><\/a><\/p>","protected":false},"excerpt":{"rendered":"<p>Die gr\u00fcne Landtagsabgeordnete Brigitte Foppa schreibt auf Twitter: #JuliaUnterberger hat als einzige in ihrer Parte[i] einen klaren Kopf. Sie hat allerdings auch ein freies Mandat. Ich erwarte mir, dass sie nicht gehorcht. Niemand hat das Recht zu gehorchen. #GovernoConte2 #s\u00fcdtirolervolkspartei \u2013 Brigitte Foppa Lassen wir das Hannah-Arendt-Zitat beiseite, das f\u00fcr mich an dieser Stelle v\u00f6llig [&hellip;]<\/p>","protected":false},"author":1,"featured_media":0,"comment_status":"open","ping_status":"open","sticky":false,"template":"","format":"standard","meta":{"_crdt_document":"","ngg_post_thumbnail":0,"_jetpack_memberships_contains_paid_content":false,"footnotes":""},"categories":[1],"tags":[],"class_list":["post-50922","post","type-post","status-publish","format-standard","hentry","category-allgemein","entity-5sb","entity-lega","entity-pd","entity-svp","entity-verc","issue-zitac","location-italy","location-sudtirolo","language-deutsch","medium-socialmedia","person-brigitte-foppa","person-giuseppe-conte","person-hannah-arendt","person-julia-unterberger","person-matteo-salvini","topic-democrazia","topic-migraziun","topic-politik","topic-sicherheit","topic-wirtschaft"],"jetpack_featured_media_url":"","jetpack_sharing_enabled":true,"_links":{"self":[{"href":"https:\/\/www.brennerbasisdemokratie.eu\/index.php?rest_route=\/wp\/v2\/posts\/50922","targetHints":{"allow":["GET"]}}],"collection":[{"href":"https:\/\/www.brennerbasisdemokratie.eu\/index.php?rest_route=\/wp\/v2\/posts"}],"about":[{"href":"https:\/\/www.brennerbasisdemokratie.eu\/index.php?rest_route=\/wp\/v2\/types\/post"}],"author":[{"embeddable":true,"href":"https:\/\/www.brennerbasisdemokratie.eu\/index.php?rest_route=\/wp\/v2\/users\/1"}],"replies":[{"embeddable":true,"href":"https:\/\/www.brennerbasisdemokratie.eu\/index.php?rest_route=%2Fwp%2Fv2%2Fcomments&post=50922"}],"version-history":[{"count":11,"href":"https:\/\/www.brennerbasisdemokratie.eu\/index.php?rest_route=\/wp\/v2\/posts\/50922\/revisions"}],"predecessor-version":[{"id":88351,"href":"https:\/\/www.brennerbasisdemokratie.eu\/index.php?rest_route=\/wp\/v2\/posts\/50922\/revisions\/88351"}],"wp:attachment":[{"href":"https:\/\/www.brennerbasisdemokratie.eu\/index.php?rest_route=%2Fwp%2Fv2%2Fmedia&parent=50922"}],"wp:term":[{"taxonomy":"category","embeddable":true,"href":"https:\/\/www.brennerbasisdemokratie.eu\/index.php?rest_route=%2Fwp%2Fv2%2Fcategories&post=50922"},{"taxonomy":"post_tag","embeddable":true,"href":"https:\/\/www.brennerbasisdemokratie.eu\/index.php?rest_route=%2Fwp%2Fv2%2Ftags&post=50922"}],"curies":[{"name":"wp","href":"https:\/\/api.w.org\/{rel}","templated":true}]}}