{"id":50986,"date":"2019-09-17T10:28:33","date_gmt":"2019-09-17T08:28:33","guid":{"rendered":"http:\/\/www.brennerbasisdemokratie.eu\/?p=50986"},"modified":"2025-12-17T07:47:56","modified_gmt":"2025-12-17T06:47:56","slug":"gesundheit-zweisprachigkeit-weiter-aufgeweicht","status":"publish","type":"post","link":"https:\/\/www.brennerbasisdemokratie.eu\/?p=50986","title":{"rendered":"Gesundheit: Zweisprachigkeit weiter aufgeweicht."},"content":{"rendered":"<p>Schritt f\u00fcr Schritt werden im \u00f6ffentlichen Gesundheitswesen die Zweisprachigkeitspflicht aufgeweicht und das Recht auf Gebrauch der Muttersprache au\u00dfer Kraft gesetzt.<\/p>\n<p>Zuerst wurde \u00c4rztinnen eine Dreijahresfrist einger\u00e4umt, um berufsbegleitend die zweite Sprache zu erlernen. Letzte Woche nun wurde dieser Zeitraum <a title=\"Sanit\u00e0: Estensione del monolinguismo?\" href=\"http:\/\/www.brennerbasisdemokratie.eu\/?p=50957\">wie bef\u00fcrchtet<\/a> um 67% erh\u00f6ht \u2014 auf f\u00fcnf Jahre. Sage und schreibe 26 Landtagsabgeordnete stimmten dieser Regelung zu, f\u00fcnf enthielten sich und nur eine stimmte dagegen.<\/p>\n<p>Eine von den <em>Gr\u00fcnen<\/em> vorgeschlagene (\u00dcbergangs-)L\u00f6sung mit einem Dolmetschdienst, die die Lage zumindest aus Sicht der Patientinnen h\u00e4tte vorl\u00e4ufig entspannen k\u00f6nnen, <a title=\"Sprache im Gesundheitswesen: Antrag abgelehnt.\" href=\"http:\/\/www.brennerbasisdemokratie.eu\/?p=49878\">wurde dagegen vor wenigen Wochen versenkt.<\/a><\/p>\n<p>Franz Ploner (<abbr title=\"Team K\">TK<\/abbr>) schlug im Rahmen der Debatte sogar vor, die Frist im Bedarfsfall noch einmal auf zehn Jahre zu verdoppeln, <em>de facto<\/em> eine Abschaffung der Zweisprachigkeitspflicht und des Rechts auf Sprachwahl im Gesundheitswesen. Landesrat Widmann (<abbr title=\"S\u00fcdtiroler Volkspartei\">SVP<\/abbr>) bedauerte \u2014 ja: bedauerte! \u2014, dass dies rechtlich nicht m\u00f6glich sei.<\/p>\n<p>Schon die Dreijahresfrist lie\u00df bef\u00fcrchten, dass betroffene \u00c4rztinnen bei Ablauf \u2014 mangels P\u00f6nalen \u2014 einfach den Dienst quittieren, statt sich im einger\u00e4umten Zeitraum ernsthaft um den Erwerb der zweiten Sprache zu bem\u00fchen.<\/p>\n<p>H\u00f6chst erstaunlich ist aber auch die Begr\u00fcndung von <em>Sabes<\/em>-Generaldirektor Florian Zerzer f\u00fcr seine Genugtuung \u00fcber die Fristverl\u00e4ngerung auf f\u00fcnf Jahre: Es habe sich abgezeichnet, dass einige Fachkr\u00e4fte die Zweisprachigkeitspr\u00fcfung am Ende der drei Jahre nicht geschafft h\u00e4tten. Der Gesundheitsbetrieb m\u00fcsse zudem bei der Organisation der Sprachkurse noch besser werden.<\/p>\n<p>Es wird also einer der Grundpfeiler der Autonomie \u2014 vorl\u00e4ufig \u2014 au\u00dfer Kraft gesetzt. Doch anstatt auf die Rechte der B\u00fcrgerinnen, wird das Hauptaugenmerk auch weiterhin nur auf die Schonung des Personals gelegt. Nicht einmal ordentliche Sprachkurse wurden organisiert, wie schon mehrmals bem\u00e4ngelt wurde und wie Zerzer nun einzur\u00e4umen scheint.<\/p>\n<p>Wenn \u00c4rztinnen am Spracherwerb scheitern k\u00f6nnten, wird einfach die Frist verl\u00e4ngert. Was kommt als n\u00e4chstes? Wird das Niveau der Zweisprachigkeitspr\u00fcfung gesenkt?<\/p>\n<p><strong><span style=\"font-family: Helvetica, Arial, sans-serif; text-transform: uppercase;\">C\u00ebla enghe:<\/span><\/strong> <a title=\"Team K. f\u00fcr einsprachige \u00c4rztinnen.\" href=\"http:\/\/www.brennerbasisdemokratie.eu\/?p=45107\"><code>01<\/code><\/a> <a title=\"Repetto (PD): Sanit\u00e0, bilinguismo superfluo.\" href=\"http:\/\/www.brennerbasisdemokratie.eu\/?p=50483\"><code>02<\/code><\/a> <a title=\"Sanit\u00e0, 5S: No al bilinguismo, s\u00ec all\u2019italiano.\" href=\"http:\/\/www.brennerbasisdemokratie.eu\/?p=50176\"><code>03<\/code><\/a> <a title=\"Einsprachige \u00c4rztinnen am KH Meran.\" href=\"http:\/\/www.brennerbasisdemokratie.eu\/?p=50607\"><code>04<\/code><\/a> <a title=\"Language Barriers in Health Care.\" href=\"http:\/\/www.brennerbasisdemokratie.eu\/?p=48634\"><code>05<\/code><\/a> <a title=\"Sabes: Italienischpr\u00fcfung bestanden.\" href=\"http:\/\/www.brennerbasisdemokratie.eu\/?p=49545\"><code>06<\/code><\/a> <a title=\"KH Meran: Deutscher Zusatztext muss weichen.\" href=\"http:\/\/www.brennerbasisdemokratie.eu\/?p=50395\"><code>07<\/code><\/a> <span style=\"font-family: Helvetica, Arial, sans-serif; font-weight: normal;\">||<\/span> <a title=\"Gesundheit: Einsprachig in den Tod?\" href=\"http:\/\/www.brennerbasisdemokratie.eu\/?p=52681\"><span style=\"color: #ff8c00\"><code>01<\/code><\/span><\/a> <a title=\"Einsprachige \u00c4rztinnen: Widmanns Ma\u00dfnahmen.\" href=\"http:\/\/www.brennerbasisdemokratie.eu\/?p=53355\"><span style=\"color: #ff8c00\"><code>02<\/code><\/span><\/a> <a title=\"Gesundheit: Verl\u00e4ngerung der befristeten Vertr\u00e4ge zur\u00fcckgenommen.\" href=\"http:\/\/www.brennerbasisdemokratie.eu\/?p=53807\"><span style=\"color: #ff8c00\"><code>03<\/code><\/span><\/a> <a title=\"PD will Zweisprachigkeit und Proporz lockern.\" href=\"https:\/\/www.brennerbasisdemokratie.eu\/?p=75025\" rel=\"\"><span style=\"color: #ff8c00\"><code>04<\/code><\/span><\/a> <a title=\"Deutsch im Gesundheitswesen wird verschrottet.\" href=\"https:\/\/www.brennerbasisdemokratie.eu\/?p=76360\"><span style=\"color: #ff8c00\"><code>05<\/code><\/span><\/a><\/p>","protected":false},"excerpt":{"rendered":"<p>Schritt f\u00fcr Schritt werden im \u00f6ffentlichen Gesundheitswesen die Zweisprachigkeitspflicht aufgeweicht und das Recht auf Gebrauch der Muttersprache au\u00dfer Kraft gesetzt. Zuerst wurde \u00c4rztinnen eine Dreijahresfrist einger\u00e4umt, um berufsbegleitend die zweite Sprache zu erlernen. Letzte Woche nun wurde dieser Zeitraum wie bef\u00fcrchtet um 67% erh\u00f6ht \u2014 auf f\u00fcnf Jahre. Sage und schreibe 26 Landtagsabgeordnete stimmten dieser [&hellip;]<\/p>","protected":false},"author":1,"featured_media":0,"comment_status":"open","ping_status":"open","sticky":false,"template":"","format":"standard","meta":{"_crdt_document":"","ngg_post_thumbnail":0,"_jetpack_memberships_contains_paid_content":false,"footnotes":""},"categories":[1],"tags":[],"class_list":["post-50986","post","type-post","status-publish","format-standard","hentry","category-allgemein","entity-sabes","entity-sudtiroler-landtag","entity-svp","entity-tk","entity-verc","issue-bilinguismo-negato","issue-italianizzazione","location-sudtirolo","language-deutsch","person-florian-zerzer","person-franz-ploner","person-thomas-widmann","topic-arbeit","topic-gesundheit","topic-minderheitenschutz","topic-plurilinguism","topic-politik","topic-recht","topic-servicepublic","topic-vorzeigeautonomie"],"jetpack_featured_media_url":"","jetpack_sharing_enabled":true,"_links":{"self":[{"href":"https:\/\/www.brennerbasisdemokratie.eu\/index.php?rest_route=\/wp\/v2\/posts\/50986","targetHints":{"allow":["GET"]}}],"collection":[{"href":"https:\/\/www.brennerbasisdemokratie.eu\/index.php?rest_route=\/wp\/v2\/posts"}],"about":[{"href":"https:\/\/www.brennerbasisdemokratie.eu\/index.php?rest_route=\/wp\/v2\/types\/post"}],"author":[{"embeddable":true,"href":"https:\/\/www.brennerbasisdemokratie.eu\/index.php?rest_route=\/wp\/v2\/users\/1"}],"replies":[{"embeddable":true,"href":"https:\/\/www.brennerbasisdemokratie.eu\/index.php?rest_route=%2Fwp%2Fv2%2Fcomments&post=50986"}],"version-history":[{"count":17,"href":"https:\/\/www.brennerbasisdemokratie.eu\/index.php?rest_route=\/wp\/v2\/posts\/50986\/revisions"}],"predecessor-version":[{"id":96950,"href":"https:\/\/www.brennerbasisdemokratie.eu\/index.php?rest_route=\/wp\/v2\/posts\/50986\/revisions\/96950"}],"wp:attachment":[{"href":"https:\/\/www.brennerbasisdemokratie.eu\/index.php?rest_route=%2Fwp%2Fv2%2Fmedia&parent=50986"}],"wp:term":[{"taxonomy":"category","embeddable":true,"href":"https:\/\/www.brennerbasisdemokratie.eu\/index.php?rest_route=%2Fwp%2Fv2%2Fcategories&post=50986"},{"taxonomy":"post_tag","embeddable":true,"href":"https:\/\/www.brennerbasisdemokratie.eu\/index.php?rest_route=%2Fwp%2Fv2%2Ftags&post=50986"}],"curies":[{"name":"wp","href":"https:\/\/api.w.org\/{rel}","templated":true}]}}