{"id":51082,"date":"2019-09-20T18:22:36","date_gmt":"2019-09-20T16:22:36","guid":{"rendered":"http:\/\/www.brennerbasisdemokratie.eu\/?p=51082"},"modified":"2025-10-13T18:16:38","modified_gmt":"2025-10-13T16:16:38","slug":"mutige-kampferin-gegen-jene-die-europa-spalten-wollen","status":"publish","type":"post","link":"https:\/\/www.brennerbasisdemokratie.eu\/?p=51082","title":{"rendered":"\u203aMutige K\u00e4mpferin gegen jene, die Europa spalten wollen.\u2039"},"content":{"rendered":"<p>Das <em>M100 Sanssouci Colloquium<\/em>, ein hochkar\u00e4tiges internationales Medientreffen in Potsdam, hat die Erste Ministerin Schottlands, Nicola Sturgeon (<abbr title=\"Scottish National Party\">SNP<\/abbr>), mit dem heurigen <a title=\"\" href=\"http:\/\/www.m100potsdam.org\/m100\/m100-media-award\/\">M100 Media Award<\/a> ausgezeichnet.<\/p>\n<p>Laut Organisatoren &#8220;versteht sich der symbolische Preis als &#8216;Preis der europ\u00e4ischen Presse&#8217;. Ausgezeichnet werden Pers\u00f6nlichkeiten, die durch ihr Schaffen in Europa und der Welt Spuren hinterlassen haben. Die Auszeichnung steht f\u00fcr Verdienste um den Schutz der freien Meinungs\u00e4u\u00dferung und die Vertiefung der Demokratie sowie f\u00fcr besondere Leistungen um die europ\u00e4ische Verst\u00e4ndigung und Kommunikation.&#8221;<\/p>\n<p>Fr\u00fchere Preistr\u00e4ger waren unter anderem der deutsch-t\u00fcrkische Journalist Deniz Y\u00fccel, die Satirezeitschrift Charlie Hebdo oder auch der italienische Journalist Roberto Saviano. Begr\u00fcndet wird die Auszeichnung f\u00fcr Sturgeon mit ihrer Gegnerschaft zum Brexit (den die schottische Bev\u00f6lkerung mit \u00fcberw\u00e4ltigender Mehrheit ablehnt) und ihrem Engagement f\u00fcr den europ\u00e4ischen Einigungsprozess im Rahmen der Europ\u00e4ischen Union.<\/p>\n<p>Potsdams Oberb\u00fcrgermeister Mike Schubert (SPD) bezeichnete Sturgeon laut Medienberichten (u. a. <a title=\"\" href=\"https:\/\/www.bild.de\/politik\/inland\/politik-inland\/brexit-schottlands-regierungschefin-bekommt-medienpreis-fuer-anti-brexit-kurs-64771208.bild.html\">bild.de<\/a>) als eine \u201emutige K\u00e4mpferin gegen jene, die Europa spalten wollen&#8221;. \u00c4hnlich argumentierte der Ministerpr\u00e4sident Nordrhein-Westfalens, Armin Laschet (CDU), der die Laudatio hielt:<\/p>\n<blockquote><p>Nicola Sturgeon ist eine leidenschaftliche K\u00e4mpferin und unerm\u00fcdliche Anw\u00e4ltin f\u00fcr Europa. In der Brexit-Debatte, die leider viel zu oft von Egoismen gepr\u00e4gt ist, ist sie eine wichtige Stimme der Vernunft. Sie tritt mit ihrer klaren Haltung f\u00fcr ein Europa ein, das seinen B\u00fcrgerinnen und B\u00fcrgern n\u00fctzt und Sicherheit in eine unruhige Welt bringt. Mit dem M100 Media Award wird ihr Engagement f\u00fcr ein geeintes Europa zu Recht gew\u00fcrdigt.<\/p><\/blockquote>\n<p>Diese Aussagen sind insofern interessant, da Sezessionismus, wie ihn auch Nicola Sturgeon vertritt, in S\u00fcdtirol und auch anderswo, oft automatisch mit Abgrenzung, Kleinstaaterei und Kleingeistigkeit verbunden und als Gegenmodell zur europ\u00e4ischen Integration angesehen wird. Es ist erfreulich, dass mittlerweile auch &#8220;etablierte Kreise&#8221; verstanden haben, dass dem nicht so ist bzw. zumindest nicht so sein muss. Schade ist, dass es f\u00fcr diese Erkenntnis den Brexit gebraucht hat. Denn beim schottischen Unabh\u00e4ngigkeitsreferendum 2014 waren aus Europa recht wenige Stimmen zu h\u00f6ren, die das schottische Engagement f\u00fcr Europa w\u00fcrdigten. Im Gegenteil. F\u00fcr den Fall einer Abspaltung wurde eher mit einem Ausscheiden aus der EU gedroht. Mittlerweile scheint Schottland wieder herzlich willkommen zu sein.<\/p>\n<p><strong><span style=\"font-family: Helvetica, Arial, sans-serif; text-transform: uppercase;\">C\u00ebla enghe:<\/span><\/strong> <a title=\"Sturgeon bereitet Johnson auf Indyref2 vor.\" href=\"http:\/\/www.brennerbasisdemokratie.eu\/?p=50287\"><code>01<\/code><\/a> <a title=\"Holyrood bekr\u00e4ftigt schottisches Brexit-Nein.\" href=\"http:\/\/www.brennerbasisdemokratie.eu\/?p=33685\"><code>02<\/code><\/a> <a title=\"Noch mehr \u00bbHinterw\u00e4ldler\u00ab.\" href=\"http:\/\/www.brennerbasisdemokratie.eu\/?p=21572\"><code>03<\/code><\/a> <a title=\"Eine Frage an Hans Heiss \u2026\" href=\"http:\/\/www.brennerbasisdemokratie.eu\/?p=50489\"><code>04<\/code><\/a> <span style=\"font-family: Helvetica, Arial, sans-serif; font-weight: normal;\">||<\/span> <a title=\"Schottisches Unabh\u00e4ngigkeitsreferendum angesetzt.\" href=\"https:\/\/www.brennerbasisdemokratie.eu\/?p=72867\" rel=\"\"><span style=\"color: #ff8c00\"><code>01<\/code><\/span><\/a><\/p>","protected":false},"excerpt":{"rendered":"<p>Das M100 Sanssouci Colloquium, ein hochkar\u00e4tiges internationales Medientreffen in Potsdam, hat die Erste Ministerin Schottlands, Nicola Sturgeon (SNP), mit dem heurigen M100 Media Award ausgezeichnet. Laut Organisatoren &#8220;versteht sich der symbolische Preis als &#8216;Preis der europ\u00e4ischen Presse&#8217;. Ausgezeichnet werden Pers\u00f6nlichkeiten, die durch ihr Schaffen in Europa und der Welt Spuren hinterlassen haben. Die Auszeichnung steht [&hellip;]<\/p>","protected":false},"author":8,"featured_media":0,"comment_status":"open","ping_status":"open","sticky":false,"template":"","format":"standard","meta":{"_crdt_document":"","ngg_post_thumbnail":0,"_jetpack_memberships_contains_paid_content":false,"footnotes":""},"categories":[1],"tags":[],"class_list":["post-51082","post","type-post","status-publish","format-standard","hentry","category-allgemein","entity-cdu-csu","entity-eu","entity-snp","entity-spd","issue-brexit","issue-good-news","issue-indyref1","issue-indyref2","issue-zitac","location-deutschland","location-europa","location-schottland","location-united-kingdom","language-deutsch","medium-bildzeitung","person-nicola-sturgeon","topic-democrazia","topic-engagement","topic-grundrechte","topic-kleinstaaten","topic-medien","topic-politik","topic-selbstbestimmung","topic-tagnacht"],"jetpack_featured_media_url":"","jetpack_sharing_enabled":true,"_links":{"self":[{"href":"https:\/\/www.brennerbasisdemokratie.eu\/index.php?rest_route=\/wp\/v2\/posts\/51082","targetHints":{"allow":["GET"]}}],"collection":[{"href":"https:\/\/www.brennerbasisdemokratie.eu\/index.php?rest_route=\/wp\/v2\/posts"}],"about":[{"href":"https:\/\/www.brennerbasisdemokratie.eu\/index.php?rest_route=\/wp\/v2\/types\/post"}],"author":[{"embeddable":true,"href":"https:\/\/www.brennerbasisdemokratie.eu\/index.php?rest_route=\/wp\/v2\/users\/8"}],"replies":[{"embeddable":true,"href":"https:\/\/www.brennerbasisdemokratie.eu\/index.php?rest_route=%2Fwp%2Fv2%2Fcomments&post=51082"}],"version-history":[{"count":19,"href":"https:\/\/www.brennerbasisdemokratie.eu\/index.php?rest_route=\/wp\/v2\/posts\/51082\/revisions"}],"predecessor-version":[{"id":95243,"href":"https:\/\/www.brennerbasisdemokratie.eu\/index.php?rest_route=\/wp\/v2\/posts\/51082\/revisions\/95243"}],"wp:attachment":[{"href":"https:\/\/www.brennerbasisdemokratie.eu\/index.php?rest_route=%2Fwp%2Fv2%2Fmedia&parent=51082"}],"wp:term":[{"taxonomy":"category","embeddable":true,"href":"https:\/\/www.brennerbasisdemokratie.eu\/index.php?rest_route=%2Fwp%2Fv2%2Fcategories&post=51082"},{"taxonomy":"post_tag","embeddable":true,"href":"https:\/\/www.brennerbasisdemokratie.eu\/index.php?rest_route=%2Fwp%2Fv2%2Ftags&post=51082"}],"curies":[{"name":"wp","href":"https:\/\/api.w.org\/{rel}","templated":true}]}}