{"id":51165,"date":"2019-09-25T12:55:56","date_gmt":"2019-09-25T10:55:56","guid":{"rendered":"http:\/\/www.brennerbasisdemokratie.eu\/?p=51165"},"modified":"2024-11-08T12:13:54","modified_gmt":"2024-11-08T11:13:54","slug":"etiketten-landtag-gegen-sprachgleichstellung","status":"publish","type":"post","link":"https:\/\/www.brennerbasisdemokratie.eu\/?p=51165","title":{"rendered":"Etiketten: Landtag gegen Sprachgleichstellung."},"content":{"rendered":"<p>Der Erste Gesetzgebungsausschuss des Landtags hat am 20. September den Gesetzentwurf Nr. 28\/19 (Ma\u00dfnahmen zur Gleichstellung der deutschen Sprache gem\u00e4\u00df Art. 99 des Autonomiestatutes) abgelehnt. Artikel 1 (Gleichstellung der deutschen Sprache beim Berufszugang) war im Lichte von Artikel 4 des sp\u00e4ter eingebrachten, doch ebenfalls am 20. September behandelten \u00bbEuropagesetzes\u00ab (Nr. 30\/19) obsolet geworden. Artikel 2 h\u00e4tte die Gleichstellung der deutschen Sprache im Handel \u2014 sprich bei der Etikettierung von Produkten \u2014 vorgesehen, wie sie die Handelskammer <a title=\"Sprache: Das Fass l\u00e4uft \u00fcber.\" href=\"http:\/\/www.brennerbasisdemokratie.eu\/?p=13150\">schon vor Jahren gefordert<\/a> hatte.<\/p>\n<p>F\u00fcr den Entwurf sprachen sich neben Miteinbringer Andreas Leiter Reber (<abbr title=\"Freiheitliche\">F<\/abbr>) auch Myriam Atz Tammerle (<abbr title=\"S\u00fcd-Tiroler Freiheit\">STF<\/abbr>) und Alex Ploner (<abbr title=\"Team K\">TK<\/abbr>) aus. S\u00e4mtliche Vertreterinnen der Regierungsmehrheit \u2014 Magdalena Amhof, Jasmin Ladurner, Gerhard Lanz (alle <abbr title=\"S\u00fcdtiroler Volkspartei\">SVP<\/abbr>) und Carlo Vettori <em>(Lega)<\/em> \u2014 stimmten jedoch dagegen. Sie sollen die Auffassung vertreten haben, dass die Produktetikettierung in die Zust\u00e4ndigkeit des Staates f\u00e4llt.<\/p>\n<p>Diese Begr\u00fcndung scheint mir jedoch absurd, da es nur um die Umsetzung einer Vorschrift aus dem Autonomiestatut geht, um die Klarstellung, dass Deutsch und Italienisch in S\u00fcdtirol gleichgestellt sind, wo das staatliche Gesetz nur auf die italienische Sprache Bezug nimmt.<\/p>\n<p>Au\u00dferdem h\u00e4tten SVP und <em>Lega<\/em> mit dem gleichen Argument \u2014 der staatlichen Zust\u00e4ndigkeit \u2014 ja auch gegen die Gleichstellung von Deutsch und Italienisch beim Berufszugang stimmen m\u00fcssen, die im eigenen \u00bbEuropagesetz\u00ab enthalten ist.<\/p>\n<p><strong><span style=\"font-family: Helvetica, Arial, sans-serif; text-transform: uppercase;\">C\u00ebla enghe:<\/span><\/strong> <a title=\"Landtag setzt sich f\u00fcr italienische Etiketten ein.\" href=\"http:\/\/www.brennerbasisdemokratie.eu\/?p=42715\"><code>01<\/code><\/a> <a title=\"Zweisprachige Kontrollen f\u00fcr einsprachige Etiketten.\" href=\"http:\/\/www.brennerbasisdemokratie.eu\/?p=43005\"><code>02<\/code><\/a> <a title=\"Verbraucherrechte dem \u00bbWettbewerbsvorteil\u00ab geopfert.\" href=\"http:\/\/www.brennerbasisdemokratie.eu\/?p=24393\"><code>03<\/code><\/a> <a title=\"Die \u00fcberklebte Landessprache.\" href=\"http:\/\/www.brennerbasisdemokratie.eu\/?p=22719\"><code>04<\/code><\/a> <a title=\"Die SVP und die Fassadensprache.\" href=\"http:\/\/www.brennerbasisdemokratie.eu\/?p=13892\"><code>05<\/code><\/a> <a title=\"Qualit\u00e4tszeichen \u2014 bedingt.\" href=\"http:\/\/www.brennerbasisdemokratie.eu\/?p=4243\"><code>06<\/code><\/a> <a title=\"Kurzbericht Katalonien: Etikettierung.\" href=\"http:\/\/www.brennerbasisdemokratie.eu\/?p=1246\"><code>07<\/code><\/a> <a title=\"Landtag: Deutsch vermutlich nicht n\u00f6tig.\" href=\"http:\/\/www.brennerbasisdemokratie.eu\/?p=50948\"><code>08<\/code><\/a> <a title=\"Landtag f\u00fcr Schaffung einer Sprachstelle.\" href=\"http:\/\/www.brennerbasisdemokratie.eu\/?p=50275\"><code>09<\/code><\/a> <a title=\"LR stellt deutsche Sprache in Berufen gleich.\" href=\"http:\/\/www.brennerbasisdemokratie.eu\/?p=49225\"><code>10<\/code><\/a> <span style=\"font-family: Helvetica, Arial, sans-serif; font-weight: normal;\">||<\/span> <a title=\"Marktkonformer Minderheitenschutz.\" href=\"http:\/\/www.brennerbasisdemokratie.eu\/?p=51203\"><span style=\"color: #ff8c00\"><code>01<\/code><\/span><\/a> <a title=\"Landtag will mehrsprachige Etikettierung.\" href=\"https:\/\/www.brennerbasisdemokratie.eu\/?p=88831\"><span style=\"color: #ff8c00\"><code>02<\/code><\/span><\/a><\/p>","protected":false},"excerpt":{"rendered":"<p>Der Erste Gesetzgebungsausschuss des Landtags hat am 20. September den Gesetzentwurf Nr. 28\/19 (Ma\u00dfnahmen zur Gleichstellung der deutschen Sprache gem\u00e4\u00df Art. 99 des Autonomiestatutes) abgelehnt. Artikel 1 (Gleichstellung der deutschen Sprache beim Berufszugang) war im Lichte von Artikel 4 des sp\u00e4ter eingebrachten, doch ebenfalls am 20. September behandelten \u00bbEuropagesetzes\u00ab (Nr. 30\/19) obsolet geworden. Artikel 2 [&hellip;]<\/p>","protected":false},"author":1,"featured_media":0,"comment_status":"open","ping_status":"open","sticky":false,"template":"","format":"standard","meta":{"_crdt_document":"","ngg_post_thumbnail":0,"_jetpack_memberships_contains_paid_content":false,"footnotes":""},"categories":[1],"tags":[],"class_list":["post-51165","post","type-post","status-publish","format-standard","hentry","category-allgemein","entity-freiheitliche","entity-handelskammer","entity-lega","entity-stf","entity-sudtiroler-landtag","entity-svp","entity-tk","issue-bilinguismo-negato","issue-produktetikettierung","location-sudtirolo","language-deutsch","person-andreas-leiter-reber","person-carlo-vettori","person-magdalena-amhof","person-myriam-atz-tammerle","topic-arbeit","topic-gesundheit","topic-minderheitenschutz","topic-plurilinguism","topic-politik","topic-recht","topic-verbraucherinnen","topic-vorzeigeautonomie","topic-wirtschaft","topic-zustaendigkeiten"],"jetpack_featured_media_url":"","jetpack_sharing_enabled":true,"_links":{"self":[{"href":"https:\/\/www.brennerbasisdemokratie.eu\/index.php?rest_route=\/wp\/v2\/posts\/51165","targetHints":{"allow":["GET"]}}],"collection":[{"href":"https:\/\/www.brennerbasisdemokratie.eu\/index.php?rest_route=\/wp\/v2\/posts"}],"about":[{"href":"https:\/\/www.brennerbasisdemokratie.eu\/index.php?rest_route=\/wp\/v2\/types\/post"}],"author":[{"embeddable":true,"href":"https:\/\/www.brennerbasisdemokratie.eu\/index.php?rest_route=\/wp\/v2\/users\/1"}],"replies":[{"embeddable":true,"href":"https:\/\/www.brennerbasisdemokratie.eu\/index.php?rest_route=%2Fwp%2Fv2%2Fcomments&post=51165"}],"version-history":[{"count":11,"href":"https:\/\/www.brennerbasisdemokratie.eu\/index.php?rest_route=\/wp\/v2\/posts\/51165\/revisions"}],"predecessor-version":[{"id":88841,"href":"https:\/\/www.brennerbasisdemokratie.eu\/index.php?rest_route=\/wp\/v2\/posts\/51165\/revisions\/88841"}],"wp:attachment":[{"href":"https:\/\/www.brennerbasisdemokratie.eu\/index.php?rest_route=%2Fwp%2Fv2%2Fmedia&parent=51165"}],"wp:term":[{"taxonomy":"category","embeddable":true,"href":"https:\/\/www.brennerbasisdemokratie.eu\/index.php?rest_route=%2Fwp%2Fv2%2Fcategories&post=51165"},{"taxonomy":"post_tag","embeddable":true,"href":"https:\/\/www.brennerbasisdemokratie.eu\/index.php?rest_route=%2Fwp%2Fv2%2Ftags&post=51165"}],"curies":[{"name":"wp","href":"https:\/\/api.w.org\/{rel}","templated":true}]}}