{"id":51855,"date":"2019-10-23T14:55:52","date_gmt":"2019-10-23T12:55:52","guid":{"rendered":"http:\/\/www.brennerbasisdemokratie.eu\/?p=51855"},"modified":"2023-04-10T22:14:36","modified_gmt":"2023-04-10T20:14:36","slug":"doppelpass-umfrage-der-gaismair-gesellschaft","status":"publish","type":"post","link":"https:\/\/www.brennerbasisdemokratie.eu\/?p=51855","title":{"rendered":"Doppelpass-Umfrage der Gaismair-Gesellschaft."},"content":{"rendered":"<p>Das Sozialforschungsinstitut <em>Apollis<\/em> hat im Auftrag der <em>Michael-Gaismair-Gesellschaft<\/em> eine repr\u00e4sentative Umfrage zum Thema der doppelten Staatsb\u00fcrgerinnenschaft f\u00fcr S\u00fcdtirolerinnen durchgef\u00fchrt. Befragt wurden hierzu im Fr\u00fchjahr dieses Jahres 700 Personen ab 18 Jahren.<\/p>\n<p>Demnach soll den sogenannten Doppelpass ein Viertel der Bev\u00f6lkerung f\u00fcr eine gute (20%) oder gar sehr gute (5%) Idee halten. Unter deutschsprachigen S\u00fcdtirolerinnen steigen diese Werte auf 22% respektive 6% (insgesamt 28%), bei den Ladinerinnen gar auf 35% und 6% (insgesamt 41%).<\/p>\n<p>F\u00fcr \u00bbeine problematische Idee\u00ab halten das Vorhaben 32% der S\u00fcdtirolerinnen, \u00bbv\u00f6llig abzulehnen\u00ab ist sie laut 31%. Selbst unter den Italienischsprachigen ist keine Mehrheit (47%) f\u00fcr die v\u00f6llige Ablehnung.<\/p>\n<p>Unter den Befragten gaben 12% (D: 13% &#8211; L: 12% &#8211; I: 9%) an, den Doppelpass \u00bbauf jeden Fall\u00ab beantragen zu wollen, wenn sie berechtigt w\u00e4ren, 22% (D: 23% &#8211; L: 37% &#8211; I: 17%) w\u00fcrden dies \u00bbunter Umst\u00e4nden\u00ab tun. Insgesamt 34% (D: 36% &#8211; L: 49% &#8211; I: 26%) k\u00f6nnten sich also zumindest vorstellen, die \u00f6sterreichische Staatsb\u00fcrgerinnenschaft anzunehmen. 60% (D: 58% &#8211; L: 46% &#8211; I: 68%) w\u00fcrden dies jedoch \u00bbsicher nicht\u00ab tun.<\/p>\n<p>Eine Beeintr\u00e4chtigung des Zusammenleben in S\u00fcdtirol bef\u00fcrchten durch die Verleihung des Doppelpasses 40% der Befragten. Gar keine Auswirkungen vermuten 36%, zehn Prozent gehen sogar von einer Verbesserung aus. Letzteres trifft erstaunlicherweise anteilsm\u00e4\u00dfig mehr bei Italienischsprachigen (14%), als bei Deutschsprachigen (9%) zu.<\/p>\n<p>Auf konkrete, absolute Zahlen<sup class=\"modern-footnotes-footnote modern-footnotes-footnote--hover-on-desktop \" data-mfn=\"1\" data-mfn-post-scope=\"00000000000007e30000000000000000_51855\"><a href=\"javascript:void(0)\"  role=\"button\" aria-pressed=\"false\" aria-describedby=\"mfn-content-00000000000007e30000000000000000_51855-1\">1<\/a><\/sup><span id=\"mfn-content-00000000000007e30000000000000000_51855-1\" role=\"tooltip\" class=\"modern-footnotes-footnote__note\" tabindex=\"0\" data-mfn=\"1\">Grundlage: 382.964 Wahlberechtigte bei der Landtagswahl 2018.<\/span> umgelegt, k\u00f6nnten sich also diesen Umfrageergebnissen zufolge rund 130.000 S\u00fcdtirolerinnen vorstellen, den \u00f6sterreichischen Pass zu beantragen, davon knapp 50.000 \u00bbauf jeden Fall\u00ab. Ob das viele oder wenige sind, h\u00e4ngt von der Perspektive ab.<\/p>\n<p>Wenigstens kann jetzt aber die Kaffeesudleserei beendet werden, ob das Ergebnis der letzten Landtagswahl unmittelbare R\u00fcckschl\u00fcsse auf das Interesse f\u00fcr den Doppelpass erlaubt.<\/p>\n<p><em><small>Das Forschungsprojekt fand unter der Leitung von em. Univ.-Prof. Dr. Max Haller, Dr. Hermann Atz, Univ.-Prof. DDr. G\u00fcnther Pallaver und Univ.-Prof Dr. Francesco Palermo statt.<\/small><\/em><\/p>\n<p><strong><span style=\"font-family: Helvetica, Arial, sans-serif; text-transform: uppercase;\">C\u00ebla enghe:<\/span><\/strong> <a title=\"Doppelpass ber\u00fchrt \u00bb\u00fcberhaupt nicht\u00ab.\" href=\"http:\/\/www.brennerbasisdemokratie.eu\/?p=43723\"><code>01<\/code><\/a> <a title=\"L\u2019inchiesta sulla doppia cittadinanza.\" href=\"http:\/\/www.brennerbasisdemokratie.eu\/?p=44538\"><code>02<\/code><\/a> <a title=\"Immer wieder toter Doppelpass.\" href=\"http:\/\/www.brennerbasisdemokratie.eu\/?p=48736\"><code>03<\/code><\/a> <a title=\"Weder Doppel-, noch EU-Pass.\" href=\"http:\/\/www.brennerbasisdemokratie.eu\/?p=49702\"><code>04<\/code><\/a> <a title=\"Doppia cittadinanza e sudtirolesit\u00e0.\" href=\"http:\/\/www.brennerbasisdemokratie.eu\/?p=42985\"><code>05<\/code><\/a> <a title=\"Zur Doppelpass-Umfrage.\" href=\"http:\/\/www.brennerbasisdemokratie.eu\/?p=41372\"><code>06<\/code><\/a> <a title=\"Mehrfachstaatsb\u00fcrgerschaften in Europa.\" href=\"http:\/\/www.brennerbasisdemokratie.eu\/?p=39941\"><code>07<\/code><\/a> <a title=\"Ein Nicht-Thema mit Potential zum Weltuntergang.\" href=\"http:\/\/www.brennerbasisdemokratie.eu\/?p=37704\"><code>08<\/code><\/a> <a title=\"Doppelpass, Aufruf zur Besonnenheit.\" href=\"http:\/\/www.brennerbasisdemokratie.eu\/?p=38486\"><code>09<\/code><\/a> <span style=\"font-family: Helvetica, Arial, sans-serif; font-weight: normal;\">||<\/span> <a title=\"Doppelpass, Diskussion beendet?\" href=\"http:\/\/www.brennerbasisdemokratie.eu\/?p=51871\"><span style=\"color: #ff8c00\"><code>01<\/code><\/span><\/a> <a title=\"Doppelpassbef\u00fcrworter: jung, hochgebildet und zweisprachig.\" href=\"http:\/\/www.brennerbasisdemokratie.eu\/?p=51918\"><span style=\"color: #ff8c00\"><code>02<\/code><\/span><\/a> <a title=\"Trend zur Toleranz von Doppelp\u00e4ssen.\" href=\"http:\/\/www.brennerbasisdemokratie.eu\/?p=51970\"><span style=\"color: #ff8c00\"><code>03<\/code><\/span><\/a> <a title=\"Doppelpass: Die inoes-Petition.\" href=\"http:\/\/www.brennerbasisdemokratie.eu\/?p=52251\"><span style=\"color: #ff8c00\"><code>04<\/code><\/span><\/a> <a title=\"Welche P\u00e4sse in Nordirland?\" href=\"http:\/\/www.brennerbasisdemokratie.eu\/?p=54586\"><span style=\"color: #ff8c00\"><code>05<\/code><\/span><\/a><small><\/small><\/p>\n<ul class=\"modern-footnotes-list modern-footnotes-list--show-only-for-print\"><li><span>1<\/span><div>Grundlage: 382.964 Wahlberechtigte bei der Landtagswahl 2018.<\/div><\/li><\/ul>","protected":false},"excerpt":{"rendered":"<p>Das Sozialforschungsinstitut Apollis hat im Auftrag der Michael-Gaismair-Gesellschaft eine repr\u00e4sentative Umfrage zum Thema der doppelten Staatsb\u00fcrgerinnenschaft f\u00fcr S\u00fcdtirolerinnen durchgef\u00fchrt. Befragt wurden hierzu im Fr\u00fchjahr dieses Jahres 700 Personen ab 18 Jahren. Demnach soll den sogenannten Doppelpass ein Viertel der Bev\u00f6lkerung f\u00fcr eine gute (20%) oder gar sehr gute (5%) Idee halten. Unter deutschsprachigen S\u00fcdtirolerinnen steigen [&hellip;]<\/p>","protected":false},"author":1,"featured_media":0,"comment_status":"open","ping_status":"open","sticky":false,"template":"","format":"standard","meta":{"_crdt_document":"","ngg_post_thumbnail":0,"_jetpack_memberships_contains_paid_content":false,"footnotes":""},"categories":[1],"tags":[],"class_list":["post-51855","post","type-post","status-publish","format-standard","hentry","category-allgemein","entity-apollis","issue-doppia-cittadinanza","issue-landtagswahl-2018","location-osterreich","location-sudtirolo","language-deutsch","person-francesco-palermo","person-gunther-pallaver","person-hermann-atz","topic-kohasion","topic-politik","topic-statistik"],"jetpack_featured_media_url":"","jetpack_sharing_enabled":true,"_links":{"self":[{"href":"https:\/\/www.brennerbasisdemokratie.eu\/index.php?rest_route=\/wp\/v2\/posts\/51855","targetHints":{"allow":["GET"]}}],"collection":[{"href":"https:\/\/www.brennerbasisdemokratie.eu\/index.php?rest_route=\/wp\/v2\/posts"}],"about":[{"href":"https:\/\/www.brennerbasisdemokratie.eu\/index.php?rest_route=\/wp\/v2\/types\/post"}],"author":[{"embeddable":true,"href":"https:\/\/www.brennerbasisdemokratie.eu\/index.php?rest_route=\/wp\/v2\/users\/1"}],"replies":[{"embeddable":true,"href":"https:\/\/www.brennerbasisdemokratie.eu\/index.php?rest_route=%2Fwp%2Fv2%2Fcomments&post=51855"}],"version-history":[{"count":37,"href":"https:\/\/www.brennerbasisdemokratie.eu\/index.php?rest_route=\/wp\/v2\/posts\/51855\/revisions"}],"predecessor-version":[{"id":73517,"href":"https:\/\/www.brennerbasisdemokratie.eu\/index.php?rest_route=\/wp\/v2\/posts\/51855\/revisions\/73517"}],"wp:attachment":[{"href":"https:\/\/www.brennerbasisdemokratie.eu\/index.php?rest_route=%2Fwp%2Fv2%2Fmedia&parent=51855"}],"wp:term":[{"taxonomy":"category","embeddable":true,"href":"https:\/\/www.brennerbasisdemokratie.eu\/index.php?rest_route=%2Fwp%2Fv2%2Fcategories&post=51855"},{"taxonomy":"post_tag","embeddable":true,"href":"https:\/\/www.brennerbasisdemokratie.eu\/index.php?rest_route=%2Fwp%2Fv2%2Ftags&post=51855"}],"curies":[{"name":"wp","href":"https:\/\/api.w.org\/{rel}","templated":true}]}}