{"id":52064,"date":"2019-10-26T23:55:24","date_gmt":"2019-10-26T21:55:24","guid":{"rendered":"http:\/\/www.brennerbasisdemokratie.eu\/?p=52064"},"modified":"2024-03-02T15:30:23","modified_gmt":"2024-03-02T14:30:23","slug":"umgebetteter-diktator","status":"publish","type":"post","link":"https:\/\/www.brennerbasisdemokratie.eu\/?p=52064","title":{"rendered":"Umgebetteter Diktator."},"content":{"rendered":"<p>Nicht ohne f\u00fcr h\u00e4ssliche Bilder zu sorgen ist es der spanischen Regierung von Pedro S\u00e1nchez (<abbr title=\"Partido Socialista Obrero Espa\u00f1ol\">PSOE<\/abbr>) wie geplant gelungen, die Reste von Diktator Francisco Franco am 24. Oktober vom <em>Valle de los Ca\u00eddos<\/em> in den <em>Mingorrubio<\/em>-Friedhof zu verlegen. Damit ist der heikle Schritt noch vor der Neuwahl vom 10. November vollzogen.<\/p>\n<p>Lange 44 Jahre hatte der Diktator in dem eigens erbauten Monumentalbau gelegen.<\/p>\n<p>Eine Verlegung seiner Reste in die zentrale Almudena-Kathedrale hatte ein Gericht noch rechtzeitig verhindert.<\/p>\n<p>Vor Ort wurde die Umbettung zwar von der zust\u00e4ndigen Justizministerin Dolores Delgado pers\u00f6nlich beaufsichtigt, doch die Anwesenheit von Nostalgikerinnen mit einschl\u00e4gigen Spruchb\u00e4ndern und franquistischer Symbolik wurde nicht verhindert. Eine vollst\u00e4ndige TV-Live\u00fcbertragung rief zudem Reminiszenzen an ein Staatsbegr\u00e4bnis hervor. Francos Verwandte hatten sogar versucht, den Sarg mit einer franquistischen Staatsflagge zu drapieren.<\/p>\n<p>Einen handfesten Skandal verursachte die Tatsache, dass die Mannschaft des Heereshubschraubers, mit dem der Sarg nach <em>Mingorrubio<\/em> geflogen wurde, vor dem Neffen des Diktators salutierte und ihm somit milit\u00e4rische Ehren erwies.<\/p>\n<p>Trotz alledem ist die Verlegung nat\u00fcrlich ein Schritt in die richtige Richtung.<\/p>\n<p><strong><span style=\"font-family: Helvetica, Arial, sans-serif; text-transform: uppercase;\">C\u00ebla enghe:<\/span><\/strong> <a title=\"I resti di Franco verso il trasferimento.\" href=\"http:\/\/www.brennerbasisdemokratie.eu\/?p=51193\"><code>01<\/code><\/a> <a title=\"\u2018Duque de Franco\u2019, successione riuscita.\" href=\"http:\/\/www.brennerbasisdemokratie.eu\/?p=41715\"><code>02<\/code><\/a> <a title=\"Francisco Franco muss weichen.\" href=\"http:\/\/www.brennerbasisdemokratie.eu\/?p=34645\"><code>03<\/code><\/a> <a title=\"Far saltare in aria il \u00abValle de los Ca\u00ed\u00addos\u00bb?\" href=\"http:\/\/www.brennerbasisdemokratie.eu\/?p=30331\"><code>04<\/code><\/a> <span style=\"font-family: Helvetica, Arial, sans-serif; font-weight: normal;\">||<\/span> <a title=\"Trasferita la salma del fascista Primo de Rivera.\" href=\"https:\/\/www.brennerbasisdemokratie.eu\/?p=78016\"><span style=\"color: #ff8c00\"><code>01<\/code><\/span><\/a><\/p>","protected":false},"excerpt":{"rendered":"<p>Nicht ohne f\u00fcr h\u00e4ssliche Bilder zu sorgen ist es der spanischen Regierung von Pedro S\u00e1nchez (PSOE) wie geplant gelungen, die Reste von Diktator Francisco Franco am 24. Oktober vom Valle de los Ca\u00eddos in den Mingorrubio-Friedhof zu verlegen. Damit ist der heikle Schritt noch vor der Neuwahl vom 10. November vollzogen. Lange 44 Jahre hatte [&hellip;]<\/p>","protected":false},"author":1,"featured_media":0,"comment_status":"open","ping_status":"open","sticky":false,"template":"","format":"standard","meta":{"_crdt_document":"","ngg_post_thumbnail":0,"_jetpack_memberships_contains_paid_content":false,"footnotes":""},"categories":[1],"tags":[],"class_list":["post-52064","post","type-post","status-publish","format-standard","hentry","category-allgemein","entity-psoe","issue-geschichtsaufarbeitung","issue-good-news","location-spania","language-deutsch","person-pedro-sanchez","topic-faschismen","topic-militar"],"jetpack_featured_media_url":"","jetpack_sharing_enabled":true,"_links":{"self":[{"href":"https:\/\/www.brennerbasisdemokratie.eu\/index.php?rest_route=\/wp\/v2\/posts\/52064","targetHints":{"allow":["GET"]}}],"collection":[{"href":"https:\/\/www.brennerbasisdemokratie.eu\/index.php?rest_route=\/wp\/v2\/posts"}],"about":[{"href":"https:\/\/www.brennerbasisdemokratie.eu\/index.php?rest_route=\/wp\/v2\/types\/post"}],"author":[{"embeddable":true,"href":"https:\/\/www.brennerbasisdemokratie.eu\/index.php?rest_route=\/wp\/v2\/users\/1"}],"replies":[{"embeddable":true,"href":"https:\/\/www.brennerbasisdemokratie.eu\/index.php?rest_route=%2Fwp%2Fv2%2Fcomments&post=52064"}],"version-history":[{"count":14,"href":"https:\/\/www.brennerbasisdemokratie.eu\/index.php?rest_route=\/wp\/v2\/posts\/52064\/revisions"}],"predecessor-version":[{"id":84131,"href":"https:\/\/www.brennerbasisdemokratie.eu\/index.php?rest_route=\/wp\/v2\/posts\/52064\/revisions\/84131"}],"wp:attachment":[{"href":"https:\/\/www.brennerbasisdemokratie.eu\/index.php?rest_route=%2Fwp%2Fv2%2Fmedia&parent=52064"}],"wp:term":[{"taxonomy":"category","embeddable":true,"href":"https:\/\/www.brennerbasisdemokratie.eu\/index.php?rest_route=%2Fwp%2Fv2%2Fcategories&post=52064"},{"taxonomy":"post_tag","embeddable":true,"href":"https:\/\/www.brennerbasisdemokratie.eu\/index.php?rest_route=%2Fwp%2Fv2%2Ftags&post=52064"}],"curies":[{"name":"wp","href":"https:\/\/api.w.org\/{rel}","templated":true}]}}