{"id":52110,"date":"2019-10-27T20:14:10","date_gmt":"2019-10-27T19:14:10","guid":{"rendered":"http:\/\/www.brennerbasisdemokratie.eu\/?p=52110"},"modified":"2026-01-29T10:31:36","modified_gmt":"2026-01-29T09:31:36","slug":"sudtirolo-und-rechtfertigung-von-repression","status":"publish","type":"post","link":"https:\/\/www.brennerbasisdemokratie.eu\/?p=52110","title":{"rendered":"Sudtirolo und Rechtfertigung von Repression."},"content":{"rendered":"<p>Die <em>ff<\/em> hat mit dem Bozner Journalisten Marco Angelucci ein Gespr\u00e4ch gef\u00fchrt. Er hatte anl\u00e4sslich der <a title=\"Il nome del Sudtirolo.\" href=\"http:\/\/www.brennerbasisdemokratie.eu\/?p=51768\"><em>\u00bbA.-Adige\u00ab<\/em>-Geschichte<\/a> f\u00fcr die staatsweite Ausgabe des <em>Corriere della Sera<\/em> einen Artikel geschrieben, in dem er die Gleichstellung der deutschen Sprache zur Einschreibung von \u00c4rztinnen in die S\u00fcdtiroler Berufskammer <a title=\"Deutschsprachige \u00c4rztinnen: Sezessionsgefahr.\" href=\"http:\/\/www.brennerbasisdemokratie.eu\/?p=51680\">als Gefahr darstellt.<\/a><\/p>\n<p><a title=\"Landesbezeichnung, \u00bbfigurative\u00ab Politik.\" href=\"http:\/\/www.brennerbasisdemokratie.eu\/?p=51795\">Wie schon Christian Pfeifer von der SWZ<\/a>, ist auch er der Meinung, dass S\u00fcdtirol mit der Ersetzung von <em>\u00bbA. Adige\u00ab<\/em> in zwei Gesetzesartikeln eine <em>\u00bbbrutta figura\u00ab<\/em> gemacht habe. Das neue Ma\u00df der Dinge ist die Figur.<\/p>\n<p>Dar\u00fcber hinaus beweist er in dem Gespr\u00e4ch, dass auch er nicht zwischen der Nichtamtlichkeit einer Bezeichnung und ihrem Verbot unterscheiden kann.<\/p>\n<p>Dann sagt er:<\/p>\n<blockquote><p>[\u2026] Wir sind die einzige Region in Europa, die so ein Gesetz macht. Dass man es dann auch noch auf eine solche Art macht, ist ein unglaubliches Eigentor. Du siehst doch, was in Katalonien passiert.<\/p>\n<p><strong>Was meinst du?<\/strong><br \/>\nWenn jemand den Staat herausfordert, dann f\u00e4llt die Antwort des Staates sehr kr\u00e4ftig aus. S\u00fcdtirol darf nicht zu viel zocken. [\u2026]<\/p><\/blockquote>\n<p>Ich halte das f\u00fcr eine haarstr\u00e4ubende Rechtfertigung von <a title=\"Una svolta inquietante nella Spagna postfranchista.\" href=\"http:\/\/www.brennerbasisdemokratie.eu\/?p=51703\">v\u00f6llig \u00fcberzogener Repression<\/a>, die in einer Demokratie nichts verloren hat. Wer hier mit dem Finger auf Katalonien zeigt, um S\u00fcdtirol zu drohen, ist eindeutig auf dem Holzweg. Die angeblich harmlosen Tolomei-Reinw\u00e4scher sind so unproblematisch nicht \u2014 das zeigt Angeluccis Artikel im <em>Corriere<\/em> ohnehin ganz konkret. Er versucht dort, die Aufmerksamkeit im Staat gegen die Gleichberechtigung der Landessprachen Deutsch und Italienisch zu lenken. \u00bbSehr kr\u00e4ftige\u00ab Antworten findet er dann ja offenbar normal.<\/p>\n<p>Der Umgang mit W\u00f6rtern und Bezeichnungen ist eben doch ein bedeutender Indikator.<\/p>\n<p><strong><span style=\"font-family: Helvetica, Arial, sans-serif; text-transform: uppercase;\">C\u00ebla enghe:<\/span><\/strong> <a title=\"Dorfmann: \u00bbJeder andere Staat w\u00fcrde dasselbe tun.\u00ab\" href=\"http:\/\/www.brennerbasisdemokratie.eu\/?p=40150\"><code>01<\/code><\/a> <a title=\"Nur die Verfassung verteidigen.\" href=\"http:\/\/www.brennerbasisdemokratie.eu\/?p=40447\"><code>02<\/code><\/a> <a title=\"Ulrich Ladurners abermaliger Rundumschlag.\" href=\"http:\/\/www.brennerbasisdemokratie.eu\/?p=40430\"><code>03<\/code><\/a> <a title=\"Europ\u00e4ische Repression als Vorbild. F\u00fcr China.\" href=\"http:\/\/www.brennerbasisdemokratie.eu\/?p=51745\"><code>04<\/code><\/a> <a title=\"Tajani: Indipendentisti? In Italia, l\u2019ergastolo.\" href=\"http:\/\/www.brennerbasisdemokratie.eu\/?p=50307\"><code>05<\/code><\/a>&nbsp;<span style=\"font-family: Helvetica, Arial, sans-serif; font-weight: normal;\">||<\/span> <a title=\"Meister im Zur\u00fcckrudern.\" href=\"http:\/\/www.brennerbasisdemokratie.eu\/?p=52292\"><span style=\"color: #ff8c00\"><code>01<\/code><\/span><\/a><\/p>","protected":false},"excerpt":{"rendered":"<p>Die ff hat mit dem Bozner Journalisten Marco Angelucci ein Gespr\u00e4ch gef\u00fchrt. Er hatte anl\u00e4sslich der \u00bbA.-Adige\u00ab-Geschichte f\u00fcr die staatsweite Ausgabe des Corriere della Sera einen Artikel geschrieben, in dem er die Gleichstellung der deutschen Sprache zur Einschreibung von \u00c4rztinnen in die S\u00fcdtiroler Berufskammer als Gefahr darstellt. Wie schon Christian Pfeifer von der SWZ, ist [&hellip;]<\/p>","protected":false},"author":1,"featured_media":0,"comment_status":"open","ping_status":"open","sticky":false,"template":"","format":"standard","meta":{"_crdt_document":"","ngg_post_thumbnail":0,"_jetpack_memberships_contains_paid_content":false,"footnotes":""},"categories":[1],"tags":[],"class_list":["post-52110","post","type-post","status-publish","format-standard","hentry","category-allgemein","issue-zitac","location-catalunya","location-italy","location-sudtirolo","language-deutsch","medium-corriere","medium-ff","person-ettore-tolomei","person-marco-angelucci","topic-democrazia","topic-gesundheit","topic-grundrechte","topic-medien","topic-minderheitenschutz","topic-ortsnamen","topic-plurilinguism","topic-politik","topic-repression"],"jetpack_featured_media_url":"","jetpack_sharing_enabled":true,"_links":{"self":[{"href":"https:\/\/www.brennerbasisdemokratie.eu\/index.php?rest_route=\/wp\/v2\/posts\/52110","targetHints":{"allow":["GET"]}}],"collection":[{"href":"https:\/\/www.brennerbasisdemokratie.eu\/index.php?rest_route=\/wp\/v2\/posts"}],"about":[{"href":"https:\/\/www.brennerbasisdemokratie.eu\/index.php?rest_route=\/wp\/v2\/types\/post"}],"author":[{"embeddable":true,"href":"https:\/\/www.brennerbasisdemokratie.eu\/index.php?rest_route=\/wp\/v2\/users\/1"}],"replies":[{"embeddable":true,"href":"https:\/\/www.brennerbasisdemokratie.eu\/index.php?rest_route=%2Fwp%2Fv2%2Fcomments&post=52110"}],"version-history":[{"count":13,"href":"https:\/\/www.brennerbasisdemokratie.eu\/index.php?rest_route=\/wp\/v2\/posts\/52110\/revisions"}],"predecessor-version":[{"id":97730,"href":"https:\/\/www.brennerbasisdemokratie.eu\/index.php?rest_route=\/wp\/v2\/posts\/52110\/revisions\/97730"}],"wp:attachment":[{"href":"https:\/\/www.brennerbasisdemokratie.eu\/index.php?rest_route=%2Fwp%2Fv2%2Fmedia&parent=52110"}],"wp:term":[{"taxonomy":"category","embeddable":true,"href":"https:\/\/www.brennerbasisdemokratie.eu\/index.php?rest_route=%2Fwp%2Fv2%2Fcategories&post=52110"},{"taxonomy":"post_tag","embeddable":true,"href":"https:\/\/www.brennerbasisdemokratie.eu\/index.php?rest_route=%2Fwp%2Fv2%2Ftags&post=52110"}],"curies":[{"name":"wp","href":"https:\/\/api.w.org\/{rel}","templated":true}]}}