{"id":52128,"date":"2019-10-28T11:32:45","date_gmt":"2019-10-28T10:32:45","guid":{"rendered":"http:\/\/www.brennerbasisdemokratie.eu\/?p=52128"},"modified":"2026-02-12T13:09:06","modified_gmt":"2026-02-12T12:09:06","slug":"neue-beschilderung-am-bahnhof-brenner","status":"publish","type":"post","link":"https:\/\/www.brennerbasisdemokratie.eu\/?p=52128","title":{"rendered":"Neue Beschilderung am Bahnhof Brenner."},"content":{"rendered":"<p>Am 16. Mai hatte <abbr title=\"Landeshauptmann\/-frau\">LH<\/abbr> Arno Kompatscher (<abbr title=\"S\u00fcdtiroler Volkspartei\">SVP<\/abbr>) auf die <a title=\"Landtagsanfrage Nr. 181\/19.\" href=\"http:\/\/www.brennerbasisdemokratie.eu\/wp-content\/uploads\/2019\/08\/rfi_anfrage_181-19.pdf\">Landtagsanfrage Nr. 181\/19<\/a> vom 14. M\u00e4rz <a title=\"Bhf. Franzensfeste: LReg. ahnungslos.\" href=\"http:\/\/www.brennerbasisdemokratie.eu\/?p=50765\">geantwortet<\/a>, die f\u00fcr den <abbr title=\"\u00d6ffentlicher Personennahverkehr\">\u00d6PNV<\/abbr> zust\u00e4ndige Landesregierung verf\u00fcge bez\u00fcglich der <a title=\"Gesetzwidrige neue Bahnhofbeschilderung.\" href=\"http:\/\/www.brennerbasisdemokratie.eu\/?p=47183\">gesetzwidrigen Beschilderung am Bahnhof Franzensfeste<\/a> \u00fcber keinerlei Informationen. Zwei Monate sind ja auch ein viel zu kurzer Zeitraum, um Nachforschungen zu betreiben. Wom\u00f6glich m\u00fcsste man daf\u00fcr sogar das Landhaus verlassen.<\/p>\n<p>Weitere vier Monate und eine weitere Landtagsanfrage (334\/19) sp\u00e4ter <a title=\"RFI will Bahnhofsschilder tauschen.\" href=\"http:\/\/www.brennerbasisdemokratie.eu\/?p=51028\">lie\u00df der LH endlich wissen<\/a>, dass der Schienennetzbetreiber <abbr title=\"Rete Ferroviaria Italiana\">RFI<\/abbr> die Schilder austauschen werde. Frist: keine.<\/p>\n<p>An welchen anderen Bahnh\u00f6fen bereits ein \u00e4hnlich gesetzwidriges Leitsystem montiert worden ist, konnte er aber noch immer nicht beantworten. Bis heute \u2014 weit \u00fcber ein halbes Jahr nach der ersten Anfrage \u2014 wurde diese Auskunft auch nicht nachgereicht.<\/p>\n<p>Damit nicht etwa doch noch Mitarbeiterinnen des zust\u00e4ndigen Mobilit\u00e4tsressorts von Daniel Alfreider (SVP) irgendwann bis zum Brenner fahren (oder bei der Gemeinde Brenner nachfragen) m\u00fcssen, vermelde ich hiermit: dort, am Grenzbahnhof, ist dies zum Beispiel der Fall, wie unter anderem die folgenden Bilder zeigen.<\/p>\n<blockquote><p><img loading=\"lazy\" decoding=\"async\" class=\"aligncenter size-full wp-image-52130\" src=\"http:\/\/www.brennerbasisdemokratie.eu\/wp-content\/uploads\/2019\/10\/rfi_brenner_schild1.jpg\" alt=\"\" width=\"768\" height=\"478\"\/><\/p><\/blockquote>\n<p>Anders als in Franzensfeste wurden die deutschsprachigen Informationen hier auf den gelben Schildern nicht nur mit einer deutlich d\u00fcnneren Strichst\u00e4rke, sondern auch in viel kleinerer Schriftgr\u00f6\u00dfe angebracht. Dem Wegweiser zum Stumpfgleis musste ich mich etwa stark ann\u00e4hern, bis ich erkennen konnte, ob das darunter \u00fcberhaupt die \u00dcbersetzung in deutscher Sprache sein soll.<\/p>\n<blockquote><p><img loading=\"lazy\" decoding=\"async\" class=\"aligncenter size-full wp-image-52131\" src=\"http:\/\/www.brennerbasisdemokratie.eu\/wp-content\/uploads\/2019\/10\/rfi_brenner_schild2.jpg\" alt=\"\" width=\"963\" height=\"404\" srcset=\"https:\/\/www.brennerbasisdemokratie.eu\/wp-content\/uploads\/2019\/10\/rfi_brenner_schild2.jpg 963w, https:\/\/www.brennerbasisdemokratie.eu\/wp-content\/uploads\/2019\/10\/rfi_brenner_schild2-768x322.jpg 768w\" sizes=\"auto, (max-width: 963px) 100vw, 963px\" \/><\/p><\/blockquote>\n<p>Die jeweiligen Gleise wurden zudem in TRS und TRN (f\u00fcr die italienische Bezeichnung <em>\u00bbTronco Sud\u00ab<\/em> und <em>\u00bbTronco Nord\u00ab)<\/em> umbenannt.<\/p>\n<p>Ich bin zuversichtlich, dass das irgendwann sogar die Landesregierung erfahren wird. Im Laufe der n\u00e4chsten Jahre k\u00f6nnen wir unter Umst\u00e4nden sogar damit rechnen, dass die Situation wieder in Ordnung gebracht wird \u2014 inzwischen kann sich RFI dann ja <a title=\"RFI-Zerm\u00fcrbungstaktik.\" href=\"http:\/\/www.brennerbasisdemokratie.eu\/?p=7747\">die n\u00e4chsten Dem\u00fctigungen<\/a> einfallen lassen.<\/p>\n<p><strong><span style=\"font-family: Helvetica, Arial, sans-serif; text-transform: uppercase;\">C\u00ebla enghe:<\/span><\/strong> <a title=\"Kreativit\u00e4tspreis.\" href=\"http:\/\/www.brennerbasisdemokratie.eu\/?p=631\"><code>01<\/code><\/a> <a title=\"Bhf. Franzensfeste.\" href=\"http:\/\/www.brennerbasisdemokratie.eu\/?p=679\"><code>02<\/code><\/a> <a title=\"Bhf. Bozen.\" href=\"http:\/\/www.brennerbasisdemokratie.eu\/?p=719\"><code>03<\/code><\/a> <a title=\"Unter Landesaugen.\" href=\"http:\/\/www.brennerbasisdemokratie.eu\/?p=4565\"><code>04<\/code><\/a> <a title=\"Der Mai\u2026 macht was er will.\" href=\"http:\/\/www.brennerbasisdemokratie.eu\/?p=5016\"><code>05<\/code><\/a>&nbsp;<span style=\"font-family: Helvetica, Arial, sans-serif; font-weight: normal;\">||<\/span> <a title=\"Auch die STA minorisiert die deutsche Sprache.\" href=\"http:\/\/www.brennerbasisdemokratie.eu\/?p=52789\"><span style=\"color: #ff8c00\"><code>01<\/code><\/span><\/a> <a title=\"RFI: Sicherheitshinweise nicht auf Deutsch.\" href=\"https:\/\/www.brennerbasisdemokratie.eu\/?p=57360\"><span style=\"color: #ff8c00\"><code>02<\/code><\/span><\/a> <a title=\"Noch mehr gesetzwidrige Bahnhofsschilder.\" href=\"https:\/\/www.brennerbasisdemokratie.eu\/?p=58850\"><span style=\"color:#ff8c00; text-decoration:underline; text-decoration-color:#ff8c00; text-decoration-thickness:3px;\"><code>03<\/code><\/span><\/a> <a title=\"Bahnhofsschilder: \u00d6BB lassen S\u00fcdtirol alt aussehen.\" href=\"https:\/\/www.brennerbasisdemokratie.eu\/?p=88013\"><span style=\"color: #ff8c00\"><code>04<\/code><\/span><\/a> <a title=\"Bonjour? Gerne, aber nicht in Flandern.\" href=\"https:\/\/www.brennerbasisdemokratie.eu\/?p=91096\"><span style=\"color: #ff8c00\"><code>05<\/code><\/span><\/a> <a title=\"Franzensfeste: i reiterati soprusi di RFI.\" href=\"https:\/\/www.brennerbasisdemokratie.eu\/?p=97707\"><span style=\"color:#ff8c00; text-decoration:underline; text-decoration-color:#ff8c00; text-decoration-thickness:3px;\"><code>06<\/code><\/span><\/a> <a title=\"RFI: Deutsche Durchsagen mit Tolomeis Ortsnamen.\" href=\"https:\/\/www.brennerbasisdemokratie.eu\/?p=98098\"><span style=\"color: #ff8c00\"><code>07<\/code><\/span><\/a><\/p>","protected":false},"excerpt":{"rendered":"<p>Am 16. Mai hatte LH Arno Kompatscher (SVP) auf die Landtagsanfrage Nr. 181\/19 vom 14. M\u00e4rz geantwortet, die f\u00fcr den \u00d6PNV zust\u00e4ndige Landesregierung verf\u00fcge bez\u00fcglich der gesetzwidrigen Beschilderung am Bahnhof Franzensfeste \u00fcber keinerlei Informationen. Zwei Monate sind ja auch ein viel zu kurzer Zeitraum, um Nachforschungen zu betreiben. Wom\u00f6glich m\u00fcsste man daf\u00fcr sogar das Landhaus [&hellip;]<\/p>","protected":false},"author":1,"featured_media":0,"comment_status":"open","ping_status":"open","sticky":false,"template":"","format":"standard","meta":{"_crdt_document":"","ngg_post_thumbnail":0,"_jetpack_memberships_contains_paid_content":false,"footnotes":""},"categories":[1],"tags":[],"class_list":["post-52128","post","type-post","status-publish","format-standard","hentry","category-allgemein","entity-rfi","entity-svp","issue-bilinguismo-negato","issue-italianizzazione","location-sudtirolo","language-deutsch","person-arno-kompatscher","person-daniel-alfreider","topic-minorisaziun","topic-nationalismus","topic-ov","topic-plurilinguism","topic-politik","topic-recherche","topic-recht","topic-servicepublic","topic-sprachpfusch","topic-vorzeigeautonomie"],"jetpack_featured_media_url":"","jetpack_sharing_enabled":true,"_links":{"self":[{"href":"https:\/\/www.brennerbasisdemokratie.eu\/index.php?rest_route=\/wp\/v2\/posts\/52128","targetHints":{"allow":["GET"]}}],"collection":[{"href":"https:\/\/www.brennerbasisdemokratie.eu\/index.php?rest_route=\/wp\/v2\/posts"}],"about":[{"href":"https:\/\/www.brennerbasisdemokratie.eu\/index.php?rest_route=\/wp\/v2\/types\/post"}],"author":[{"embeddable":true,"href":"https:\/\/www.brennerbasisdemokratie.eu\/index.php?rest_route=\/wp\/v2\/users\/1"}],"replies":[{"embeddable":true,"href":"https:\/\/www.brennerbasisdemokratie.eu\/index.php?rest_route=%2Fwp%2Fv2%2Fcomments&post=52128"}],"version-history":[{"count":22,"href":"https:\/\/www.brennerbasisdemokratie.eu\/index.php?rest_route=\/wp\/v2\/posts\/52128\/revisions"}],"predecessor-version":[{"id":98103,"href":"https:\/\/www.brennerbasisdemokratie.eu\/index.php?rest_route=\/wp\/v2\/posts\/52128\/revisions\/98103"}],"wp:attachment":[{"href":"https:\/\/www.brennerbasisdemokratie.eu\/index.php?rest_route=%2Fwp%2Fv2%2Fmedia&parent=52128"}],"wp:term":[{"taxonomy":"category","embeddable":true,"href":"https:\/\/www.brennerbasisdemokratie.eu\/index.php?rest_route=%2Fwp%2Fv2%2Fcategories&post=52128"},{"taxonomy":"post_tag","embeddable":true,"href":"https:\/\/www.brennerbasisdemokratie.eu\/index.php?rest_route=%2Fwp%2Fv2%2Ftags&post=52128"}],"curies":[{"name":"wp","href":"https:\/\/api.w.org\/{rel}","templated":true}]}}