{"id":52188,"date":"2019-10-28T22:53:59","date_gmt":"2019-10-28T21:53:59","guid":{"rendered":"http:\/\/www.brennerbasisdemokratie.eu\/?p=52188"},"modified":"2019-10-29T09:00:13","modified_gmt":"2019-10-29T08:00:13","slug":"selbstanzeigen-zum-1-o","status":"publish","type":"post","link":"https:\/\/www.brennerbasisdemokratie.eu\/?p=52188","title":{"rendered":"Selbstanzeigen zum 1-O."},"content":{"rendered":"<p>\u00bbIch war am 20. September 2017 auch bei den Protesten, f\u00fcr die Jordi Cuixart und Jordi S\u00e0nchez zu neun Jahren Haft verurteilt wurden. Und ich habe an der Abstimmung vom 1. Oktober 2017 teilgenommen, f\u00fcr die andere Haftstrafen von bis zu 13 Jahren absitzen m\u00fcssen.\u00ab<\/p>\n<p>Lange Schlangen hatten sich heute vor der sogenannten \u00bbGerichtsstadt\u00ab <em>(Ciutat de la Just\u00edcia)<\/em> in Barcelona gebildet, wo sich hunderte Leute mit Gest\u00e4ndnissen wie jenem hier oben selbst anzeigen wollten. Wenn die Anf\u00fchrerinnen der Unabh\u00e4ngigkeitsbewegung <a title=\"100 Jahre f\u00fcr ein Referendum.\" href=\"http:\/\/www.brennerbasisdemokratie.eu\/?p=51551\">wegen Aufruhrs verurteilt<\/a> worden seien, k\u00f6nnten sie unm\u00f6glich allein schuldig sein. Vielmehr m\u00fcssten dann alle mit zur Verantwortung gezogen werden, die an jenen Tagen an den Kundgebungen und an der Abstimmung teilgenommen hatten.<\/p>\n<p>Nach wenigen Stunden beschloss das Gericht \u2014 nach Auffassung von Expertinnen widerrechtlich \u2014 die Selbstanzeigen auf 25 t\u00e4glich zu beschr\u00e4nken. Viele Katalaninnen haben aber einmal mehr ihre Solidarit\u00e4t und eine beeindruckende Furchtlosigkeit vor allf\u00e4lligen Verfolgungsma\u00dfnahmen bewiesen. Je mehr Menschen sich anzeigen, desto schwieriger wird es f\u00fcr die Beh\u00f6rden, einzelne zu bestrafen.<\/p>\n<p><strong><span style=\"font-family: Helvetica, Arial, sans-serif; text-transform: uppercase;\">C\u00ebla enghe:<\/span><\/strong> <a title=\"1-O: \u2018Internationale Juristenkommission\u2019 h\u00e4lt Urteil f\u00fcr menschenrechtswidrig.\" href=\"http:\/\/www.brennerbasisdemokratie.eu\/?p=51604\"><code>01<\/code><\/a> <a title=\"Barcellona rifiuta la sentenza.\" href=\"http:\/\/www.brennerbasisdemokratie.eu\/?p=52080\"><code>02<\/code><\/a> <a title=\"Spanien-Italien und die Menschenrechte.\" href=\"http:\/\/www.brennerbasisdemokratie.eu\/?p=51757\"><code>03<\/code><\/a> <a title=\"9N: Selbstanzeigen laufen.\" href=\"http:\/\/www.brennerbasisdemokratie.eu\/?p=22027\"><code>04<\/code><\/a> <a title=\"Hunderttausende fordern Freiheit f\u00fcr politische Gefangene.\" href=\"http:\/\/www.brennerbasisdemokratie.eu\/?p=37487\"><code>05<\/code><\/a><\/p>","protected":false},"excerpt":{"rendered":"<p>\u00bbIch war am 20. September 2017 auch bei den Protesten, f\u00fcr die Jordi Cuixart und Jordi S\u00e0nchez zu neun Jahren Haft verurteilt wurden. Und ich habe an der Abstimmung vom 1. Oktober 2017 teilgenommen, f\u00fcr die andere Haftstrafen von bis zu 13 Jahren absitzen m\u00fcssen.\u00ab Lange Schlangen hatten sich heute vor der sogenannten \u00bbGerichtsstadt\u00ab (Ciutat [&hellip;]<\/p>","protected":false},"author":1,"featured_media":0,"comment_status":"open","ping_status":"open","sticky":false,"template":"","format":"standard","meta":{"_crdt_document":"","ngg_post_thumbnail":0,"_jetpack_memberships_contains_paid_content":false,"footnotes":""},"categories":[1],"tags":[],"class_list":["post-52188","post","type-post","status-publish","format-standard","hentry","category-allgemein","issue-good-news","issue-1o2017","location-catalunya","language-deutsch","person-carme-forcadell","person-jordi-cuixart","person-jordi-sanchez","person-oriol-junqueras","topic-politik","topic-recht","topic-repression","topic-selbstbestimmung","topic-ungehorsam"],"jetpack_featured_media_url":"","jetpack_sharing_enabled":true,"_links":{"self":[{"href":"https:\/\/www.brennerbasisdemokratie.eu\/index.php?rest_route=\/wp\/v2\/posts\/52188","targetHints":{"allow":["GET"]}}],"collection":[{"href":"https:\/\/www.brennerbasisdemokratie.eu\/index.php?rest_route=\/wp\/v2\/posts"}],"about":[{"href":"https:\/\/www.brennerbasisdemokratie.eu\/index.php?rest_route=\/wp\/v2\/types\/post"}],"author":[{"embeddable":true,"href":"https:\/\/www.brennerbasisdemokratie.eu\/index.php?rest_route=\/wp\/v2\/users\/1"}],"replies":[{"embeddable":true,"href":"https:\/\/www.brennerbasisdemokratie.eu\/index.php?rest_route=%2Fwp%2Fv2%2Fcomments&post=52188"}],"version-history":[{"count":2,"href":"https:\/\/www.brennerbasisdemokratie.eu\/index.php?rest_route=\/wp\/v2\/posts\/52188\/revisions"}],"predecessor-version":[{"id":52195,"href":"https:\/\/www.brennerbasisdemokratie.eu\/index.php?rest_route=\/wp\/v2\/posts\/52188\/revisions\/52195"}],"wp:attachment":[{"href":"https:\/\/www.brennerbasisdemokratie.eu\/index.php?rest_route=%2Fwp%2Fv2%2Fmedia&parent=52188"}],"wp:term":[{"taxonomy":"category","embeddable":true,"href":"https:\/\/www.brennerbasisdemokratie.eu\/index.php?rest_route=%2Fwp%2Fv2%2Fcategories&post=52188"},{"taxonomy":"post_tag","embeddable":true,"href":"https:\/\/www.brennerbasisdemokratie.eu\/index.php?rest_route=%2Fwp%2Fv2%2Ftags&post=52188"}],"curies":[{"name":"wp","href":"https:\/\/api.w.org\/{rel}","templated":true}]}}