{"id":52292,"date":"2019-10-31T19:36:16","date_gmt":"2019-10-31T18:36:16","guid":{"rendered":"http:\/\/www.brennerbasisdemokratie.eu\/?p=52292"},"modified":"2023-01-27T21:42:21","modified_gmt":"2023-01-27T20:42:21","slug":"meister-im-zuruckrudern","status":"publish","type":"post","link":"https:\/\/www.brennerbasisdemokratie.eu\/?p=52292","title":{"rendered":"Meister im Zur\u00fcckrudern."},"content":{"rendered":"<p>Just an dem Tag, an dem der Erste Gesetzgebungsausschuss des Landtags vor der italienweiten Hetz- und Desinformationskampagne kuscht \u2014 und beschlie\u00dft, den Begriff <em>\u00bbA. Adige\u00ab<\/em> wieder ins Europagesetz zu flicken \u2014 legen f\u00fcnf Landtagsabgeordnete des <em>Teams K<\/em> in Sachen Doppelpass eine zweite Kehrtwende hin. Geirrt will sich die <abbr title=\"S\u00fcdtiroler Volkspartei\">SVP<\/abbr> haben, als sie die <a title=\"A. Adige klingt besser &amp; melodischer.\" href=\"http:\/\/www.brennerbasisdemokratie.eu\/?p=51532\">vorbelastete italienische Landesbezeichnung<\/a> in zwei Gesetzesartikeln ohne Konzept durch <em>\u00bbprovincia autonoma di Bolzano\u00ab<\/em> ersetzte. Und <a title=\"Doppelpass? Nein, danke. Aber her damit.\" href=\"http:\/\/www.brennerbasisdemokratie.eu\/?p=52270\">geirrt haben sich offenbar auch <em>alle<\/em> Mandatarinnen des <em>Teams<\/em> beim Unterschreiben von Briefen.<\/a> Einem, Gr\u00fcnder Paul K\u00f6llensperger, war es schon im Herbst 2017 passiert, den \u00fcbrigen jetzt. Sapperlot!<\/p>\n<p>Wenn S\u00fcdtiroler Parteien bei so heiklen \u2014 wenn schon nicht wichtigen \u2014 Themen keine klare Linie haben, f\u00fcr die sie dann auch bereit sind, Widrigkeiten durchzustehen, beweist das nur ihre Beliebigkeit. Der Zickzackkurs, das Hinterherlaufen, das sich von anderen vor sich her treiben Lassen wird damit wohl kaum beendet sein. Nicht gerade zum Wohle des politischen Klimas.<\/p>\n<p><strong><span style=\"font-family: Helvetica, Arial, sans-serif; text-transform: uppercase;\">C\u00ebla enghe:<\/span><\/strong> <a title=\"Doppelpass: Die inoes-Petition.\" href=\"http:\/\/www.brennerbasisdemokratie.eu\/?p=52251\"><code>01<\/code><\/a> <a title=\"Sudtirolo und Rechtfertigung von Repression.\" href=\"http:\/\/www.brennerbasisdemokratie.eu\/?p=52110\"><code>02<\/code><\/a> <a title=\"Trend zur Toleranz von Doppelp\u00e4ssen.\" href=\"http:\/\/www.brennerbasisdemokratie.eu\/?p=51970\"><code>03<\/code><\/a> <a title=\"Doppelpass, Diskussion beendet?\" href=\"http:\/\/www.brennerbasisdemokratie.eu\/?p=51871\"><code>04<\/code><\/a> <a title=\"Il nome del Sudtirolo.\" href=\"http:\/\/www.brennerbasisdemokratie.eu\/?p=51768\"><code>05<\/code><\/a> <a title=\"A. Adige, le solite priorit\u00e0.\" href=\"http:\/\/www.brennerbasisdemokratie.eu\/?p=51544\"><code>06<\/code><\/a> <a title=\"Wiederauferstehung von Ettore Tolomei.\" href=\"http:\/\/www.brennerbasisdemokratie.eu\/?p=48096\"><code>07<\/code><\/a> <a title=\"K\u00f6llensperger e l\u2019autodeterminazione.\" href=\"http:\/\/www.brennerbasisdemokratie.eu\/?p=17693\"><code>08<\/code><\/a>\u00a0<span style=\"font-family: Helvetica, Arial, sans-serif; font-weight: normal;\">||<\/span> <a title=\"Gesundheit: Verl\u00e4ngerung der befristeten Vertr\u00e4ge zur\u00fcckgenommen.\" href=\"http:\/\/www.brennerbasisdemokratie.eu\/?p=53807\"><span style=\"color: #ff8c00\"><code>01<\/code><\/span><\/a><\/p>","protected":false},"excerpt":{"rendered":"<p>Just an dem Tag, an dem der Erste Gesetzgebungsausschuss des Landtags vor der italienweiten Hetz- und Desinformationskampagne kuscht \u2014 und beschlie\u00dft, den Begriff \u00bbA. Adige\u00ab wieder ins Europagesetz zu flicken \u2014 legen f\u00fcnf Landtagsabgeordnete des Teams K in Sachen Doppelpass eine zweite Kehrtwende hin. Geirrt will sich die SVP haben, als sie die vorbelastete italienische [&hellip;]<\/p>","protected":false},"author":1,"featured_media":0,"comment_status":"open","ping_status":"open","sticky":false,"template":"","format":"standard","meta":{"_crdt_document":"","ngg_post_thumbnail":0,"_jetpack_memberships_contains_paid_content":false,"footnotes":""},"categories":[1],"tags":[],"class_list":["post-52292","post","type-post","status-publish","format-standard","hentry","category-allgemein","entity-5sb","entity-sudtiroler-landtag","entity-svp","entity-tk","issue-doppia-cittadinanza","location-italy","location-osterreich","location-sudtirolo","language-deutsch","person-paul-kollensperger","topic-democrazia","topic-kohasion","topic-medien","topic-politik","topic-vorzeigeautonomie"],"jetpack_featured_media_url":"","jetpack_sharing_enabled":true,"_links":{"self":[{"href":"https:\/\/www.brennerbasisdemokratie.eu\/index.php?rest_route=\/wp\/v2\/posts\/52292","targetHints":{"allow":["GET"]}}],"collection":[{"href":"https:\/\/www.brennerbasisdemokratie.eu\/index.php?rest_route=\/wp\/v2\/posts"}],"about":[{"href":"https:\/\/www.brennerbasisdemokratie.eu\/index.php?rest_route=\/wp\/v2\/types\/post"}],"author":[{"embeddable":true,"href":"https:\/\/www.brennerbasisdemokratie.eu\/index.php?rest_route=\/wp\/v2\/users\/1"}],"replies":[{"embeddable":true,"href":"https:\/\/www.brennerbasisdemokratie.eu\/index.php?rest_route=%2Fwp%2Fv2%2Fcomments&post=52292"}],"version-history":[{"count":9,"href":"https:\/\/www.brennerbasisdemokratie.eu\/index.php?rest_route=\/wp\/v2\/posts\/52292\/revisions"}],"predecessor-version":[{"id":76507,"href":"https:\/\/www.brennerbasisdemokratie.eu\/index.php?rest_route=\/wp\/v2\/posts\/52292\/revisions\/76507"}],"wp:attachment":[{"href":"https:\/\/www.brennerbasisdemokratie.eu\/index.php?rest_route=%2Fwp%2Fv2%2Fmedia&parent=52292"}],"wp:term":[{"taxonomy":"category","embeddable":true,"href":"https:\/\/www.brennerbasisdemokratie.eu\/index.php?rest_route=%2Fwp%2Fv2%2Fcategories&post=52292"},{"taxonomy":"post_tag","embeddable":true,"href":"https:\/\/www.brennerbasisdemokratie.eu\/index.php?rest_route=%2Fwp%2Fv2%2Ftags&post=52292"}],"curies":[{"name":"wp","href":"https:\/\/api.w.org\/{rel}","templated":true}]}}