{"id":5233,"date":"2010-06-08T20:47:49","date_gmt":"2010-06-08T18:47:49","guid":{"rendered":"http:\/\/www.brennerbasisdemokratie.eu\/?p=5233"},"modified":"2025-05-26T11:50:01","modified_gmt":"2025-05-26T09:50:01","slug":"unabhangigkeitsreferendum-nimmt-erste-hurde","status":"publish","type":"post","link":"https:\/\/www.brennerbasisdemokratie.eu\/?p=5233","title":{"rendered":"Selbstbestimmung nimmt erste H\u00fcrde."},"content":{"rendered":"<p>In Katalonien geht es derzeit wieder einmal Schlag auf Schlag: Nach dem <a title=\"Befragungen in Katalonien ein voller Erfolg.\" href=\"http:\/\/www.brennerbasisdemokratie.eu\/?p=3995\" target=\"_self\" rel=\"noopener noreferrer\">Erfolg der selbstverwalteten Unabh\u00e4ngigkeitsreferenda<\/a> wurden k\u00fcrzlich zwei Volksinitiativen beim katalanischen Parlament hinterlegt, mit denen die Durchf\u00fchrung einer bindenden Volksbefragung \u00fcber die Losl\u00f6sung von Spanien beantragt wird. Erst Anfang des laufenden Jahres hatte sich Katalonien das Gesetz zur direkten Demokratie gegeben, auf welches sich die Initiativen jetzt berufen.<\/p>\n<p>Heute hatte die zust\u00e4ndige Kommission des katalanischen Parlaments \u00fcber die Zul\u00e4ssigkeit der Volksinitiativen zu befinden. W\u00e4hrend eine davon abgelehnt wurde, da die Selbstbestimmung derzeit nicht in die Zust\u00e4ndigkeiten Kataloniens falle, wurde der zweiten stattgegeben. Die Fragestellung der Initiative, welche unter anderen vom <em><a title=\"Cercle d'Estudis Sobiranistes.\" href=\"http:\/\/www.brennerbasisdemokratie.eu\/?p=800\" target=\"_self\" rel=\"noopener noreferrer\">Cercle d&#8217;Estudis Sobiranistes<\/a><\/em> (CES) unterst\u00fctzt wird, wurde so formuliert, dass sie eine Kompetenz\u00fcberschreitung a priori ausschlie\u00dft. Die B\u00fcrger sollen per Referendum dar\u00fcber befinden, ob sie damit einverstanden sind, <em>dass das katalanische Parlament alle ihm zustehenden Initiativen ergreift, um den W\u00e4hlerwillen umzusetzen, Katalonien in einen unabh\u00e4ngigen, demokratischen und sozialen Rechtsstaat innerhalb der Europ\u00e4ischen Union zu verwandeln<\/em>. Diese Formulierung klingt ganz nach einem <a title=\"Wiki: Ei des Kolumbus.\" href=\"http:\/\/de.wikipedia.org\/wiki\/Ei_des_Kolumbus\" target=\"_blank\" rel=\"noopener noreferrer\">Kolumbus-Ei<\/a>; einmal mehr geben sich die Katalanen nicht damit zufrieden, dass etwas unm\u00f6glich erscheint, und versuchen auch mittels juristischer Spitzfindigkeiten, ihrem Willen einen Weg zu bahnen.<\/p>\n<p>Mit einer \u00e4hnlichen Formulierung w\u00e4re es vermutlich auch in S\u00fcdtirol m\u00f6glich, schon jetzt ein \u00bbUnabh\u00e4ngigkeitsreferendum\u00ab durchzuf\u00fchren \u2014 so es nicht als verfassungsfeindlich (nicht zu verwechseln mit: verfassungswidrig) eingestuft w\u00fcrde.<\/p>\n<p>Im katalanischen Parlament stimmten die Zentrumspartei CiU, die linke ERC sowie die <em>Gr\u00fcnen<\/em> (ICV) f\u00fcr die Legitimit\u00e4t der Initiative. ICV sprach von einem \u00bblegalen und legitimen\u00ab Vorsto\u00df. Die Sozialisten und die rechtskonservative Volkspartei lehnten den Antrag ab.<\/p>\n<p>Streng genommen handelt es sich bei der Volksabstimmung freilich nicht um ein vollwertiges, sofort bindendes Unabh\u00e4ngigkeitsreferendum. Im Falle einer Zustimmung w\u00e4re das katalanische Parlament jedoch dazu gezwungen, entsprechende Verhandlungen mit dem Zentralstaat aufzunehmen. Dar\u00fcber hinaus w\u00e4re aber vor allem die politische Signalwirkung enorm; es w\u00e4re demokratisch problematisch, ein gegebenenfalls eindeutiges Votum f\u00fcr die Losl\u00f6sung von Spanien einfach zu \u00fcbergehen.<\/p>\n<p>Nachdem die Volksinitiative die erste H\u00fcrde genommen hat, haben die Promotoren bis zu acht Monate Zeit, die Unterschriften von mindestens 3 Prozent der Stimmberechtigten zu sammeln. Es gibt verschiedene Ansichten dar\u00fcber, ob Spanien die Durchf\u00fchrung der Abstimmung tats\u00e4chlich zulassen wird. Wichtige Verfassungsrechtler sowie ein Rechtsgutachten des CES best\u00e4tigen aber, dass die legalen Voraussetzungen daf\u00fcr bestehen.<\/p>","protected":false},"excerpt":{"rendered":"<p>In Katalonien geht es derzeit wieder einmal Schlag auf Schlag: Nach dem Erfolg der selbstverwalteten Unabh\u00e4ngigkeitsreferenda wurden k\u00fcrzlich zwei Volksinitiativen beim katalanischen Parlament hinterlegt, mit denen die Durchf\u00fchrung einer bindenden Volksbefragung \u00fcber die Losl\u00f6sung von Spanien beantragt wird. Erst Anfang des laufenden Jahres hatte sich Katalonien das Gesetz zur direkten Demokratie gegeben, auf welches sich [&hellip;]<\/p>","protected":false},"author":1,"featured_media":0,"comment_status":"open","ping_status":"open","sticky":false,"template":"","format":"standard","meta":{"_crdt_document":"","ngg_post_thumbnail":0,"_jetpack_memberships_contains_paid_content":false,"footnotes":""},"categories":[1],"tags":[],"class_list":["post-5233","post","type-post","status-publish","format-standard","hentry","category-allgemein","entity-erc","entity-verc","issue-good-news","location-catalunya","location-spania","language-deutsch","topic-comparatio","topic-politik","topic-selbstbestimmung"],"jetpack_featured_media_url":"","jetpack_sharing_enabled":true,"_links":{"self":[{"href":"https:\/\/www.brennerbasisdemokratie.eu\/index.php?rest_route=\/wp\/v2\/posts\/5233","targetHints":{"allow":["GET"]}}],"collection":[{"href":"https:\/\/www.brennerbasisdemokratie.eu\/index.php?rest_route=\/wp\/v2\/posts"}],"about":[{"href":"https:\/\/www.brennerbasisdemokratie.eu\/index.php?rest_route=\/wp\/v2\/types\/post"}],"author":[{"embeddable":true,"href":"https:\/\/www.brennerbasisdemokratie.eu\/index.php?rest_route=\/wp\/v2\/users\/1"}],"replies":[{"embeddable":true,"href":"https:\/\/www.brennerbasisdemokratie.eu\/index.php?rest_route=%2Fwp%2Fv2%2Fcomments&post=5233"}],"version-history":[{"count":13,"href":"https:\/\/www.brennerbasisdemokratie.eu\/index.php?rest_route=\/wp\/v2\/posts\/5233\/revisions"}],"predecessor-version":[{"id":92442,"href":"https:\/\/www.brennerbasisdemokratie.eu\/index.php?rest_route=\/wp\/v2\/posts\/5233\/revisions\/92442"}],"wp:attachment":[{"href":"https:\/\/www.brennerbasisdemokratie.eu\/index.php?rest_route=%2Fwp%2Fv2%2Fmedia&parent=5233"}],"wp:term":[{"taxonomy":"category","embeddable":true,"href":"https:\/\/www.brennerbasisdemokratie.eu\/index.php?rest_route=%2Fwp%2Fv2%2Fcategories&post=5233"},{"taxonomy":"post_tag","embeddable":true,"href":"https:\/\/www.brennerbasisdemokratie.eu\/index.php?rest_route=%2Fwp%2Fv2%2Ftags&post=5233"}],"curies":[{"name":"wp","href":"https:\/\/api.w.org\/{rel}","templated":true}]}}