{"id":5243,"date":"2010-06-10T19:14:39","date_gmt":"2010-06-10T17:14:39","guid":{"rendered":"http:\/\/www.brennerbasisdemokratie.eu\/?p=5243"},"modified":"2019-02-27T18:23:55","modified_gmt":"2019-02-27T17:23:55","slug":"gleichschaltung","status":"publish","type":"post","link":"https:\/\/www.brennerbasisdemokratie.eu\/?p=5243","title":{"rendered":"Gleichschaltung."},"content":{"rendered":"<p><img loading=\"lazy\" decoding=\"async\" class=\"alignright size-full wp-image-5253\" title=\"Trauerflor\" src=\"http:\/\/www.brennerbasisdemokratie.eu\/wp-content\/uploads\/2010\/06\/trauerflor.png\" alt=\"Trauerflor\" width=\"59\" height=\"94\" \/>Der Senat der italienischen Republik hat heute dem sogenannten <a title=\"Maulkorb.\" href=\"http:\/\/www.brennerbasisdemokratie.eu\/?p=5069\" target=\"_self\" rel=\"noopener noreferrer\">Maulkorbgesetz<\/a> zugestimmt, welches einerseits das wichtige Ermittlungsinstrument der Abh\u00f6rungen und andererseits die Freiheit der Journalisten drastisch einschr\u00e4nkt. Die Regierung hatte durch die Vertrauensfrage verhindert, dass sich die Senatoren inhaltlich mit dem Gesetz befassen k\u00f6nnen. Die Opposition hat w\u00e4hrend der Abstimmung aus Protest den Saal verlassen, w\u00e4hrend der Staatspr\u00e4sident bereits hat anklingen lassen, dass er die Vorlage unterzeichnen wird.<\/p>\n<p><img class=\"bbdlogo\" src=\"https:\/\/www.brennerbasisdemokratie.eu\/wp-content\/uploads\/bbdsmileys\/bbde.png\"> legt den Trauerflor an, w\u00e4hrend Unabh\u00e4ngigkeit und Freiheit von Presse und Justiz zu Grabe getragen werden. Die italienische Journalistinnenenkammer stellt eine Verbindung zu Gleichschaltungsgesetzen von 1925 her, aber in S\u00fcdtirol herrschen gro\u00dfteils Gleichg\u00fcltigkeit und Apathie. Auch bei den Kr\u00e4ften, die uns Italien regelm\u00e4\u00dfig als unersetzlichen Garanten f\u00fcr Freiheit und Transparenz verkaufen.<\/p>","protected":false},"excerpt":{"rendered":"<p>Der Senat der italienischen Republik hat heute dem sogenannten Maulkorbgesetz zugestimmt, welches einerseits das wichtige Ermittlungsinstrument der Abh\u00f6rungen und andererseits die Freiheit der Journalisten drastisch einschr\u00e4nkt. Die Regierung hatte durch die Vertrauensfrage verhindert, dass sich die Senatoren inhaltlich mit dem Gesetz befassen k\u00f6nnen. Die Opposition hat w\u00e4hrend der Abstimmung aus Protest den Saal verlassen, w\u00e4hrend [&hellip;]<\/p>","protected":false},"author":1,"featured_media":0,"comment_status":"open","ping_status":"open","sticky":false,"template":"","format":"standard","meta":{"_crdt_document":"","ngg_post_thumbnail":0,"_jetpack_memberships_contains_paid_content":false,"footnotes":""},"categories":[1],"tags":[],"class_list":["post-5243","post","type-post","status-publish","format-standard","hentry","category-allgemein","location-italy","location-sudtirolo","language-deutsch","topic-faschismen","topic-medien","topic-politik","topic-recht"],"jetpack_featured_media_url":"","jetpack_sharing_enabled":true,"_links":{"self":[{"href":"https:\/\/www.brennerbasisdemokratie.eu\/index.php?rest_route=\/wp\/v2\/posts\/5243","targetHints":{"allow":["GET"]}}],"collection":[{"href":"https:\/\/www.brennerbasisdemokratie.eu\/index.php?rest_route=\/wp\/v2\/posts"}],"about":[{"href":"https:\/\/www.brennerbasisdemokratie.eu\/index.php?rest_route=\/wp\/v2\/types\/post"}],"author":[{"embeddable":true,"href":"https:\/\/www.brennerbasisdemokratie.eu\/index.php?rest_route=\/wp\/v2\/users\/1"}],"replies":[{"embeddable":true,"href":"https:\/\/www.brennerbasisdemokratie.eu\/index.php?rest_route=%2Fwp%2Fv2%2Fcomments&post=5243"}],"version-history":[{"count":12,"href":"https:\/\/www.brennerbasisdemokratie.eu\/index.php?rest_route=\/wp\/v2\/posts\/5243\/revisions"}],"predecessor-version":[{"id":46791,"href":"https:\/\/www.brennerbasisdemokratie.eu\/index.php?rest_route=\/wp\/v2\/posts\/5243\/revisions\/46791"}],"wp:attachment":[{"href":"https:\/\/www.brennerbasisdemokratie.eu\/index.php?rest_route=%2Fwp%2Fv2%2Fmedia&parent=5243"}],"wp:term":[{"taxonomy":"category","embeddable":true,"href":"https:\/\/www.brennerbasisdemokratie.eu\/index.php?rest_route=%2Fwp%2Fv2%2Fcategories&post=5243"},{"taxonomy":"post_tag","embeddable":true,"href":"https:\/\/www.brennerbasisdemokratie.eu\/index.php?rest_route=%2Fwp%2Fv2%2Ftags&post=5243"}],"curies":[{"name":"wp","href":"https:\/\/api.w.org\/{rel}","templated":true}]}}