{"id":52601,"date":"2019-11-04T15:10:14","date_gmt":"2019-11-04T14:10:14","guid":{"rendered":"http:\/\/www.brennerbasisdemokratie.eu\/?p=52601"},"modified":"2025-10-21T13:10:38","modified_gmt":"2025-10-21T11:10:38","slug":"der-missgluckte-druckkopf","status":"publish","type":"post","link":"https:\/\/www.brennerbasisdemokratie.eu\/?p=52601","title":{"rendered":"Der missgl\u00fcckte Druckkopf."},"content":{"rendered":"<p>Am Samstag h\u00e4tte ich dringend einen Druckkopf f\u00fcr den Plotter ben\u00f6tigt, da der alte Druckkopf \u2014 obwohl noch gar nicht so alt \u2014 ausgefallen war. Nachdem ich in Brixen nicht f\u00fcndig geworden war, beschloss ich, mich nach Bozen zu begeben. Und ich beschloss auch, dies mit einem Sprachexperiment zu verbinden, also zu schauen, wie weit ich mit der (hierzulande angeblich dominanten) deutschen Sprache kommen w\u00fcrde. Ihr ahnt es schon.<\/p>\n<h6>Vorspann (kurz)<\/h6>\n<p>Zun\u00e4chst habe ich bei der <em>Metro<\/em> angerufen, einem Unternehmen, dessen internationaler Hauptsitz in D\u00fcsseldorf liegt. Ich konnte mich dunkel daran erinnern, dort (in Bozen) einmal einen Druckkopf gekauft zu haben, vielleicht war es auch nur eine Tintenpatrone.<br \/>\nJedenfalls konnte mir die Mitarbeiterin am Telefon keine Auskunft erteilen, weil sie mich nicht verstand \u2014 insbesondere den Begriff des Druckkopfs. Irgendwann wollte sie mich an jemand anderen weiterleiten, doch stattdessen legte sie auf. Ich rief nicht nochmal an.<\/p>\n<h6>1. Akt<\/h6>\n<p>Nachdem ich pers\u00f6nlich zur <em>Metro<\/em> gegangen war, wo es den gesuchten Druckkopf nicht gab, beschloss ich, mich \u2014 in Begleitung eines Freundes \u2014 zur nahen <em>MediaWorld<\/em> zu begeben. Auf meine Frage nach dem gesuchten Produkt wurde ich gefragt, ob ich das denn nicht auf Englisch wiederholen k\u00f6nnte. Konnte ich <em>(print head),<\/em> doch damit war der Angestellte leider sprachlich auch \u00fcberfordert.<\/p>\n<p>Nachdem er (wortlos) f\u00fcr mehrere Minuten verschwunden war \u2014 ich dachte zuerst, er sei gefl\u00fcchtet \u2014, kehrte er triumphierend mit einem Kollegen wieder, der angeblich Deutsch verstehen sollte. Mit dem Begriff <em>\u00bbDruckkopf\u00ab<\/em> konnte auch er nichts anfangen, doch mein wiederholtes <em>\u00bbprint head\u00ab<\/em> \u00fcbersetzte er seinem Kollegen dann als <em>\u00bbcartuccia\u00ab<\/em> (Tintenpatrone).<\/p>\n<p>Erst als ich gesagt hatte, dass ich keine Tintenpatrone suchte, versuchte er eine w\u00f6rtliche \u00dcbersetzung und landete bei <em>\u00bbtesta della stampante\u00ab, <\/em>was der zweite dann korrekt als <em>\u00bbtestina di stampa\u00ab<\/em> interpretierte, um mir wiederum falsch mitzuteilen, dass sich der Druckkopf immer auf der Tintenpatrone befindet.<\/p>\n<p>Druck-KOPF \u2013 print HEAD \u2013 TESTINA di stampa, so unterschiedlich sind die Begriffe in den drei Sprachen eigentlich nicht.<\/p>\n<h6>2. Akt<\/h6>\n<p>Nach dem missgl\u00fcckten Kauf wollten wir noch beim <em>Loacker<\/em> im <em>Twenty<\/em> einen Kaffee trinken. Die Bestellung an der Kassa verlief so:<\/p>\n<p>Ich: Hallo, einen Macchiato, bitte!<br \/>\nKassierer: Un macchiato. Per Lei?<br \/>\nMein Freund: F\u00fcr mich auch einen Macchiato.<br \/>\nKassierer: ???<br \/>\nMein Freund: Auch einen Macchiato.<br \/>\nKassierer: Latte macchiato?<br \/>\nMein Freund: Auch einen Macchiato\u2026<br \/>\nKassierer: ???<br \/>\nMein Freund: Einen Macchiato!<br \/>\nKassierer: Due? Due macchiati?<\/p>\n<p>Zum Gl\u00fcck hei\u00dft der Macchiato auch auf Deutsch Macchiato und nicht irgendwie anders, sonst w\u00e4re die Bestellung ohne Italienisch v\u00f6llig unm\u00f6glich gewesen. Da ist es nat\u00fcrlich eine Anma\u00dfung, von jemandem zu verlangen, dass er mit dem Wort \u00bbDruckkopf\u00ab etwas anfangen kann.<\/p>\n<p>Aber eine Gleichstellung oder gar F\u00f6rderung der deutschen Sprache im Konsumentinnenschutz brauchen wir in S\u00fcdtirol anscheinend nicht.<\/p>\n<p><strong><span style=\"font-family: Helvetica, Arial, sans-serif; text-transform: uppercase;\">C\u00ebla enghe:<\/span><\/strong> <a title=\"MediaWorld &amp; Co.\" href=\"http:\/\/www.brennerbasisdemokratie.eu\/?p=6022\"><span style=\"text-decoration:underline; text-decoration-color:#4372a6; text-decoration-thickness:3px;\"><code>01<\/code><\/span><\/a> <a title=\"Twenty.\" href=\"https:\/\/www.brennerbasisdemokratie.eu\/?p=7417\"><span style=\"text-decoration:underline; text-decoration-color:#4372a6; text-decoration-thickness:3px;\"><code>02<\/code><\/span><\/a> <a title=\"Weltoffene Einsprachigkeit.\" href=\"http:\/\/www.brennerbasisdemokratie.eu\/?p=26446\"><code>03<\/code><\/a> <a title=\"Marktkonformer Minderheitenschutz.\" href=\"http:\/\/www.brennerbasisdemokratie.eu\/?p=51203\"><code>04<\/code><\/a> <a title=\"Bei ALDI in Bruneck.\" href=\"http:\/\/www.brennerbasisdemokratie.eu\/?p=42588\"><code>05<\/code><\/a> <a title=\"Die Einsprachigkeit von ALDI &amp; Co.\" href=\"http:\/\/www.brennerbasisdemokratie.eu\/?p=42476\"><code>06<\/code><\/a> <a title=\"Die \u00fcberklebte Landessprache.\" href=\"http:\/\/www.brennerbasisdemokratie.eu\/?p=22719\"><code>07<\/code><\/a> <a title=\"Wichtigste Sprache: Italienisch.\" href=\"http:\/\/www.brennerbasisdemokratie.eu\/?p=25469\"><code>08<\/code><\/a> <a title=\"Qu\u00e9bec, no al bilinguismo \u00abspinto\u00bb.\" href=\"http:\/\/www.brennerbasisdemokratie.eu\/?p=51342\"><code>09<\/code><\/a> <span style=\"font-family: Helvetica, Arial, sans-serif; font-weight: normal;\">||<\/span> <a title=\"Sprachbeharrung.\" href=\"https:\/\/www.brennerbasisdemokratie.eu\/?p=64608\"><span style=\"color: #ff8c00\"><code>01<\/code><\/span><\/a> <a title=\"Kiko in S\u00fcdtirol und Katalonien.\" href=\"https:\/\/www.brennerbasisdemokratie.eu\/?p=77152\"><span style=\"color: #ff8c00\"><code>02<\/code><\/span><\/a> <a title=\"A Bolzano nessuna necessit\u00e0 di parlare in tedesco.\" href=\"https:\/\/www.brennerbasisdemokratie.eu\/?p=77347\" rel=\"\"><span style=\"color: #ff8c00\"><code>03<\/code><\/span><\/a> <a title=\"Die sprachliche Rosinenpickerei deutscher Konzerne.\" href=\"https:\/\/www.brennerbasisdemokratie.eu\/?p=94295\"><span style=\"color: #ff8c00\"><code>04<\/code><\/span><\/a> <span style=\"font-family: Helvetica, Arial, sans-serif; font-weight: normal;\">||<\/span> <a title=\"TdM: Einkaufszentrum Twenty.\" href=\"https:\/\/umap.openstreetmap.fr\/de\/map\/topographie-der-minorisierung_1299279?feature=Einkaufszentrum%20Twenty#17\/46.48645\/11.33739\" target=\"_blank\" rel=\"noopener\"><span class=\"loc-icon\"><\/span><\/a><\/p>","protected":false},"excerpt":{"rendered":"<p>Am Samstag h\u00e4tte ich dringend einen Druckkopf f\u00fcr den Plotter ben\u00f6tigt, da der alte Druckkopf \u2014 obwohl noch gar nicht so alt \u2014 ausgefallen war. Nachdem ich in Brixen nicht f\u00fcndig geworden war, beschloss ich, mich nach Bozen zu begeben. Und ich beschloss auch, dies mit einem Sprachexperiment zu verbinden, also zu schauen, wie weit [&hellip;]<\/p>","protected":false},"author":1,"featured_media":0,"comment_status":"open","ping_status":"open","sticky":false,"template":"","format":"standard","meta":{"_crdt_document":"","ngg_post_thumbnail":0,"_jetpack_memberships_contains_paid_content":false,"footnotes":""},"categories":[1],"tags":[],"class_list":["post-52601","post","type-post","status-publish","format-standard","hentry","category-allgemein","issue-bilinguismo-negato","issue-italianizzazione","location-sudtirolo","language-deutsch","topic-discriminaziun","topic-plurilinguism","topic-tech_com","topic-verbraucherinnen","topic-wirtschaft"],"jetpack_featured_media_url":"","jetpack_sharing_enabled":true,"_links":{"self":[{"href":"https:\/\/www.brennerbasisdemokratie.eu\/index.php?rest_route=\/wp\/v2\/posts\/52601","targetHints":{"allow":["GET"]}}],"collection":[{"href":"https:\/\/www.brennerbasisdemokratie.eu\/index.php?rest_route=\/wp\/v2\/posts"}],"about":[{"href":"https:\/\/www.brennerbasisdemokratie.eu\/index.php?rest_route=\/wp\/v2\/types\/post"}],"author":[{"embeddable":true,"href":"https:\/\/www.brennerbasisdemokratie.eu\/index.php?rest_route=\/wp\/v2\/users\/1"}],"replies":[{"embeddable":true,"href":"https:\/\/www.brennerbasisdemokratie.eu\/index.php?rest_route=%2Fwp%2Fv2%2Fcomments&post=52601"}],"version-history":[{"count":14,"href":"https:\/\/www.brennerbasisdemokratie.eu\/index.php?rest_route=\/wp\/v2\/posts\/52601\/revisions"}],"predecessor-version":[{"id":95570,"href":"https:\/\/www.brennerbasisdemokratie.eu\/index.php?rest_route=\/wp\/v2\/posts\/52601\/revisions\/95570"}],"wp:attachment":[{"href":"https:\/\/www.brennerbasisdemokratie.eu\/index.php?rest_route=%2Fwp%2Fv2%2Fmedia&parent=52601"}],"wp:term":[{"taxonomy":"category","embeddable":true,"href":"https:\/\/www.brennerbasisdemokratie.eu\/index.php?rest_route=%2Fwp%2Fv2%2Fcategories&post=52601"},{"taxonomy":"post_tag","embeddable":true,"href":"https:\/\/www.brennerbasisdemokratie.eu\/index.php?rest_route=%2Fwp%2Fv2%2Ftags&post=52601"}],"curies":[{"name":"wp","href":"https:\/\/api.w.org\/{rel}","templated":true}]}}