{"id":53020,"date":"2019-11-19T09:45:04","date_gmt":"2019-11-19T08:45:04","guid":{"rendered":"http:\/\/www.brennerbasisdemokratie.eu\/?p=53020"},"modified":"2022-09-21T10:05:16","modified_gmt":"2022-09-21T08:05:16","slug":"a22-auch-keine-zweisprachigkeitspflicht","status":"publish","type":"post","link":"https:\/\/www.brennerbasisdemokratie.eu\/?p=53020","title":{"rendered":"A22: Auch keine Zweisprachigkeitspflicht?"},"content":{"rendered":"<p>Im Rahmen der aktuellen Fragestunde vom 5. November hatte sich Sven Knoll (<abbr title=\"S\u00fcd-Tiroler Freiheit\">STF<\/abbr>) im Landtag nicht nur <a title=\"Einsprachigkeit, LH deckt den Rechnungshof.\" href=\"http:\/\/www.brennerbasisdemokratie.eu\/?p=52960\">zur Einsprachigkeit am Rechnungshof<\/a>, sondern auch \u00fcber die Zweisprachigkeit an den Mautstellen der A22 in S\u00fcdtirol erkundigt.<\/p>\n<p>In der entsprechenden <a title=\"Landtag: Aktuelle Fragestunde (1).\" href=\"https:\/\/www.landtag-bz.org\/de\/aktuelles\/pm-landtag-aktuell.asp?aktuelles_action=4&amp;aktuelles_article_id=632106\" target=\"_blank\" rel=\"noopener noreferrer\">Pressemitteilung<\/a> des Landtags hei\u00dft es hierzu, die Mitarbeiterinnen an den Mautstellen seien nicht an die Zweisprachigkeitspflicht gebunden, \u00bbder Anteil jener mit Nachweis \u00fcberwiege aber\u00ab.<\/p>\n<p>Schaut man sich das Video der Sitzung an, hat der Landeshauptmann aber <a title=\"Landtag: Stream.\" href=\"http:\/\/stream.landtag-bz.org\/de\/sitzung\/423\/785\" target=\"_blank\" rel=\"noopener noreferrer\">etwas ganz anderes geantwortet<\/a> \u2014 n\u00e4mlich, dass der Anteil der Bediensteten deutscher Muttersprache an den 89 Mitarbeiterinnen mit Vollzeitvertr\u00e4gen laut einer \u00bbinternen Sch\u00e4tzung\u00ab der Brennerautobahngesellschaft deutlich \u00fcberwiege. Von einem Zweisprachigkeitsnachweis ist nicht die Rede.<\/p>\n<p>Trotzdem und in jedem Fall ist jedoch erstaunlich, dass auch in diesem Bereich keine entsprechende Pflicht bestehen soll.<\/p>\n<p>Ich zitiere hierzu aus dem Art. 2 des DPR 574\/88 (Durchf\u00fchrungsbestimmung zum Autonomiestatut):<\/p>\n<blockquote><p>(1) Bei den <strong>Konzessionsunternehmen<\/strong>, die in der Provinz Bozen \u00f6ffentliche Dienste versehen, mu\u00df die T\u00e4tigkeit derart organisiert werden, da\u00df der Gebrauch der italienischen und der deutschen Sprache nach den Bestimmungen dieses Dekretes gew\u00e4hrleistet ist. Das zu diesem Zweck erforderliche Personal mu\u00df die im I. Abschnitt des Dekretes des Pr\u00e4sidenten der Republik vom 26. Juli 1976, Nr. 752 mit seinen sp\u00e4teren \u00c4nderungen vorgesehene Voraussetzung [Erbringung des <strong>Zweisprachigkeitsnachweises<\/strong>, Anm.] erf\u00fcllen.<\/p><\/blockquote>\n<blockquote><p>(4) F\u00fcr jegliche Einstellung von Personal &#8211; auch mit befristetem Arbeitsverh\u00e4ltnis &#8211; bei den Gesellschaften oder K\u00f6rperschaften jedweder Art oder Benennung, die <strong>aufgrund einer ausschlie\u00dflichen oder einer teilweisen Konzession<\/strong> die Besorgung von Diensten \u00fcbernommen haben oder \u00fcbernehmen, die am 1. J\u00e4nner 1991 sowohl von den staatlichen Verwaltungen einschlie\u00dflich jener mit autonomer Ordnung, die den Bestimmungen des Dekretes des Pr\u00e4sidenten der Republik vom 26. Juli 1976, Nr. 752 mit seinen sp\u00e4teren \u00c4nderungen und Erg\u00e4nzungen unterliegen, als auch von \u00f6ffentlichen Wirtschaftsk\u00f6rperschaften durchgef\u00fchrt wurden, mu\u00df die im I. Abschnitt des obengenannten Dekretes des Pr\u00e4sidenten der Republik vom 26. Juli 1976, Nr. 752 vorgesehene Voraussetzung [Erbringung des <strong>Zweisprachigkeitsnachweises<\/strong>, Anm.] erf\u00fcllt sein. Diese Voraussetzung gilt ebenso f\u00fcr die Versetzungen von Personal zu \u00c4mtern in der Provinz Bozen aus in anderen Provinzen sich befindenden Dienstsitzen oder \u00c4mtern.<\/p><\/blockquote>\n<p><em><small>Hervorhebungen von mir.<\/small><\/em><\/p>\n<p>Wenn es f\u00fcr die Autobahn keine (mir nicht bekannte) spezielle Ausnahmeregelung gibt, m\u00fcsste obiges auch f\u00fcr deren Betreibergesellschaft gelten.<\/p>\n<p><abbr title=\"Landeshauptmann\/-frau\">LH<\/abbr> Kompatscher (<abbr title=\"S\u00fcdtiroler Volkspartei\">SVP<\/abbr>) sicherte in seiner Replik nur zu, das Land als Aktion\u00e4r und Miteigent\u00fcmer werde sich daf\u00fcr starkmachen, dass bei der Autobahn \u2014 \u00bbSchritt f\u00fcr Schritt\u00ab und \u00bbso gut wie m\u00f6glich\u00ab \u2014 mehr auf die Zweisprachigkeit geachtet werde.<\/p>\n<p><strong><span style=\"font-family: Helvetica, Arial, sans-serif; text-transform: uppercase;\">C\u00ebla enghe:<\/span><\/strong> <a title=\"Keine Zweisprachigkeit f\u00fcr Mitarbeiterinnen?\" href=\"http:\/\/www.brennerbasisdemokratie.eu\/?p=48055\"><code>01<\/code><\/a> <a title=\"Landtag: Deutsch vermutlich nicht n\u00f6tig.\" href=\"http:\/\/www.brennerbasisdemokratie.eu\/?p=50948\"><code>02<\/code><\/a> <a title=\"Die Realit\u00e4tsverweigerung des Generaldirektors.\" href=\"http:\/\/www.brennerbasisdemokratie.eu\/?p=52986\"><code>03<\/code><\/a> <a title=\"LEC mich am Brenner.\" href=\"http:\/\/www.brennerbasisdemokratie.eu\/?p=39611\"><code>04<\/code><\/a> <a title=\"Gro\u00dfer \u00bbWanderweg\u00ab.\" href=\"http:\/\/www.brennerbasisdemokratie.eu\/?p=5303\"><code>05<\/code><\/a> <a title=\"A22: Infrastrukturqualit\u00e4t (nach Genua).\" href=\"http:\/\/www.brennerbasisdemokratie.eu\/?p=42355\"><code>06<\/code><\/a> <span style=\"font-family: Helvetica, Arial, sans-serif; font-weight: normal;\">||<\/span> <a title=\"A22: Taktlose Maut.\" href=\"https:\/\/www.brennerbasisdemokratie.eu\/?p=74072\" rel=\"\"><span style=\"color: #ff8c00\"><code>01<\/code><\/span><\/a><\/p>","protected":false},"excerpt":{"rendered":"<p>Im Rahmen der aktuellen Fragestunde vom 5. November hatte sich Sven Knoll (STF) im Landtag nicht nur zur Einsprachigkeit am Rechnungshof, sondern auch \u00fcber die Zweisprachigkeit an den Mautstellen der A22 in S\u00fcdtirol erkundigt. In der entsprechenden Pressemitteilung des Landtags hei\u00dft es hierzu, die Mitarbeiterinnen an den Mautstellen seien nicht an die Zweisprachigkeitspflicht gebunden, \u00bbder [&hellip;]<\/p>","protected":false},"author":1,"featured_media":0,"comment_status":"open","ping_status":"open","sticky":false,"template":"","format":"standard","meta":{"_crdt_document":"","ngg_post_thumbnail":0,"_jetpack_memberships_contains_paid_content":false,"footnotes":""},"categories":[1],"tags":[],"class_list":["post-53020","post","type-post","status-publish","format-standard","hentry","category-allgemein","entity-a22","entity-stf","entity-sudtiroler-landtag","entity-svp","issue-bilinguismo-negato","issue-zitac","location-sudtirolo","language-deutsch","person-arno-kompatscher","person-sven-knoll","topic-discriminaziun","topic-minderheitenschutz","topic-mobilitaet","topic-plurilinguism","topic-politik","topic-recht","topic-servicepublic","topic-vorzeigeautonomie"],"jetpack_featured_media_url":"","jetpack_sharing_enabled":true,"_links":{"self":[{"href":"https:\/\/www.brennerbasisdemokratie.eu\/index.php?rest_route=\/wp\/v2\/posts\/53020","targetHints":{"allow":["GET"]}}],"collection":[{"href":"https:\/\/www.brennerbasisdemokratie.eu\/index.php?rest_route=\/wp\/v2\/posts"}],"about":[{"href":"https:\/\/www.brennerbasisdemokratie.eu\/index.php?rest_route=\/wp\/v2\/types\/post"}],"author":[{"embeddable":true,"href":"https:\/\/www.brennerbasisdemokratie.eu\/index.php?rest_route=\/wp\/v2\/users\/1"}],"replies":[{"embeddable":true,"href":"https:\/\/www.brennerbasisdemokratie.eu\/index.php?rest_route=%2Fwp%2Fv2%2Fcomments&post=53020"}],"version-history":[{"count":11,"href":"https:\/\/www.brennerbasisdemokratie.eu\/index.php?rest_route=\/wp\/v2\/posts\/53020\/revisions"}],"predecessor-version":[{"id":74083,"href":"https:\/\/www.brennerbasisdemokratie.eu\/index.php?rest_route=\/wp\/v2\/posts\/53020\/revisions\/74083"}],"wp:attachment":[{"href":"https:\/\/www.brennerbasisdemokratie.eu\/index.php?rest_route=%2Fwp%2Fv2%2Fmedia&parent=53020"}],"wp:term":[{"taxonomy":"category","embeddable":true,"href":"https:\/\/www.brennerbasisdemokratie.eu\/index.php?rest_route=%2Fwp%2Fv2%2Fcategories&post=53020"},{"taxonomy":"post_tag","embeddable":true,"href":"https:\/\/www.brennerbasisdemokratie.eu\/index.php?rest_route=%2Fwp%2Fv2%2Ftags&post=53020"}],"curies":[{"name":"wp","href":"https:\/\/api.w.org\/{rel}","templated":true}]}}