{"id":53057,"date":"2019-11-20T12:16:59","date_gmt":"2019-11-20T11:16:59","guid":{"rendered":"http:\/\/www.brennerbasisdemokratie.eu\/?p=53057"},"modified":"2023-01-26T18:12:38","modified_gmt":"2023-01-26T17:12:38","slug":"katalonien-ai-bezeichnet-urteil-als-menschenrechtswidrig","status":"publish","type":"post","link":"https:\/\/www.brennerbasisdemokratie.eu\/?p=53057","title":{"rendered":"Katalonien: Amnesty International bezeichnet Urteil als menschenrechtswidrig."},"content":{"rendered":"<p>Die Menschenrechtsorganisation <em>Amnesty International<\/em> (AI) kritisiert die <a title=\"100 Jahre f\u00fcr ein Referendum.\" href=\"http:\/\/www.brennerbasisdemokratie.eu\/?p=51551\">Verurteilung<\/a> der Anf\u00fchrerinnen der katalanischen Unabh\u00e4ngigkeitsbewegung wegen Aufruhrs und fordert die sofortige Freilassung von Jordi Cuixart <em>(\u00d2mnium Cultural)<\/em> und Jordi S\u00e0nchez (<abbr title=\"Assemblea Nacional Catalana\">ANC<\/abbr>).<\/p>\n<p>Obschon AI anerkennt, dass das Gerichtsverfahren gegen insgesamt zw\u00f6lf Angeklagte im gro\u00dfen und ganzen den formalen Anforderungen an einen fairen Prozess erf\u00fcllt hat, zeigt sich die Organisation sowohl \u00fcber die vage Ausformulierung, als auch \u00fcber die konkrete Auslegung des angewandten Hauptstraftatbestands der Aufruhr best\u00fcrzt.<\/p>\n<p>Es handle sich bei der Verurteilung um eine Verletzung der Menschenrechte auf Versammlungs- und Meinungsfreiheit, die \u2014 wie <em>Amnesty<\/em> bef\u00fcrchtet \u2014 auch eine negative Signalwirkung haben und somit Menschen k\u00fcnftig von der Wahrnehmung ihrer Grundrechte abhalten k\u00f6nnte. Die angesehene NRO erinnert in diesem Zusammenhang daran, dass auch der zivile Ungehorsam vom internationalen Recht gedeckt sei, selbst wenn im Einzelnen Gesetze gebrochen w\u00fcrden.<\/p>\n<p>Im Fall von Jordi Cuixart und Jordi S\u00e0nchez bedeute das Urteil eine unverh\u00e4ltnism\u00e4\u00dfige Einschr\u00e4nkung ihrer Grundrechte. F\u00fcr sie fordert AI die sofortige Freilassung.<\/p>\n<p>Die katalanischen Politikerinnen m\u00f6gen andere Delikte begangen haben, f\u00fcr die eine verh\u00e4ltnism\u00e4\u00dfige Bestrafung m\u00f6glich sei \u2014 doch auch in ihrem Fall h\u00e4lt die Menschenrechtsorganisation den Straftatbestand des Aufruhrs f\u00fcr unangemessen, ja sogar f\u00fcr einen \u00bbBruch des Legalit\u00e4tsprinzips\u00ab.<\/p>\n<p><em>Amnesty<\/em> bittet die zust\u00e4ndigen Beh\u00f6rden, dringend Abhilfe zu schaffen.<\/p>\n<p><strong><span style=\"font-family: Helvetica, Arial, sans-serif; text-transform: uppercase;\">C\u00ebla enghe:<\/span><\/strong> <a title=\"L\u2019ONU esige la liberazione di Oriol e dei Jordi.\" href=\"http:\/\/www.brennerbasisdemokratie.eu\/?p=48876\"><code>01<\/code><\/a> <a title=\"UNO fordert erneut Ende der willk\u00fcrlichen Haft.\" href=\"http:\/\/www.brennerbasisdemokratie.eu\/?p=49866\"><code>02<\/code><\/a> <a title=\"Amnesty kritisiert Inhaftierung von S\u00e0nchez und Cuixart.\" href=\"http:\/\/www.brennerbasisdemokratie.eu\/?p=37056\"><code>03<\/code><\/a> <a title=\"Flucht: \u2018Amnesty\u2019 klagt an.\" href=\"http:\/\/www.brennerbasisdemokratie.eu\/?p=42303\"><code>04<\/code><\/a> <a title=\"Spain \u2018condemned\u2019 by Amnesty International.\" href=\"http:\/\/www.brennerbasisdemokratie.eu\/?p=39233\"><code>05<\/code><\/a> <a title=\"1. Oktober 2017: Polizeigewalt vor der UNO.\" href=\"http:\/\/www.brennerbasisdemokratie.eu\/?p=50802\"><code>06<\/code><\/a> <a title=\"Una svolta inquietante nella Spagna postfranchista.\" href=\"http:\/\/www.brennerbasisdemokratie.eu\/?p=51703\"><code>07<\/code><\/a> <a title=\"Democrazia, Stato e indipendentismo.\" href=\"http:\/\/www.brennerbasisdemokratie.eu\/?p=52953\"><code>08<\/code><\/a> <span style=\"font-family: Helvetica, Arial, sans-serif; font-weight: normal;\">||<\/span> <a title=\"Katalanen weiterhin menschenrechtswidrig in Haft.\" href=\"https:\/\/www.brennerbasisdemokratie.eu\/?p=57868\"><span style=\"color: #ff8c00\"><code>01<\/code><\/span><\/a><\/p>","protected":false},"excerpt":{"rendered":"<p>Die Menschenrechtsorganisation Amnesty International (AI) kritisiert die Verurteilung der Anf\u00fchrerinnen der katalanischen Unabh\u00e4ngigkeitsbewegung wegen Aufruhrs und fordert die sofortige Freilassung von Jordi Cuixart (\u00d2mnium Cultural) und Jordi S\u00e0nchez (ANC). Obschon AI anerkennt, dass das Gerichtsverfahren gegen insgesamt zw\u00f6lf Angeklagte im gro\u00dfen und ganzen den formalen Anforderungen an einen fairen Prozess erf\u00fcllt hat, zeigt sich die [&hellip;]<\/p>","protected":false},"author":1,"featured_media":0,"comment_status":"open","ping_status":"open","sticky":false,"template":"","format":"standard","meta":{"_crdt_document":"","ngg_post_thumbnail":0,"_jetpack_memberships_contains_paid_content":false,"footnotes":""},"categories":[1],"tags":[],"class_list":["post-53057","post","type-post","status-publish","format-standard","hentry","category-allgemein","entity-amnesty-international","issue-good-news","issue-1o2017","location-catalunya","location-spania","language-deutsch","person-jordi-cuixart","person-jordi-sanchez","topic-grundrechte","topic-recht","topic-repression","topic-ungehorsam"],"jetpack_featured_media_url":"","jetpack_sharing_enabled":true,"_links":{"self":[{"href":"https:\/\/www.brennerbasisdemokratie.eu\/index.php?rest_route=\/wp\/v2\/posts\/53057","targetHints":{"allow":["GET"]}}],"collection":[{"href":"https:\/\/www.brennerbasisdemokratie.eu\/index.php?rest_route=\/wp\/v2\/posts"}],"about":[{"href":"https:\/\/www.brennerbasisdemokratie.eu\/index.php?rest_route=\/wp\/v2\/types\/post"}],"author":[{"embeddable":true,"href":"https:\/\/www.brennerbasisdemokratie.eu\/index.php?rest_route=\/wp\/v2\/users\/1"}],"replies":[{"embeddable":true,"href":"https:\/\/www.brennerbasisdemokratie.eu\/index.php?rest_route=%2Fwp%2Fv2%2Fcomments&post=53057"}],"version-history":[{"count":8,"href":"https:\/\/www.brennerbasisdemokratie.eu\/index.php?rest_route=\/wp\/v2\/posts\/53057\/revisions"}],"predecessor-version":[{"id":76404,"href":"https:\/\/www.brennerbasisdemokratie.eu\/index.php?rest_route=\/wp\/v2\/posts\/53057\/revisions\/76404"}],"wp:attachment":[{"href":"https:\/\/www.brennerbasisdemokratie.eu\/index.php?rest_route=%2Fwp%2Fv2%2Fmedia&parent=53057"}],"wp:term":[{"taxonomy":"category","embeddable":true,"href":"https:\/\/www.brennerbasisdemokratie.eu\/index.php?rest_route=%2Fwp%2Fv2%2Fcategories&post=53057"},{"taxonomy":"post_tag","embeddable":true,"href":"https:\/\/www.brennerbasisdemokratie.eu\/index.php?rest_route=%2Fwp%2Fv2%2Ftags&post=53057"}],"curies":[{"name":"wp","href":"https:\/\/api.w.org\/{rel}","templated":true}]}}