{"id":531,"date":"2007-01-17T14:34:56","date_gmt":"2007-01-17T13:34:56","guid":{"rendered":"http:\/\/www.selbstbestimmung.net\/?p=531"},"modified":"2025-06-11T22:48:17","modified_gmt":"2025-06-11T20:48:17","slug":"scharfe-schutzen","status":"publish","type":"post","link":"https:\/\/www.brennerbasisdemokratie.eu\/?p=531","title":{"rendered":"Scharfe Sch\u00fctzen."},"content":{"rendered":"<p>Wer im Glashaus sitzt, sollte bekanntlich nicht mit Steinen werfen, geschweige denn schie\u00dfen. Die Sch\u00fctzen haben sich daf\u00fcr sogar einen ehemaligen Bundeswehrexperten ins Haus geholt, der in Deutschland als Holocaust-Leugner vom Verfassungsschutz (Inlandsgeheimdienst) beobachtet wird. Sp\u00e4testens damit haben die S\u00fcdtiroler Tradionspfleger jedoch Glaubw\u00fcrdigkeit im Kampf gegen den Faschismus verloren: Es zeigt sich, wie heuchlerisch der Extermismus der einen angeschw\u00e4rzt wurde, w\u00e4hrend man den eigenen pflegte.<\/p>\n<p>Von diesen Praktiken haben sich die Nordtiroler Kameraden gerade noch rechtzeitig \u00f6ffentlich distanziert; im S\u00fcdtiroler Bund nehme der politische Extremismus \u00fcberhand, hie\u00df es damals. Und kann das, was in Innsbruck bekannt war, s\u00fcdlich des Brenners nur ein kleiner Haufen im Unwissen der F\u00fchrungsriege gemacht haben? Es f\u00e4llt schwer, dies zu glauben. Doch selbst wenn dem so w\u00e4re, m\u00fcsste man sich \u00fcber so viel Mangel an Kontrolle Sorgen machen \u2014 in einem milit\u00e4risch organisierten Verein.<\/p>\n<p>Die Sch\u00fctzen haben damit, man mag zu ihnen stehen wie man will, ihre gesellschaftliche Rolle missbraucht und junge Leute in den Sog paramilit\u00e4rischer, deutschnationaler und faschistischer Ideologien gebracht, anstatt sie aktiv davor zu sch\u00fctzen. Gerade das war jedoch ein offizielles Ziel des S\u00fcdtiroler Sch\u00fctzenbundes.<\/p>\n<p>Es w\u00e4re angebracht, dass der moralische Fingerzeig der Federh\u00fcte f\u00fcr ein paar Jahre von der Bildfl\u00e4che verschw\u00e4nde, um endlich die Ruhe f\u00fcr viel zu lange aufgeschobene Hausaufgaben in den eigenen Reihen zu schaffen. Mit gr\u00f6\u00dferer Glaubw\u00fcrdigkeit wieder ins Tagesgeschehen eingreifen werden die Sch\u00fctzen wohl ohnehin erst k\u00f6nnen, wenn sie ihr Glashaus verlassen haben.<\/p>","protected":false},"excerpt":{"rendered":"<p>Wer im Glashaus sitzt, sollte bekanntlich nicht mit Steinen werfen, geschweige denn schie\u00dfen. Die Sch\u00fctzen haben sich daf\u00fcr sogar einen ehemaligen Bundeswehrexperten ins Haus geholt, der in Deutschland als Holocaust-Leugner vom Verfassungsschutz (Inlandsgeheimdienst) beobachtet wird. Sp\u00e4testens damit haben die S\u00fcdtiroler Tradionspfleger jedoch Glaubw\u00fcrdigkeit im Kampf gegen den Faschismus verloren: Es zeigt sich, wie heuchlerisch der [&hellip;]<\/p>","protected":false},"author":1,"featured_media":0,"comment_status":"open","ping_status":"open","sticky":false,"template":"","format":"standard","meta":{"_crdt_document":"","ngg_post_thumbnail":0,"_jetpack_memberships_contains_paid_content":false,"footnotes":""},"categories":[1],"tags":[],"class_list":["post-531","post","type-post","status-publish","format-standard","hentry","category-allgemein","entity-schutzen","location-deutschland","location-nord-osttirol","location-sudtirolo","language-deutsch","topic-antisemitismus","topic-faschismen","topic-militar"],"jetpack_featured_media_url":"","jetpack_sharing_enabled":true,"_links":{"self":[{"href":"https:\/\/www.brennerbasisdemokratie.eu\/index.php?rest_route=\/wp\/v2\/posts\/531","targetHints":{"allow":["GET"]}}],"collection":[{"href":"https:\/\/www.brennerbasisdemokratie.eu\/index.php?rest_route=\/wp\/v2\/posts"}],"about":[{"href":"https:\/\/www.brennerbasisdemokratie.eu\/index.php?rest_route=\/wp\/v2\/types\/post"}],"author":[{"embeddable":true,"href":"https:\/\/www.brennerbasisdemokratie.eu\/index.php?rest_route=\/wp\/v2\/users\/1"}],"replies":[{"embeddable":true,"href":"https:\/\/www.brennerbasisdemokratie.eu\/index.php?rest_route=%2Fwp%2Fv2%2Fcomments&post=531"}],"version-history":[{"count":3,"href":"https:\/\/www.brennerbasisdemokratie.eu\/index.php?rest_route=\/wp\/v2\/posts\/531\/revisions"}],"predecessor-version":[{"id":28469,"href":"https:\/\/www.brennerbasisdemokratie.eu\/index.php?rest_route=\/wp\/v2\/posts\/531\/revisions\/28469"}],"wp:attachment":[{"href":"https:\/\/www.brennerbasisdemokratie.eu\/index.php?rest_route=%2Fwp%2Fv2%2Fmedia&parent=531"}],"wp:term":[{"taxonomy":"category","embeddable":true,"href":"https:\/\/www.brennerbasisdemokratie.eu\/index.php?rest_route=%2Fwp%2Fv2%2Fcategories&post=531"},{"taxonomy":"post_tag","embeddable":true,"href":"https:\/\/www.brennerbasisdemokratie.eu\/index.php?rest_route=%2Fwp%2Fv2%2Ftags&post=531"}],"curies":[{"name":"wp","href":"https:\/\/api.w.org\/{rel}","templated":true}]}}