{"id":53355,"date":"2019-11-28T21:39:08","date_gmt":"2019-11-28T20:39:08","guid":{"rendered":"http:\/\/www.brennerbasisdemokratie.eu\/?p=53355"},"modified":"2023-01-30T23:23:43","modified_gmt":"2023-01-30T22:23:43","slug":"einsprachige-arztinnen-widmanns-masnahmen","status":"publish","type":"post","link":"https:\/\/www.brennerbasisdemokratie.eu\/?p=53355","title":{"rendered":"Einsprachige \u00c4rztinnen: Widmanns Ma\u00dfnahmen."},"content":{"rendered":"<p>Gestern wurde im Landtag \u2014 auf Gehei\u00df des zust\u00e4ndigen Landesrats, Thomas Widmann (<abbr title=\"S\u00fcdtiroler Volkspartei\">SVP<\/abbr>) \u2014 <a title=\"SVP will Arbeitslosengeld beim NISF lassen.\" href=\"http:\/\/www.brennerbasisdemokratie.eu\/?p=53298\">auch<\/a> der Beschlussantrag (Nr. 163\/19) des <em>Team K<\/em> versenkt, <a title=\"Gesundheit: Team K wie ASGB f\u00fcr Intensivkurse.\" href=\"http:\/\/www.brennerbasisdemokratie.eu\/?p=53063\">mit dem achtw\u00f6chige Intensivsprachkurse f\u00fcr \u00c4rztinnen und Pflegepersonal h\u00e4tten eingef\u00fchrt werden sollen.<\/a><\/p>\n<p>In seiner Stellungnahme erkl\u00e4rte der Landesrat, dass:<\/p>\n<ul>\n<li>die Landesregierung im \u00f6ffentlichen Gesundheitswesen auf die Zweisprachigkeit bestehen will, im nicht\u00f6ffentlichen jedoch nicht;<\/li>\n<li>S\u00fcdtirol Berechnungen zufolge im Laufe der n\u00e4chsten zehn Jahre 700-800 \u00c4rztinnen und 1.400 Pflegerinnen ben\u00f6tigen wird;<\/li>\n<li>w\u00e4hrend der kommenden zwei Jahre allein 102 Haus\u00e4rztinnen in Pension gehen werden;<\/li>\n<li>derzeit 250 Stellen im \u00e4rztlichen und 450 Stellen im pflegerischen Bereich nicht besetzt seien;<\/li>\n<li>er sich fortan bez\u00fcglich Spracherwerb am Vorbild anderer europ\u00e4ischer L\u00e4nder orientieren wolle;<\/li>\n<li>es schon jetzt \u2014 weil wir ein Tourismusland sind \u2014 in jedem Betrieb ein Dolmetschdienst mit 45 Sprachen gebe, auf den man zur\u00fcckgreifen k\u00f6nne;<\/li>\n<li>im neuen Jahr niemand mehr ohne Zweisprachigkeitsnachweis angestellt werde, ohne vorab in den Genuss eines Crashkurses zu kommen, um wenigstens die Grundlagen der zweiten Sprache zu erlernen;<\/li>\n<li>in die Arbeitsvertr\u00e4ge, wie vom <abbr title=\"Autonomer S\u00fcdtiroler Gewerkschaftsbund\">ASGB<\/abbr> gefordert, ein Bezug aufgenommen werde, wonach im Rahmen der Arbeitszeit verpflichtend Sprachkurse zu besuchen sind, die vom Betrieb angeboten werden;<\/li>\n<li>dem Personal Tutorinnen zur Seite gestellt werden sollen, um sie \u00fcber die drei Jahre des Spracherwerbs \u2014 der auch Zwischenpr\u00fcfungen umfassen soll \u2014 zu begleiten;<\/li>\n<li><a title=\"Gesundheit: Zweisprachigkeit weiter aufgeweicht.\" href=\"http:\/\/www.brennerbasisdemokratie.eu\/?p=50986\">die Erweiterung der Frist auf f\u00fcnf Jahre<\/a> nur eingef\u00fchrt wurde, um kein Personal wegschicken zu m\u00fcssen, das den Spracherwerb w\u00e4hrend der letzten drei Jahre nicht geschafft hatte.<\/li>\n<\/ul>\n<p>Demnach sei dieser Beschlussantrag nicht mehr n\u00f6tig. Die Landesregierung werde sich ab 2020 \u2014 besser sp\u00e4t, als nie \u2014 <em>aktiv<\/em> um die Sprachkenntnisse des Personals k\u00fcmmern.<\/p>\n<p>Das alles<sup class=\"modern-footnotes-footnote modern-footnotes-footnote--hover-on-desktop \" data-mfn=\"1\" data-mfn-post-scope=\"00000000000007e30000000000000000_53355\"><a href=\"javascript:void(0)\"  role=\"button\" aria-pressed=\"false\" aria-describedby=\"mfn-content-00000000000007e30000000000000000_53355-1\">1<\/a><\/sup><span id=\"mfn-content-00000000000007e30000000000000000_53355-1\" role=\"tooltip\" class=\"modern-footnotes-footnote__note\" tabindex=\"0\" data-mfn=\"1\">mit Ausnahme der Aussagen zur Zweisprachigkeit im nicht\u00f6ffentlichen Gesundheitswesen<\/span> klingt ehrlich gesagt auch gar nicht schlecht, wiewohl es den beschwichtigenden <a title=\"Die Realit\u00e4tsverweigerung des Generaldirektors.\" href=\"http:\/\/www.brennerbasisdemokratie.eu\/?p=52986\">Verlautbarungen<\/a>von <em>Sabes<\/em>-Generaldirektor Florian Zerzer zu widersprechen scheint. <img class=\"bbdlogo\" src=\"https:\/\/www.brennerbasisdemokratie.eu\/wp-content\/uploads\/bbdsmileys\/bbde.png\"> und viele andere werden in jedem Fall dranbleiben und weiterhin beobachten, ob es bei den wohlklingenden Ank\u00fcndigungen bleibt \u2014 oder ob endlich N\u00e4gel mit K\u00f6pfen gemacht werden.<\/p>\n<p>Viel wird nat\u00fcrlich auch davon abh\u00e4ngen, ob die Zentralregierung die Gleichbehandlung der deutschen und der italienischen Sprache bei der Einschreibung in die Berufskammern vor dem Verfassungsgericht anfechten wird oder nicht.<\/p>\n<p><strong><span style=\"font-family: Helvetica, Arial, sans-serif; text-transform: uppercase;\">C\u00ebla enghe:<\/span><\/strong> <a title=\"Sprache im Gesundheitswesen: Antrag abgelehnt.\" href=\"http:\/\/www.brennerbasisdemokratie.eu\/?p=49878\"><code>01<\/code><\/a> <a title=\"Language Barriers in Health Care.\" href=\"http:\/\/www.brennerbasisdemokratie.eu\/?p=48634\"><code>02<\/code><\/a> <a title=\"Gesundheit: Einsprachig in den Tod?\" href=\"http:\/\/www.brennerbasisdemokratie.eu\/?p=52681\"><code>03<\/code><\/a> <a title=\"Sprachbarrieren in der Sanit\u00e4t.\" href=\"http:\/\/www.brennerbasisdemokratie.eu\/?p=52973\"><code>04<\/code><\/a> <a title=\"Deutschsprachige \u00c4rztinnen: Sezessionsgefahr.\" href=\"http:\/\/www.brennerbasisdemokratie.eu\/?p=51680\"><code>05<\/code><\/a>\u00a0<span style=\"font-family: Helvetica, Arial, sans-serif; font-weight: normal;\">||<\/span> <a title=\"Einsprachige \u00c4rztinnen: Das Zahlenchaos.\" href=\"http:\/\/www.brennerbasisdemokratie.eu\/?p=53447\"><span style=\"color: #ff8c00\"><code>01<\/code><\/span><\/a> <a title=\"Kammern: Sprachgleichstellung angefochten.\" href=\"https:\/\/www.brennerbasisdemokratie.eu\/?p=53893\"><span style=\"color: #ff8c00\"><code>02<\/code><\/span><\/a><\/p>\n<ul class=\"modern-footnotes-list modern-footnotes-list--show-only-for-print\"><li><span>1<\/span><div>mit Ausnahme der Aussagen zur Zweisprachigkeit im nicht\u00f6ffentlichen Gesundheitswesen<\/div><\/li><\/ul>","protected":false},"excerpt":{"rendered":"<p>Gestern wurde im Landtag \u2014 auf Gehei\u00df des zust\u00e4ndigen Landesrats, Thomas Widmann (SVP) \u2014 auch der Beschlussantrag (Nr. 163\/19) des Team K versenkt, mit dem achtw\u00f6chige Intensivsprachkurse f\u00fcr \u00c4rztinnen und Pflegepersonal h\u00e4tten eingef\u00fchrt werden sollen. In seiner Stellungnahme erkl\u00e4rte der Landesrat, dass: die Landesregierung im \u00f6ffentlichen Gesundheitswesen auf die Zweisprachigkeit bestehen will, im nicht\u00f6ffentlichen jedoch [&hellip;]<\/p>","protected":false},"author":1,"featured_media":0,"comment_status":"open","ping_status":"open","sticky":false,"template":"","format":"standard","meta":{"_crdt_document":"","ngg_post_thumbnail":0,"_jetpack_memberships_contains_paid_content":false,"footnotes":""},"categories":[1],"tags":[],"class_list":["post-53355","post","type-post","status-publish","format-standard","hentry","category-allgemein","entity-asgb","entity-sabes","entity-sudtiroler-landtag","entity-svp","entity-tk","entity-verfassungsgericht","location-sudtirolo","language-deutsch","person-florian-zerzer","person-thomas-widmann","topic-arbeit","topic-gesundheit","topic-gewerkschaften","topic-minderheitenschutz","topic-plurilinguism","topic-politik","topic-recht","topic-servicepublic"],"jetpack_featured_media_url":"","jetpack_sharing_enabled":true,"_links":{"self":[{"href":"https:\/\/www.brennerbasisdemokratie.eu\/index.php?rest_route=\/wp\/v2\/posts\/53355","targetHints":{"allow":["GET"]}}],"collection":[{"href":"https:\/\/www.brennerbasisdemokratie.eu\/index.php?rest_route=\/wp\/v2\/posts"}],"about":[{"href":"https:\/\/www.brennerbasisdemokratie.eu\/index.php?rest_route=\/wp\/v2\/types\/post"}],"author":[{"embeddable":true,"href":"https:\/\/www.brennerbasisdemokratie.eu\/index.php?rest_route=\/wp\/v2\/users\/1"}],"replies":[{"embeddable":true,"href":"https:\/\/www.brennerbasisdemokratie.eu\/index.php?rest_route=%2Fwp%2Fv2%2Fcomments&post=53355"}],"version-history":[{"count":11,"href":"https:\/\/www.brennerbasisdemokratie.eu\/index.php?rest_route=\/wp\/v2\/posts\/53355\/revisions"}],"predecessor-version":[{"id":76831,"href":"https:\/\/www.brennerbasisdemokratie.eu\/index.php?rest_route=\/wp\/v2\/posts\/53355\/revisions\/76831"}],"wp:attachment":[{"href":"https:\/\/www.brennerbasisdemokratie.eu\/index.php?rest_route=%2Fwp%2Fv2%2Fmedia&parent=53355"}],"wp:term":[{"taxonomy":"category","embeddable":true,"href":"https:\/\/www.brennerbasisdemokratie.eu\/index.php?rest_route=%2Fwp%2Fv2%2Fcategories&post=53355"},{"taxonomy":"post_tag","embeddable":true,"href":"https:\/\/www.brennerbasisdemokratie.eu\/index.php?rest_route=%2Fwp%2Fv2%2Ftags&post=53355"}],"curies":[{"name":"wp","href":"https:\/\/api.w.org\/{rel}","templated":true}]}}