{"id":54027,"date":"2020-01-02T17:37:17","date_gmt":"2020-01-02T16:37:17","guid":{"rendered":"http:\/\/www.brennerbasisdemokratie.eu\/?p=54027"},"modified":"2024-11-24T21:56:45","modified_gmt":"2024-11-24T20:56:45","slug":"vorerst-keine-auslieferung-von-puigdemont","status":"publish","type":"post","link":"https:\/\/www.brennerbasisdemokratie.eu\/?p=54027","title":{"rendered":"Vorerst keine Auslieferung von Puigdemont."},"content":{"rendered":"<p>Die belgische Justiz hat heute das Auslieferungsverfahren gegen den ehemaligen katalanischen Pr\u00e4sidenten Carles Puigdemont (<abbr title=\"Partit Dem\u00f2crata Europeu Catal\u00e0\">PDeCAT<\/abbr>\/<abbr title=\"Junts per Catalunya\">JxC<\/abbr>) und seinen damaligen Minister Toni Com\u00edn (JxC) aufgehoben, weil sie als EU-Parlamentarier Immunit\u00e4t genie\u00dfen. Schon am 16. Dezember war die Entscheidung vertagt worden, um das <abbr title=\"Europ\u00e4ischer Gerichtshof\">EuGH<\/abbr>-Urteil zum Fall Oriol Junqueras (<abbr title=\"Esquerra Republicana de Catalunya\">ERC<\/abbr>) abzuwarten. Drei Tage sp\u00e4ter (am 19. Dezember) <a title=\"EuGH: Junqueras hatte Immunit\u00e4t.\" href=\"http:\/\/www.brennerbasisdemokratie.eu\/?p=53815\">wurde es verk\u00fcndet<\/a> und best\u00e4tigte, dass Mitglieder des EU-Parlaments ab dem Zeitpunkt ihrer Wahl unter besonderem Schutz stehen \u2014 unabh\u00e4ngig davon, ob sie im eigenen Land vorgesehene Angelobungsformalit\u00e4ten durchlaufen haben oder nicht.<\/p>\n<p>Das Auslieferungsverfahren gegen das dritte in Belgien aufh\u00e4ltige Mitglied der Regierung Puigdemont, Llu\u00eds Puig, soll indes fortgef\u00fchrt werden, da der ehemalige katalanische Kulturminister keine Immunit\u00e4t genie\u00dft.<\/p>\n<p>In einer ersten Reaktion zeigte sich Puigdemont naturgem\u00e4\u00df erfreut \u00fcber die Entscheidung des zust\u00e4ndigen belgischen Gerichts in seinem Fall. Spanien forderte er auf, dem EuGH-Urteil ebenfalls unverz\u00fcglich Folge zu leisten und Junqueras aus der unrechtm\u00e4\u00dfigen Haft zu entlassen.<\/p>\n<p>F\u00fcr die spanische Justiz besteht die M\u00f6glichkeit, beim EU-Parlament die Aufhebung der Immunit\u00e4t von Puigdemont, Junqueras und Com\u00edn zu beantragen. Anders als in manchen nationalstaatlichen Parlamenten soll es sich dabei jedoch um ein aufw\u00e4ndiges Verfahren handeln, in dessen Zuge sich der zust\u00e4ndige Ausschuss eingehend mit dem Gerichtsverfahren des spanischen H\u00f6chstgerichts zu befassen h\u00e4tte.<\/p>\n<p><strong><span style=\"font-family: Helvetica, Arial, sans-serif; text-transform: uppercase;\">C\u00ebla enghe:<\/span><\/strong> <a title=\"Flucht zur Justiz.\" href=\"http:\/\/www.brennerbasisdemokratie.eu\/?p=37382\"><code>01<\/code><\/a> <a title=\"Puigdemont darf ins EU-Parlament.\" href=\"http:\/\/www.brennerbasisdemokratie.eu\/?p=53870\"><code>02<\/code><\/a> <a title=\"Puigdemont: Haftbefehl mit Fehlstart.\" href=\"http:\/\/www.brennerbasisdemokratie.eu\/?p=51631\"><code>03<\/code><\/a>&nbsp;<span style=\"font-family: Helvetica, Arial, sans-serif; font-weight: normal;\">||<\/span> <a title=\"Belgien liefert Puig vorerst nicht aus.\" href=\"https:\/\/www.brennerbasisdemokratie.eu\/?p=59555\"><span style=\"color: #ff8c00\"><code>01<\/code><\/span><\/a><\/p>","protected":false},"excerpt":{"rendered":"<p>Die belgische Justiz hat heute das Auslieferungsverfahren gegen den ehemaligen katalanischen Pr\u00e4sidenten Carles Puigdemont (PDeCAT\/JxC) und seinen damaligen Minister Toni Com\u00edn (JxC) aufgehoben, weil sie als EU-Parlamentarier Immunit\u00e4t genie\u00dfen. Schon am 16. Dezember war die Entscheidung vertagt worden, um das EuGH-Urteil zum Fall Oriol Junqueras (ERC) abzuwarten. Drei Tage sp\u00e4ter (am 19. Dezember) wurde es [&hellip;]<\/p>","protected":false},"author":1,"featured_media":0,"comment_status":"open","ping_status":"open","sticky":false,"template":"","format":"standard","meta":{"_crdt_document":"","ngg_post_thumbnail":0,"_jetpack_memberships_contains_paid_content":false,"footnotes":""},"categories":[1],"tags":[],"class_list":["post-54027","post","type-post","status-publish","format-standard","hentry","category-allgemein","entity-erc","entity-eu-parlament","entity-eugh","entity-pdecat","issue-europawahl-2019","issue-good-news","issue-1o2017","location-belgien","location-catalunya","location-spania","language-deutsch","person-carles-puigdemont","person-oriol-junqueras","person-toni-comin","topic-justiz","topic-politik","topic-recht","topic-repression","topic-selbstbestimmung"],"jetpack_featured_media_url":"","jetpack_sharing_enabled":true,"_links":{"self":[{"href":"https:\/\/www.brennerbasisdemokratie.eu\/index.php?rest_route=\/wp\/v2\/posts\/54027","targetHints":{"allow":["GET"]}}],"collection":[{"href":"https:\/\/www.brennerbasisdemokratie.eu\/index.php?rest_route=\/wp\/v2\/posts"}],"about":[{"href":"https:\/\/www.brennerbasisdemokratie.eu\/index.php?rest_route=\/wp\/v2\/types\/post"}],"author":[{"embeddable":true,"href":"https:\/\/www.brennerbasisdemokratie.eu\/index.php?rest_route=\/wp\/v2\/users\/1"}],"replies":[{"embeddable":true,"href":"https:\/\/www.brennerbasisdemokratie.eu\/index.php?rest_route=%2Fwp%2Fv2%2Fcomments&post=54027"}],"version-history":[{"count":9,"href":"https:\/\/www.brennerbasisdemokratie.eu\/index.php?rest_route=\/wp\/v2\/posts\/54027\/revisions"}],"predecessor-version":[{"id":89223,"href":"https:\/\/www.brennerbasisdemokratie.eu\/index.php?rest_route=\/wp\/v2\/posts\/54027\/revisions\/89223"}],"wp:attachment":[{"href":"https:\/\/www.brennerbasisdemokratie.eu\/index.php?rest_route=%2Fwp%2Fv2%2Fmedia&parent=54027"}],"wp:term":[{"taxonomy":"category","embeddable":true,"href":"https:\/\/www.brennerbasisdemokratie.eu\/index.php?rest_route=%2Fwp%2Fv2%2Fcategories&post=54027"},{"taxonomy":"post_tag","embeddable":true,"href":"https:\/\/www.brennerbasisdemokratie.eu\/index.php?rest_route=%2Fwp%2Fv2%2Ftags&post=54027"}],"curies":[{"name":"wp","href":"https:\/\/api.w.org\/{rel}","templated":true}]}}