{"id":54042,"date":"2020-01-04T12:19:29","date_gmt":"2020-01-04T11:19:29","guid":{"rendered":"http:\/\/www.brennerbasisdemokratie.eu\/?p=54042"},"modified":"2026-05-01T13:40:46","modified_gmt":"2026-05-01T11:40:46","slug":"bushaltestelle-ist-romische-kompetenz","status":"publish","type":"post","link":"https:\/\/www.brennerbasisdemokratie.eu\/?p=54042","title":{"rendered":"Bushaltestelle ist r\u00f6mische Kompetenz."},"content":{"rendered":"<p>Die Haltestelle f\u00fcr Fernverkehrsbusse <em>(Flixbus<\/em> &amp; Co.) in der Landeshauptstadt h\u00e4tte im J\u00e4nner von der Mayr-Nusser-Stra\u00dfe zum Messebahnhof (Bhf. Bozen S\u00fcd) verlegt werden sollen, weil sie am derzeitigen Standort die Einsatzfahrzeuge der Feuerwehr behindert. Daraus wird aber leider nix: Wie die S\u00fcdtirolbeilage des <em>Corriere<\/em> heute berichtet, muss der Termin auf den Sommer verschoben werden, da der Umzug vom r\u00f6mischen Verkehrsministerium genehmigt werden muss. Und diese Genehmigung l\u00e4sst nat\u00fcrlich auf sich warten.<\/p>\n<p>Das vorzeigeautonome S\u00fcdtirol kann also nicht einmal selbst entscheiden, wo auf dem Gemeindegebiet der Landeshauptstadt Busse anhalten \u2014 das geh\u00f6rt anscheinend zu den \u00bbwenigen\u00ab Kernkompetenzen des Zentralstaats. Subsidiarit\u00e4tsprinzip par excellence.<\/p>\n<p><small><em>Hinweis: Dieser Beitrag stellt weder direkt noch indirekt eine Kritik am jetzigen oder aber am geplanten Standort der Fernbushaltestelle dar, sondern befasst sich ausschlie\u00dflich mit der Verortung der Zust\u00e4ndigkeit.<\/em><\/small><\/p>\n<p><strong><span style=\"font-family: Helvetica, Arial, sans-serif; text-transform: uppercase;\">C\u00ebla enghe:<\/span><\/strong> <a title=\"S\u00fcdtirol, nicht so gro\u00dfe Rechte.\" href=\"http:\/\/www.brennerbasisdemokratie.eu\/?p=53940\"><code>01<\/code><\/a> <a title=\"Immer an der Grenze der Autonomie.\" href=\"http:\/\/www.brennerbasisdemokratie.eu\/?p=43094\"><code>02<\/code><\/a> <span style=\"font-family: Helvetica, Arial, sans-serif; font-weight: normal;\">||<\/span> <a title=\"LR Bianchi \u00fcbergibt Bozner Verkehrsplanung an Salvini.\" href=\"https:\/\/www.brennerbasisdemokratie.eu\/?p=89992\"><span style=\"color: #ff8c00\"><code>01<\/code><\/span><\/a><\/p>","protected":false},"excerpt":{"rendered":"<p>Die Haltestelle f\u00fcr Fernverkehrsbusse (Flixbus &amp; Co.) in der Landeshauptstadt h\u00e4tte im J\u00e4nner von der Mayr-Nusser-Stra\u00dfe zum Messebahnhof (Bhf. Bozen S\u00fcd) verlegt werden sollen, weil sie am derzeitigen Standort die Einsatzfahrzeuge der Feuerwehr behindert. Daraus wird aber leider nix: Wie die S\u00fcdtirolbeilage des Corriere heute berichtet, muss der Termin auf den Sommer verschoben werden, da [&hellip;]<\/p>","protected":false},"author":1,"featured_media":0,"comment_status":"open","ping_status":"open","sticky":false,"template":"","format":"standard","meta":{"_crdt_document":"","ngg_post_thumbnail":0,"_jetpack_memberships_contains_paid_content":false,"footnotes":""},"categories":[1],"tags":[],"class_list":["post-54042","post","type-post","status-publish","format-standard","hentry","category-allgemein","entity-gemeinde-bozen","entity-pd","entity-staat-italien","location-italy","location-sudtirolo","language-deutsch","medium-corriere","person-renzo-caramaschi","topic-autonomieverlust","topic-mobilitaet","topic-subsidiaritaet","topic-vorzeigeautonomie","topic-zentralismus","topic-zustaendigkeiten"],"jetpack_featured_media_url":"","jetpack_sharing_enabled":true,"_links":{"self":[{"href":"https:\/\/www.brennerbasisdemokratie.eu\/index.php?rest_route=\/wp\/v2\/posts\/54042","targetHints":{"allow":["GET"]}}],"collection":[{"href":"https:\/\/www.brennerbasisdemokratie.eu\/index.php?rest_route=\/wp\/v2\/posts"}],"about":[{"href":"https:\/\/www.brennerbasisdemokratie.eu\/index.php?rest_route=\/wp\/v2\/types\/post"}],"author":[{"embeddable":true,"href":"https:\/\/www.brennerbasisdemokratie.eu\/index.php?rest_route=\/wp\/v2\/users\/1"}],"replies":[{"embeddable":true,"href":"https:\/\/www.brennerbasisdemokratie.eu\/index.php?rest_route=%2Fwp%2Fv2%2Fcomments&post=54042"}],"version-history":[{"count":7,"href":"https:\/\/www.brennerbasisdemokratie.eu\/index.php?rest_route=\/wp\/v2\/posts\/54042\/revisions"}],"predecessor-version":[{"id":99106,"href":"https:\/\/www.brennerbasisdemokratie.eu\/index.php?rest_route=\/wp\/v2\/posts\/54042\/revisions\/99106"}],"wp:attachment":[{"href":"https:\/\/www.brennerbasisdemokratie.eu\/index.php?rest_route=%2Fwp%2Fv2%2Fmedia&parent=54042"}],"wp:term":[{"taxonomy":"category","embeddable":true,"href":"https:\/\/www.brennerbasisdemokratie.eu\/index.php?rest_route=%2Fwp%2Fv2%2Fcategories&post=54042"},{"taxonomy":"post_tag","embeddable":true,"href":"https:\/\/www.brennerbasisdemokratie.eu\/index.php?rest_route=%2Fwp%2Fv2%2Ftags&post=54042"}],"curies":[{"name":"wp","href":"https:\/\/api.w.org\/{rel}","templated":true}]}}