{"id":54074,"date":"2020-01-08T12:07:51","date_gmt":"2020-01-08T11:07:51","guid":{"rendered":"http:\/\/www.brennerbasisdemokratie.eu\/?p=54074"},"modified":"2024-04-11T17:24:56","modified_gmt":"2024-04-11T15:24:56","slug":"junqueras-puigdemont-und-comin-sind-mitglieder-des-eu-parlaments","status":"publish","type":"post","link":"https:\/\/www.brennerbasisdemokratie.eu\/?p=54074","title":{"rendered":"Junqueras, Puigdemont und Com\u00edn sind Mitglieder des EU-Parlaments."},"content":{"rendered":"<p>Das EU-Parlament in Stra\u00dfburg hat die drei von der spanischen Justiz verfolgten Katalanen Carles Puigdemont (<abbr title=\"Partit Dem\u00f2crata Europeu Catal\u00e0\">PDeCAT<\/abbr> und <abbr title=\"Junts per Catalunya\">JxC<\/abbr>), Toni Com\u00edn (<abbr title=\"Junts per Catalunya\">JxC<\/abbr>) und Oriol Junqueras (<abbr title=\"Esquerra Republicana de Catalunya\">ERC<\/abbr>) als Abgeordnete anerkannt. Vorangegangen war <a title=\"EuGH: Junqueras hatte Immunit\u00e4t.\" href=\"http:\/\/www.brennerbasisdemokratie.eu\/?p=53815\">ein richtungsweisendes Urteil<\/a> des <abbr title=\"Europ\u00e4ischer Gerichtshof\">EuGH<\/abbr>, wonach Junqueras auch ohne Angelobungsformalit\u00e4ten in Besitz der mit dem Amt einhergehenden Immunit\u00e4t ist.<\/p>\n<p>F\u00fcr alle drei wurde auf dem Webauftritt des EU-Parlaments, wo sie derzeit noch als \u00bbfraktionslos\u00ab gef\u00fchrt werden, ein Profil angelegt. Junqueras wird <a title=\"Junqueras candidato alla presidenza europea.\" href=\"http:\/\/www.brennerbasisdemokratie.eu\/?p=47151\">als Spitzenkandidat<\/a> der <abbr title=\"Europ\u00e4ische Freie Allianz\">EFA<\/abbr> in der gemeinsamen Fraktion von EFA und <em>Gr\u00fcnen<\/em> aller Voraussicht nach den stellvertretenden Vorsitz \u00fcbernehmen. Welcher Gruppe sich Puigdemont und Com\u00edn anschlie\u00dfen werden, ist derzeit noch offen.<\/p>\n<p>Allerdings befindet sich Junqueras nach wie vor im Gef\u00e4ngnis, nachdem er vor wenigen Monaten <a title=\"100 Jahre f\u00fcr ein Referendum.\" href=\"http:\/\/www.brennerbasisdemokratie.eu\/?p=51551\">zu 13 Jahren Haft verurteilt worden war<\/a>. Bislang hat das spanische H\u00f6chstgericht n\u00e4mlich nicht auf den Richterinnenspruch aus Luxemburg reagiert. W\u00e4hrend also Puigdemont und Com\u00edn an der kommenden Sitzung des EU-Parlaments am 13. J\u00e4nner werden teilnehmen k\u00f6nnen, scheint dies f\u00fcr den ERC-Chef derzeit noch unwahrscheinlich.<\/p>\n<p><strong><span style=\"font-family: Helvetica, Arial, sans-serif; text-transform: uppercase;\">C\u00ebla enghe:<\/span><\/strong> <a title=\"UE-Junqueras: E pur si muove.\" href=\"http:\/\/www.brennerbasisdemokratie.eu\/?p=53846\"><code>01<\/code><\/a> <a title=\"Puigdemont darf ins EU-Parlament.\" href=\"http:\/\/www.brennerbasisdemokratie.eu\/?p=53870\"><code>02<\/code><\/a> <a title=\"Vorerst keine Auslieferung von Puigdemont.\" href=\"http:\/\/www.brennerbasisdemokratie.eu\/?p=54027\"><code>03<\/code><\/a> <a title=\"Europee, diritti negati a Junqueras.\" href=\"http:\/\/www.brennerbasisdemokratie.eu\/?p=49161\"><code>04<\/code><\/a> <span style=\"font-family: Helvetica, Arial, sans-serif; font-weight: normal;\">||<\/span> <a title=\"Junqueras soll nicht nach Stra\u00dfburg d\u00fcrfen.\" href=\"http:\/\/www.brennerbasisdemokratie.eu\/?p=54084\"><span style=\"color: #ff8c00\"><code>01<\/code><\/span><\/a> <a title=\"EU-Parlament entl\u00e4sst Junqueras.\" href=\"http:\/\/www.brennerbasisdemokratie.eu\/?p=54092\"><span style=\"color: #ff8c00\"><code>02<\/code><\/span><\/a> <a title=\"EU-Parlament hebt Immunit\u00e4t von Puigdemont, Ponsat\u00ed und Com\u00edn auf.\" href=\"https:\/\/www.brennerbasisdemokratie.eu\/?p=63973\"><span style=\"color: #ff8c00\"><code>03<\/code><\/span><\/a> <a title=\"Ausschluss von Puigdemont, Staatsanwalt am EuGH gegen Tajani.\" href=\"https:\/\/www.brennerbasisdemokratie.eu\/?p=84881\"><span style=\"color: #ff8c00\"><code>04<\/code><\/span><\/a><\/p>","protected":false},"excerpt":{"rendered":"<p>Das EU-Parlament in Stra\u00dfburg hat die drei von der spanischen Justiz verfolgten Katalanen Carles Puigdemont (PDeCAT und JxC), Toni Com\u00edn (JxC) und Oriol Junqueras (ERC) als Abgeordnete anerkannt. Vorangegangen war ein richtungsweisendes Urteil des EuGH, wonach Junqueras auch ohne Angelobungsformalit\u00e4ten in Besitz der mit dem Amt einhergehenden Immunit\u00e4t ist. F\u00fcr alle drei wurde auf dem [&hellip;]<\/p>","protected":false},"author":1,"featured_media":0,"comment_status":"open","ping_status":"open","sticky":false,"template":"","format":"standard","meta":{"_crdt_document":"","ngg_post_thumbnail":0,"_jetpack_memberships_contains_paid_content":false,"footnotes":""},"categories":[1],"tags":[],"class_list":["post-54074","post","type-post","status-publish","format-standard","hentry","category-allgemein","entity-efa","entity-erc","entity-eu-parlament","entity-eu","entity-eugh","entity-junts","entity-pdecat","entity-verc","issue-europawahl-2019","issue-good-news","issue-1o2017","location-catalunya","location-europa","location-letzebuerg","location-spania","language-deutsch","person-carles-puigdemont","person-oriol-junqueras","person-toni-comin","topic-democrazia","topic-politik","topic-recht","topic-repression"],"jetpack_featured_media_url":"","jetpack_sharing_enabled":true,"_links":{"self":[{"href":"https:\/\/www.brennerbasisdemokratie.eu\/index.php?rest_route=\/wp\/v2\/posts\/54074","targetHints":{"allow":["GET"]}}],"collection":[{"href":"https:\/\/www.brennerbasisdemokratie.eu\/index.php?rest_route=\/wp\/v2\/posts"}],"about":[{"href":"https:\/\/www.brennerbasisdemokratie.eu\/index.php?rest_route=\/wp\/v2\/types\/post"}],"author":[{"embeddable":true,"href":"https:\/\/www.brennerbasisdemokratie.eu\/index.php?rest_route=\/wp\/v2\/users\/1"}],"replies":[{"embeddable":true,"href":"https:\/\/www.brennerbasisdemokratie.eu\/index.php?rest_route=%2Fwp%2Fv2%2Fcomments&post=54074"}],"version-history":[{"count":9,"href":"https:\/\/www.brennerbasisdemokratie.eu\/index.php?rest_route=\/wp\/v2\/posts\/54074\/revisions"}],"predecessor-version":[{"id":84893,"href":"https:\/\/www.brennerbasisdemokratie.eu\/index.php?rest_route=\/wp\/v2\/posts\/54074\/revisions\/84893"}],"wp:attachment":[{"href":"https:\/\/www.brennerbasisdemokratie.eu\/index.php?rest_route=%2Fwp%2Fv2%2Fmedia&parent=54074"}],"wp:term":[{"taxonomy":"category","embeddable":true,"href":"https:\/\/www.brennerbasisdemokratie.eu\/index.php?rest_route=%2Fwp%2Fv2%2Fcategories&post=54074"},{"taxonomy":"post_tag","embeddable":true,"href":"https:\/\/www.brennerbasisdemokratie.eu\/index.php?rest_route=%2Fwp%2Fv2%2Ftags&post=54074"}],"curies":[{"name":"wp","href":"https:\/\/api.w.org\/{rel}","templated":true}]}}