{"id":54084,"date":"2020-01-09T16:14:12","date_gmt":"2020-01-09T15:14:12","guid":{"rendered":"http:\/\/www.brennerbasisdemokratie.eu\/?p=54084"},"modified":"2023-01-26T18:11:44","modified_gmt":"2023-01-26T17:11:44","slug":"junqueras-soll-nicht-nach-strasburg-durfen","status":"publish","type":"post","link":"https:\/\/www.brennerbasisdemokratie.eu\/?p=54084","title":{"rendered":"Junqueras soll nicht nach Stra\u00dfburg d\u00fcrfen."},"content":{"rendered":"<p>Das spanische H\u00f6chstgericht geht mit dem <abbr title=\"Europ\u00e4ischer Gerichtshof\">EuGH<\/abbr> auf Konfrontationskurs und enthebt den ehemaligen katalanischen Vizepr\u00e4sidenten Oriol Junqueras (<abbr title=\"Esquerra Republicana de Catalunya\">ERC<\/abbr>) seines Amtes als EU-Abgeordneter. Das Luxemburger Gericht <a title=\"EuGH: Junqueras hatte Immunit\u00e4t.\" href=\"http:\/\/www.brennerbasisdemokratie.eu\/?p=53815\">hatte erst k\u00fcrzlich entschieden<\/a>, dass Junqueras seit der Europawahl im Genuss der parlamentarischen Immunit\u00e4t war, woraufhin der Vorsitzende der EU-Versammlung, David Sassoli (<abbr title=\"Partito Democratico\">PD<\/abbr>-<abbr title=\"Progressive Alliance of Socialists & Democrats\">S&D<\/abbr>), <a title=\"UE-Junqueras: E pur si muove.\" href=\"http:\/\/www.brennerbasisdemokratie.eu\/?p=53846\">seine Anerkennung als Mitglied einleitete<\/a>. Auch der ehemalige katalanische Pr\u00e4sident Carles Puigdemont (<abbr title=\"Partit Dem\u00f2crata Europeu Catal\u00e0\">PDeCAT<\/abbr>\/<abbr title=\"Junts per Catalunya\">JxC<\/abbr>) und sein fr\u00fcherer Gesundheitsminister Toni Com\u00edn (JxC) profitierten von dem Urteil. Sie sind inzwischen <a title=\"Junqueras, Puigdemont und Com\u00edn sind Mitglieder des EU-Parlaments.\" href=\"http:\/\/www.brennerbasisdemokratie.eu\/?p=54074\">als Parlamentarier akkreditiert.<\/a><\/p>\n<p>V\u00f6llig absurd scheint, dass Richter Manuel Marchena, der das Verfahren gegen Junqueras und weitere Mitangeklagte am spanischen H\u00f6chstgericht leitete, selbst eine Anfrage an den EuGH gestellt hatte, um in Erfahrung zu bringen, wie mit dem ERC-Chef zu verfahren sei. Schriftlich versicherte er dem Gericht in Luxemburg sogar ausdr\u00fccklich, dessen Einsch\u00e4tzung auch dann einhalten zu wollen, falls Junqueras zum Zeitpunkt ihrer Ver\u00f6ffentlichung bereits verurteilt sein sollte.<\/p>\n<p>Doch nun die Kehrtwende: Nicht nur, dass Marchena dem Urteil des <abbr title=\"Europ\u00e4ischer Gerichtshof\">EuGH<\/abbr> nicht folgeleisten und Junqueras hinter Gittern lassen will. Er setzt auch noch aktiv den Schritt zu dessen Amtsenthebung wegen angeblicher Unw\u00e4hlbarkeit. Parlamentspr\u00e4sidenten Sassoli lie\u00df das H\u00f6chstgericht dies bereits offiziell mitteilen.<\/p>\n<p>Von Anfang an war die Vermutung ge\u00e4u\u00dfert worden, Marchena habe den EuGH nur angerufen, um zu verhindern, dass ihm die Verteidigung von Junqueras \u2014 dann aber wom\u00f6glich mit einer f\u00fcr das spanische H\u00f6chstgericht unvorteilhafteren Formulierung der Anfrage \u2014 zuvorkommt. Nachdem die Antwort aber nicht nach dem Wunsch der spanischen Justiz ausgefallen ist, scheut diese sich nun nicht, sich dem EuGH zu widersetzen.<\/p>\n<p>Welchen Ausgang das alles nehmen wird, ist derzeit nicht absehbar. Der Eindruck, dass es hier mehr um Rache als um Recht geht, versch\u00e4rft sich aber weiter.<\/p>\n<p><strong><span style=\"font-family: Helvetica, Arial, sans-serif; text-transform: uppercase;\">C\u00ebla enghe:<\/span><\/strong> <a title=\"Europee, diritti negati a Junqueras.\" href=\"http:\/\/www.brennerbasisdemokratie.eu\/?p=49161\"><code>01<\/code><\/a> <span style=\"font-family: Helvetica, Arial, sans-serif; font-weight: normal;\">||<\/span> <a title=\"EU-Parlament entl\u00e4sst Junqueras.\" href=\"http:\/\/www.brennerbasisdemokratie.eu\/?p=54092\"><span style=\"color: #ff8c00\"><code>01<\/code><\/span><\/a><\/p>","protected":false},"excerpt":{"rendered":"<p>Das spanische H\u00f6chstgericht geht mit dem EuGH auf Konfrontationskurs und enthebt den ehemaligen katalanischen Vizepr\u00e4sidenten Oriol Junqueras (ERC) seines Amtes als EU-Abgeordneter. Das Luxemburger Gericht hatte erst k\u00fcrzlich entschieden, dass Junqueras seit der Europawahl im Genuss der parlamentarischen Immunit\u00e4t war, woraufhin der Vorsitzende der EU-Versammlung, David Sassoli (PD-S&#038;D), seine Anerkennung als Mitglied einleitete. Auch der [&hellip;]<\/p>","protected":false},"author":1,"featured_media":0,"comment_status":"open","ping_status":"open","sticky":false,"template":"","format":"standard","meta":{"_crdt_document":"","ngg_post_thumbnail":0,"_jetpack_memberships_contains_paid_content":false,"footnotes":""},"categories":[1],"tags":[],"class_list":["post-54084","post","type-post","status-publish","format-standard","hentry","category-allgemein","entity-efa","entity-erc","entity-eu-parlament","entity-eu","entity-eugh","entity-pd","entity-pdecat","issue-europawahl-2019","issue-1o2017","location-catalunya","location-europa","location-letzebuerg","language-deutsch","person-carles-puigdemont","person-oriol-junqueras","person-toni-comin","topic-politik","topic-recht","topic-repression"],"jetpack_featured_media_url":"","jetpack_sharing_enabled":true,"_links":{"self":[{"href":"https:\/\/www.brennerbasisdemokratie.eu\/index.php?rest_route=\/wp\/v2\/posts\/54084","targetHints":{"allow":["GET"]}}],"collection":[{"href":"https:\/\/www.brennerbasisdemokratie.eu\/index.php?rest_route=\/wp\/v2\/posts"}],"about":[{"href":"https:\/\/www.brennerbasisdemokratie.eu\/index.php?rest_route=\/wp\/v2\/types\/post"}],"author":[{"embeddable":true,"href":"https:\/\/www.brennerbasisdemokratie.eu\/index.php?rest_route=\/wp\/v2\/users\/1"}],"replies":[{"embeddable":true,"href":"https:\/\/www.brennerbasisdemokratie.eu\/index.php?rest_route=%2Fwp%2Fv2%2Fcomments&post=54084"}],"version-history":[{"count":7,"href":"https:\/\/www.brennerbasisdemokratie.eu\/index.php?rest_route=\/wp\/v2\/posts\/54084\/revisions"}],"predecessor-version":[{"id":76402,"href":"https:\/\/www.brennerbasisdemokratie.eu\/index.php?rest_route=\/wp\/v2\/posts\/54084\/revisions\/76402"}],"wp:attachment":[{"href":"https:\/\/www.brennerbasisdemokratie.eu\/index.php?rest_route=%2Fwp%2Fv2%2Fmedia&parent=54084"}],"wp:term":[{"taxonomy":"category","embeddable":true,"href":"https:\/\/www.brennerbasisdemokratie.eu\/index.php?rest_route=%2Fwp%2Fv2%2Fcategories&post=54084"},{"taxonomy":"post_tag","embeddable":true,"href":"https:\/\/www.brennerbasisdemokratie.eu\/index.php?rest_route=%2Fwp%2Fv2%2Ftags&post=54084"}],"curies":[{"name":"wp","href":"https:\/\/api.w.org\/{rel}","templated":true}]}}