{"id":54102,"date":"2020-01-11T07:29:01","date_gmt":"2020-01-11T06:29:01","guid":{"rendered":"http:\/\/www.brennerbasisdemokratie.eu\/?p=54102"},"modified":"2023-07-22T14:58:20","modified_gmt":"2023-07-22T12:58:20","slug":"54102","status":"publish","type":"post","link":"https:\/\/www.brennerbasisdemokratie.eu\/?p=54102","title":{"rendered":"Wirbel um Absetzung von Quim Torra."},"content":{"rendered":"<p>K\u00fcrzlich wurde der katalanische Pr\u00e4sident Quim Torra (<abbr title=\"Junts per Catalunya\">JxC<\/abbr>) <a title=\"Katalanischer Pr\u00e4sident Torra verurteilt.\" href=\"http:\/\/www.brennerbasisdemokratie.eu\/?p=53861\">zu einem anderthalb Jahre dauernden \u00c4mterverbot verurteilt<\/a>, weil er vor der Kongresswahl im Fr\u00fchling 2019 einige Spruchb\u00e4nder zugunsten der politischen Gefangenen zu sp\u00e4t hatte vom Sitz der <em>Generalitat<\/em> abh\u00e4ngen lassen. Diesen erstinstanzlichen Entscheid nahm die zentrale Wahlbeh\u00f6rde (<abbr title=\"Junta Electoral Central\">JEC<\/abbr>) auf Petition von <abbr title=\"Partido Popular\">PP<\/abbr>, <abbr title=\"Ciudadanos\">Cs<\/abbr> und rechtsradikaler <em>Vox<\/em> zum Anlass, <a title=\"Quim Torra retroattivamente ineleggibile.\" href=\"http:\/\/www.brennerbasisdemokratie.eu\/?p=54048\">die eingetretene Unw\u00e4hlbarkeit Torras festzustellen<\/a> und die lokale Wahlbeh\u00f6rde in Barcelona (JEP) mit der sofortigen Amtsenthebung als Abgeordneter zum katalanischen Parlament zu beauftragen. Da laut Autonomiestatut nur Abgeordnete ins Pr\u00e4sidentschaftsamt gew\u00e4hlt werden k\u00f6nnen, verl\u00f6re Torra damit auch sein Amt als Regierungschef.<\/p>\n<p>Sechs der 13 JEC-Mitglieder distanzierten sich vom Beschluss ihrer eigenen Beh\u00f6rde und wiesen darauf hin, dass die Amtsenthebung gar nicht zu den Aufgaben der Wahlbeh\u00f6rde geh\u00f6re, sondern nur vom katalanischen Parlament umgesetzt werden k\u00f6nne. Torras Antrag auf Aussetzung der Ma\u00dfnahme wies das spanische H\u00f6chstgericht nun aber ab.<\/p>\n<p>Roger Torrent (<abbr title=\"Esquerra Republicana de Catalunya\">ERC<\/abbr>), Pr\u00e4sident des katalanischen Parlaments, best\u00e4tigte Torra nun ausdr\u00fccklich, dass er sein Abgeordnetenamt nicht verloren habe \u2014 und anerkannte damit weder den Beschluss der JEC noch die darauf zur\u00fcckzuf\u00fchrende Aufforderung der JEP zur Entlassung des Pr\u00e4sidenten.<\/p>\n<p><strong><span style=\"font-family: Helvetica, Arial, sans-serif; text-transform: uppercase;\">C\u00ebla enghe:<\/span><\/strong> <a title=\"Llibertat peixos pac\u00edfics.\" href=\"http:\/\/www.brennerbasisdemokratie.eu\/?p=47550\"><code>01<\/code><\/a>\u00a0<span style=\"font-family: Helvetica, Arial, sans-serif; font-weight: normal;\">||<\/span> <a title=\"Katalanischer Pr\u00e4sident abgesetzt.\" href=\"https:\/\/www.brennerbasisdemokratie.eu\/?p=61123\"><span style=\"color: #ff8c00\"><code>01<\/code><\/span><\/a><\/p>","protected":false},"excerpt":{"rendered":"<p>K\u00fcrzlich wurde der katalanische Pr\u00e4sident Quim Torra (JxC) zu einem anderthalb Jahre dauernden \u00c4mterverbot verurteilt, weil er vor der Kongresswahl im Fr\u00fchling 2019 einige Spruchb\u00e4nder zugunsten der politischen Gefangenen zu sp\u00e4t hatte vom Sitz der Generalitat abh\u00e4ngen lassen. Diesen erstinstanzlichen Entscheid nahm die zentrale Wahlbeh\u00f6rde (JEC) auf Petition von PP, Cs und rechtsradikaler Vox zum [&hellip;]<\/p>","protected":false},"author":1,"featured_media":0,"comment_status":"open","ping_status":"open","sticky":false,"template":"","format":"standard","meta":{"_crdt_document":"","ngg_post_thumbnail":0,"_jetpack_memberships_contains_paid_content":false,"footnotes":""},"categories":[1],"tags":[],"class_list":["post-54102","post","type-post","status-publish","format-standard","hentry","category-allgemein","entity-cs","entity-erc","entity-gencat","entity-junts","entity-pp","entity-vox","issue-1o2017","location-catalunya","location-spania","language-deutsch","person-quim-torra","topic-politik","topic-recht","topic-repression","topic-ungehorsam"],"jetpack_featured_media_url":"","jetpack_sharing_enabled":true,"_links":{"self":[{"href":"https:\/\/www.brennerbasisdemokratie.eu\/index.php?rest_route=\/wp\/v2\/posts\/54102","targetHints":{"allow":["GET"]}}],"collection":[{"href":"https:\/\/www.brennerbasisdemokratie.eu\/index.php?rest_route=\/wp\/v2\/posts"}],"about":[{"href":"https:\/\/www.brennerbasisdemokratie.eu\/index.php?rest_route=\/wp\/v2\/types\/post"}],"author":[{"embeddable":true,"href":"https:\/\/www.brennerbasisdemokratie.eu\/index.php?rest_route=\/wp\/v2\/users\/1"}],"replies":[{"embeddable":true,"href":"https:\/\/www.brennerbasisdemokratie.eu\/index.php?rest_route=%2Fwp%2Fv2%2Fcomments&post=54102"}],"version-history":[{"count":6,"href":"https:\/\/www.brennerbasisdemokratie.eu\/index.php?rest_route=\/wp\/v2\/posts\/54102\/revisions"}],"predecessor-version":[{"id":75924,"href":"https:\/\/www.brennerbasisdemokratie.eu\/index.php?rest_route=\/wp\/v2\/posts\/54102\/revisions\/75924"}],"wp:attachment":[{"href":"https:\/\/www.brennerbasisdemokratie.eu\/index.php?rest_route=%2Fwp%2Fv2%2Fmedia&parent=54102"}],"wp:term":[{"taxonomy":"category","embeddable":true,"href":"https:\/\/www.brennerbasisdemokratie.eu\/index.php?rest_route=%2Fwp%2Fv2%2Fcategories&post=54102"},{"taxonomy":"post_tag","embeddable":true,"href":"https:\/\/www.brennerbasisdemokratie.eu\/index.php?rest_route=%2Fwp%2Fv2%2Ftags&post=54102"}],"curies":[{"name":"wp","href":"https:\/\/api.w.org\/{rel}","templated":true}]}}