{"id":54802,"date":"2020-02-11T21:43:29","date_gmt":"2020-02-11T20:43:29","guid":{"rendered":"http:\/\/www.brennerbasisdemokratie.eu\/?p=54802"},"modified":"2020-02-12T10:44:41","modified_gmt":"2020-02-12T09:44:41","slug":"nicht-vertraglich-abgeschlossene-verschuldung","status":"publish","type":"post","link":"https:\/\/www.brennerbasisdemokratie.eu\/?p=54802","title":{"rendered":"Nicht vertraglich abgeschlossene Verschuldung."},"content":{"rendered":"<p>Die Landesregierung hat heute ihr etwas mickriges Hochbauprogramm vorgestellt: 127 Millionen in drei Jahren (2020-2022), wovon mehr als ein Zehntel (11%) in Milit\u00e4rgeb\u00e4ude gesteckt wird.<\/p>\n<p>Der entsprechenden <a title=\"LPA: PM.\" href=\"http:\/\/www.provinz.bz.it\/news\/de\/news.asp?news_action=4&amp;news_article_id=635012\" target=\"_blank\" rel=\"noopener noreferrer\">Meldung<\/a> der Landespresseagentur ist aber auch folgende aufschlussreiche Passage zu entnehmen:<\/p>\n<blockquote><p>Neu ist in diesem Jahr die Finanzplanung \u00fcber die genehmigte und nicht vertraglich abgeschlossene Verschuldung (DANC \u2013 debito autorizzato non contratto).<\/p>\n<p>\u2014 LPA<\/p><\/blockquote>\n<p>Aufschlussreich ist die Passage einmal mehr hinsichtlich des Stellenwerts der deutschen Sprache beim (und im) Land \u2014 nicht so sehr wegen des \u00bbunverzichtbaren\u00ab italienischen Akronyms (SPID, PEC &amp; Co. lassen gr\u00fc\u00dfen), als aufgrund seiner\u2026 \u00e4hm\u2026 abenteuerlichen \u00dcbersetzung. Das Wort \u00bbcontratto\u00ab hat hier n\u00e4mlich nichts mit einem Vertrag zu tun, sondern ist ein Partizip von \u00bbcontrarre\u00ab. Folglich haben wir es mit \u00bbgenehmigten und nicht aufgenommenen Schulden\u00ab und nicht mit einer \u00bbgenehmigten und nicht vertraglich abgeschlossenen Verschuldung\u00ab zu tun.<\/p>\n<p>Aber nat\u00fcrlich wurde die stumpfsinnige \u00dcbersetzung schon von mehreren S\u00fcdtiroler Medien (unkritisch) \u00fcbernommen.<\/p>","protected":false},"excerpt":{"rendered":"<p>Die Landesregierung hat heute ihr etwas mickriges Hochbauprogramm vorgestellt: 127 Millionen in drei Jahren (2020-2022), wovon mehr als ein Zehntel (11%) in Milit\u00e4rgeb\u00e4ude gesteckt wird. Der entsprechenden Meldung der Landespresseagentur ist aber auch folgende aufschlussreiche Passage zu entnehmen: Neu ist in diesem Jahr die Finanzplanung \u00fcber die genehmigte und nicht vertraglich abgeschlossene Verschuldung (DANC \u2013 [&hellip;]<\/p>","protected":false},"author":1,"featured_media":0,"comment_status":"open","ping_status":"open","sticky":false,"template":"","format":"standard","meta":{"_crdt_document":"","ngg_post_thumbnail":0,"_jetpack_memberships_contains_paid_content":false,"footnotes":""},"categories":[1],"tags":[],"class_list":["post-54802","post","type-post","status-publish","format-standard","hentry","category-allgemein","entity-land-sudtirol","issue-italianizzazione","issue-zitac","location-sudtirolo","language-deutsch","medium-lpa","topic-arch","topic-militar","topic-politik","topic-servicepublic","topic-sprachpfusch","topic-wirtschaft"],"jetpack_featured_media_url":"","jetpack_sharing_enabled":true,"_links":{"self":[{"href":"https:\/\/www.brennerbasisdemokratie.eu\/index.php?rest_route=\/wp\/v2\/posts\/54802","targetHints":{"allow":["GET"]}}],"collection":[{"href":"https:\/\/www.brennerbasisdemokratie.eu\/index.php?rest_route=\/wp\/v2\/posts"}],"about":[{"href":"https:\/\/www.brennerbasisdemokratie.eu\/index.php?rest_route=\/wp\/v2\/types\/post"}],"author":[{"embeddable":true,"href":"https:\/\/www.brennerbasisdemokratie.eu\/index.php?rest_route=\/wp\/v2\/users\/1"}],"replies":[{"embeddable":true,"href":"https:\/\/www.brennerbasisdemokratie.eu\/index.php?rest_route=%2Fwp%2Fv2%2Fcomments&post=54802"}],"version-history":[{"count":7,"href":"https:\/\/www.brennerbasisdemokratie.eu\/index.php?rest_route=\/wp\/v2\/posts\/54802\/revisions"}],"predecessor-version":[{"id":54810,"href":"https:\/\/www.brennerbasisdemokratie.eu\/index.php?rest_route=\/wp\/v2\/posts\/54802\/revisions\/54810"}],"wp:attachment":[{"href":"https:\/\/www.brennerbasisdemokratie.eu\/index.php?rest_route=%2Fwp%2Fv2%2Fmedia&parent=54802"}],"wp:term":[{"taxonomy":"category","embeddable":true,"href":"https:\/\/www.brennerbasisdemokratie.eu\/index.php?rest_route=%2Fwp%2Fv2%2Fcategories&post=54802"},{"taxonomy":"post_tag","embeddable":true,"href":"https:\/\/www.brennerbasisdemokratie.eu\/index.php?rest_route=%2Fwp%2Fv2%2Ftags&post=54802"}],"curies":[{"name":"wp","href":"https:\/\/api.w.org\/{rel}","templated":true}]}}