{"id":55055,"date":"2020-02-17T16:05:29","date_gmt":"2020-02-17T15:05:29","guid":{"rendered":"http:\/\/www.brennerbasisdemokratie.eu\/?p=55055"},"modified":"2025-11-07T10:36:16","modified_gmt":"2025-11-07T09:36:16","slug":"aushangeschild-dorothea-wierer","status":"publish","type":"post","link":"https:\/\/www.brennerbasisdemokratie.eu\/?p=55055","title":{"rendered":"Aush\u00e4ngeschild Dorothea Wierer?"},"content":{"rendered":"<p>S\u00fcdtiroler Athletinnen sind selbstverst\u00e4ndlich frei, sich von Kopf bis Fu\u00df in gr\u00fcnwei\u00dfrote Farben zu tunken \u2014 und es ist auch nichts Besonderes, dass ihnen der Landeshauptmann zu einem Erfolg gratuliert. Wenn Arno Kompatscher (<abbr title=\"S\u00fcdtiroler Volkspartei\">SVP<\/abbr>) Dorothea Wierer aber zu ihrer Goldmedaille bei der WM in Antholz nicht nur begl\u00fcckw\u00fcnscht, sondern \u2014 <a title=\"LPA: Pressemitteilung.\" href=\"http:\/\/www.provinz.bz.it\/news\/de\/news.asp?news_action=4&amp;news_article_id=635216\" target=\"_blank\" rel=\"noopener noreferrer\">wie geschehen<\/a> \u2014 auch als \u00bbAush\u00e4ngeschild\u00ab f\u00fcr S\u00fcdtirol bezeichnet, wird es problematisch.<\/p>\n<p>Schlie\u00dflich f\u00fchlt sich Wierer als Italienerin und unterstreicht dies \u2014 ausdr\u00fccklich! \u2014 auch mit ihrem Wegzug aus S\u00fcdtirol. Zudem erkl\u00e4rt sie S\u00fcdtirolerinnen pauschal zu \u00fcberzeugten Italienerinnen:<\/p>\n<blockquote><p><strong>Sie f\u00fchlen sich nicht als Deutsche, w\u00fcrden niemals den \u00f6sterreichischen Pass annehmen, sind aber S\u00fcdtirolerin: gibt es einen Teil von Ihnen, der nicht italienisch ist?<\/strong><\/p>\n<p>Dass ich das rollende R nicht aussprechen kann ist das einzige\u2026 vielleicht Unitalienische. Meine Leidenschaft ist voll und ganz italienisch, angefangen beim Trikolore-Herz, das ich auf meinem Gewehr angebracht habe. Ich m\u00f6chte nie starr wie eine Deutsche sein. Viele denken, dass wir S\u00fcdtiroler uns nicht als Italiener f\u00fchlen. Ach was. Au\u00dferdem wohne ich jetzt in Predazzo [Trentino], ich bin ins Dorf meines Mannes gezogen (Skiman Stefano Corradini, Anm. d. Red.).<\/p><\/blockquote>\n<p><em>aus einem <a title=\"GdS: Interview.\" href=\"https:\/\/www.gazzetta.it\/Sport-Invernali\/18-01-2018\/biathlon-wierer-tutta-birra-gareggio-truccata-giochi-arrivero-top-240988737912.shtml?refresh_ce-cp\" target=\"_blank\" rel=\"noopener noreferrer\">Interview<\/a> mit der<\/em> Gazzetta dello Sport <em>vom 18. J\u00e4nner 2018. \u00dcbersetzung von mir.<\/em><\/p>\n<p>Ist das die Au\u00dfendarstellung, die sich der LH f\u00fcr S\u00fcdtirol w\u00fcnscht? Und: Was ist eigentlich aus dem Projekt geworden, eigene S\u00fcdtiroler Sportmannschaften zu gr\u00fcnden?<\/p>\n<p><strong><span style=\"font-family: Helvetica, Arial, sans-serif; text-transform: uppercase;\">C\u00ebla enghe:<\/span><\/strong> <a title=\"Bianca Wierer.\" href=\"http:\/\/www.brennerbasisdemokratie.eu\/?p=47669\"><code>01<\/code><\/a> <a title=\"ff mit Leseschw\u00e4che und Verst\u00e4ndnisproblemen.\" href=\"http:\/\/www.brennerbasisdemokratie.eu\/?p=38707\"><code>02<\/code><\/a> <a title=\"Untert\u00e4nige Athletinnen.\" href=\"http:\/\/www.brennerbasisdemokratie.eu\/?p=30847\"><code>03<\/code><\/a> <a title=\"Sempre crucco.\" href=\"http:\/\/www.brennerbasisdemokratie.eu\/?p=30851\"><code>04<\/code><\/a> <a title=\"Sportlerinnen in den Landesdienst.\" href=\"http:\/\/www.brennerbasisdemokratie.eu\/?p=1531\"><code>05<\/code><\/a> <a title=\"Antholz 2020 national.\" href=\"http:\/\/www.brennerbasisdemokratie.eu\/?p=54915\"><code>06<\/code><\/a> <a title=\"Der Italiener Z\u00f6ggeler.\" href=\"http:\/\/www.brennerbasisdemokratie.eu\/?p=44757\"><code>07<\/code><\/a> <a title=\"Nationalschikanierter Domme.\" href=\"http:\/\/www.brennerbasisdemokratie.eu\/?p=45857\"><code>08<\/code><\/a> <a title=\"4 \u00d7 Mehrsprachigkeit.\" href=\"http:\/\/www.brennerbasisdemokratie.eu\/?p=35890\"><code>09<\/code><\/a> <span style=\"font-family: Helvetica, Arial, sans-serif; font-weight: normal;\">||<\/span> <a title=\"Biancofiore lobt Dorothea Wierer.\" href=\"http:\/\/www.brennerbasisdemokratie.eu\/?p=55121\"><span style=\"color: #ff8c00\"><code>01<\/code><\/span><\/a> <a title=\"Plankensteiner 2.0.\" href=\"https:\/\/www.brennerbasisdemokratie.eu\/?p=95950\"><span style=\"color: #ff8c00\"><code>02<\/code><\/span><\/a><\/p>","protected":false},"excerpt":{"rendered":"<p>S\u00fcdtiroler Athletinnen sind selbstverst\u00e4ndlich frei, sich von Kopf bis Fu\u00df in gr\u00fcnwei\u00dfrote Farben zu tunken \u2014 und es ist auch nichts Besonderes, dass ihnen der Landeshauptmann zu einem Erfolg gratuliert. Wenn Arno Kompatscher (SVP) Dorothea Wierer aber zu ihrer Goldmedaille bei der WM in Antholz nicht nur begl\u00fcckw\u00fcnscht, sondern \u2014 wie geschehen \u2014 auch als [&hellip;]<\/p>","protected":false},"author":1,"featured_media":0,"comment_status":"open","ping_status":"open","sticky":false,"template":"","format":"standard","meta":{"_crdt_document":"","ngg_post_thumbnail":0,"_jetpack_memberships_contains_paid_content":false,"footnotes":""},"categories":[1],"tags":[],"class_list":["post-55055","post","type-post","status-publish","format-standard","hentry","category-allgemein","entity-svp","issue-banalnationalism","issue-doppia-cittadinanza","issue-zitac","location-italy","location-sudtirolo","location-trentino","language-deutsch","medium-lpa","person-arno-kompatscher","topic-aussendarstellung","topic-nationalismus","topic-politik","topic-racism","topic-sport"],"jetpack_featured_media_url":"","jetpack_sharing_enabled":true,"_links":{"self":[{"href":"https:\/\/www.brennerbasisdemokratie.eu\/index.php?rest_route=\/wp\/v2\/posts\/55055","targetHints":{"allow":["GET"]}}],"collection":[{"href":"https:\/\/www.brennerbasisdemokratie.eu\/index.php?rest_route=\/wp\/v2\/posts"}],"about":[{"href":"https:\/\/www.brennerbasisdemokratie.eu\/index.php?rest_route=\/wp\/v2\/types\/post"}],"author":[{"embeddable":true,"href":"https:\/\/www.brennerbasisdemokratie.eu\/index.php?rest_route=\/wp\/v2\/users\/1"}],"replies":[{"embeddable":true,"href":"https:\/\/www.brennerbasisdemokratie.eu\/index.php?rest_route=%2Fwp%2Fv2%2Fcomments&post=55055"}],"version-history":[{"count":19,"href":"https:\/\/www.brennerbasisdemokratie.eu\/index.php?rest_route=\/wp\/v2\/posts\/55055\/revisions"}],"predecessor-version":[{"id":55061,"href":"https:\/\/www.brennerbasisdemokratie.eu\/index.php?rest_route=\/wp\/v2\/posts\/55055\/revisions\/55061"}],"wp:attachment":[{"href":"https:\/\/www.brennerbasisdemokratie.eu\/index.php?rest_route=%2Fwp%2Fv2%2Fmedia&parent=55055"}],"wp:term":[{"taxonomy":"category","embeddable":true,"href":"https:\/\/www.brennerbasisdemokratie.eu\/index.php?rest_route=%2Fwp%2Fv2%2Fcategories&post=55055"},{"taxonomy":"post_tag","embeddable":true,"href":"https:\/\/www.brennerbasisdemokratie.eu\/index.php?rest_route=%2Fwp%2Fv2%2Ftags&post=55055"}],"curies":[{"name":"wp","href":"https:\/\/api.w.org\/{rel}","templated":true}]}}