{"id":55188,"date":"2020-02-25T16:16:08","date_gmt":"2020-02-25T15:16:08","guid":{"rendered":"https:\/\/www.brennerbasisdemokratie.eu\/?p=55188"},"modified":"2025-12-14T19:52:20","modified_gmt":"2025-12-14T18:52:20","slug":"urzi-schutzt-den-brenner","status":"publish","type":"post","link":"https:\/\/www.brennerbasisdemokratie.eu\/?p=55188","title":{"rendered":"Urz\u00ec sch\u00fctzt den Brenner."},"content":{"rendered":"<p>Im gewohnt geschmeidigen Zusammenspiel zwischen Post-Postfaschistinnen und r\u00f6mischer Regierung kann Alessandro Urz\u00ec (AAnC\/<abbr title=\"Fratelli d\u2019Italia\">FdI<\/abbr>) wieder einmal einen \u00bbSieg\u00ab vermelden \u2014 oder was er daf\u00fcr h\u00e4lt: Fortan d\u00fcrfen \u00f6sterreichische Polizistinnen auf der S\u00fcdtiroler Seite des Brennerpasses uniformiert keinen Kaffee mehr trinken und keine Pizza mehr verzehren. Der einschl\u00e4gige <a title=\"\u00d6sterreichische \u00bbInkursionen\u00ab am Brenner.\" href=\"https:\/\/www.brennerbasisdemokratie.eu\/?p=50813\">Vorsto\u00df des Rechtsradikalen im Landtag<\/a> hatte nicht gefruchtet, also versuchte man es mit einer parlamentarischen Anfrage des Fraktionsvorsitzenden Francesco Lollobrigida (FdI).<\/p>\n<p>Der stellvertretende Innenminister Matteo Mauri (<abbr title=\"Partito Democratico\">PD<\/abbr>) reagierte zur vollsten Zufriedenheit der <em>Fratelli:<\/em> Wie Urz\u00ec voller Stolz berichtet, habe Rom bei der Tiroler Polizei interveniert, damit die \u00f6sterreichischen Beamten das italienische Staatsgebiet nur noch zu institutionellen Zwecken betreten \u2014 und private Angelegenheiten, die eine \u00bbVerachtung der italienischen Souver\u00e4nit\u00e4t\u00ab (FdI) darstellen, unterlassen. Eigentlich m\u00f6chte man \u00fcber so viel Dummheit lachen.<\/p>\n<p><strong><span style=\"font-family: Helvetica, Arial, sans-serif; text-transform: uppercase;\">C\u00ebla enghe:<\/span><\/strong> <a title=\"Landeshauptmann Urz\u00ec.\" href=\"https:\/\/www.brennerbasisdemokratie.eu\/?p=33960\"><code>01<\/code><\/a> <a title=\"Le priorit\u00e0&nbsp;del centralismo.\" href=\"https:\/\/www.brennerbasisdemokratie.eu\/?p=12765\"><code>02<\/code><\/a> <a title=\"Urz\u00ec will Italienisch in Wien.\" href=\"https:\/\/www.brennerbasisdemokratie.eu\/?p=39866\"><code>03<\/code><\/a> <a title=\"Toponomastik: Urz\u00ec gibt den Ton an.\" href=\"https:\/\/www.brennerbasisdemokratie.eu\/?p=48964\"><code>04<\/code><\/a> <a title=\"Vietato sputare e parlare dialetto.\" href=\"https:\/\/www.brennerbasisdemokratie.eu\/?p=50076\"><code>05<\/code><\/a> <a title=\"Zweisprachig, zweinamig, zwei Akte.\" href=\"https:\/\/www.brennerbasisdemokratie.eu\/?p=50457\"><code>06<\/code><\/a> <a title=\"KH Meran: Deutscher Zusatztext muss weichen.\" href=\"https:\/\/www.brennerbasisdemokratie.eu\/?p=50395\"><code>07<\/code><\/a> <a title=\"K33: Violentissima presa di posizione.\" href=\"https:\/\/www.brennerbasisdemokratie.eu\/?p=31705\"><code>08<\/code><\/a> <a title=\"FdI will Folter legalisieren.\" href=\"https:\/\/www.brennerbasisdemokratie.eu\/?p=41857\"><code>09<\/code><\/a> <a title=\"CPI h\u00e4ngt am Brenner Trikolore auf.\" href=\"https:\/\/www.brennerbasisdemokratie.eu\/?p=47310\"><code>10<\/code><\/a> <a title=\"Alfano-Sobotka, anma\u00dfende Polizei.\" href=\"https:\/\/www.brennerbasisdemokratie.eu\/?p=29289\"><code>11<\/code><\/a> <span style=\"font-family: Helvetica, Arial, sans-serif; font-weight: normal;\">||<\/span> <a title=\"Polizei: Recht auf Gebrauch der Muttersprache \u2013 in Innsbruck.\" href=\"https:\/\/www.brennerbasisdemokratie.eu\/?p=96875\"><span style=\"color: #ff8c00\"><code>01<\/code><\/span><\/a> <a title=\"Chinesische Polizei in Bozen.\" href=\"https:\/\/www.brennerbasisdemokratie.eu\/?p=75076\"><span style=\"color: #ff8c00\"><code>02<\/code><\/span><\/a> <a title=\"FdI und Gemeindebedienstete markieren die Grenze.\" href=\"https:\/\/www.brennerbasisdemokratie.eu\/?p=77295\"><span style=\"color: #ff8c00\"><code>03<\/code><\/span><\/a> <a title=\"Die S\u00fcdtirolbesessenheit der Fratelli.\" href=\"https:\/\/www.brennerbasisdemokratie.eu\/?p=74113\"><span style=\"color: #ff8c00\"><code>04<\/code><\/span><\/a><\/p>","protected":false},"excerpt":{"rendered":"<p>Im gewohnt geschmeidigen Zusammenspiel zwischen Post-Postfaschistinnen und r\u00f6mischer Regierung kann Alessandro Urz\u00ec (AAnC\/FdI) wieder einmal einen \u00bbSieg\u00ab vermelden \u2014 oder was er daf\u00fcr h\u00e4lt: Fortan d\u00fcrfen \u00f6sterreichische Polizistinnen auf der S\u00fcdtiroler Seite des Brennerpasses uniformiert keinen Kaffee mehr trinken und keine Pizza mehr verzehren. Der einschl\u00e4gige Vorsto\u00df des Rechtsradikalen im Landtag hatte nicht gefruchtet, also [&hellip;]<\/p>","protected":false},"author":1,"featured_media":0,"comment_status":"open","ping_status":"open","sticky":false,"template":"","format":"standard","meta":{"_crdt_document":"","ngg_post_thumbnail":0,"_jetpack_memberships_contains_paid_content":false,"footnotes":""},"categories":[1],"tags":[],"class_list":["post-55188","post","type-post","status-publish","format-standard","hentry","category-allgemein","entity-fdi","entity-pd","entity-pdl","entity-staat-italien","entity-sudtiroler-landtag","issue-sx-di-dx","location-italy","location-nord-osttirol","location-sudtirolo","language-deutsch","person-alessandro-urzi","topic-grenzen","topic-nationalismus","topic-politik","topic-polizei","topic-zentralismus"],"jetpack_featured_media_url":"","jetpack_sharing_enabled":true,"_links":{"self":[{"href":"https:\/\/www.brennerbasisdemokratie.eu\/index.php?rest_route=\/wp\/v2\/posts\/55188","targetHints":{"allow":["GET"]}}],"collection":[{"href":"https:\/\/www.brennerbasisdemokratie.eu\/index.php?rest_route=\/wp\/v2\/posts"}],"about":[{"href":"https:\/\/www.brennerbasisdemokratie.eu\/index.php?rest_route=\/wp\/v2\/types\/post"}],"author":[{"embeddable":true,"href":"https:\/\/www.brennerbasisdemokratie.eu\/index.php?rest_route=\/wp\/v2\/users\/1"}],"replies":[{"embeddable":true,"href":"https:\/\/www.brennerbasisdemokratie.eu\/index.php?rest_route=%2Fwp%2Fv2%2Fcomments&post=55188"}],"version-history":[{"count":12,"href":"https:\/\/www.brennerbasisdemokratie.eu\/index.php?rest_route=\/wp\/v2\/posts\/55188\/revisions"}],"predecessor-version":[{"id":96883,"href":"https:\/\/www.brennerbasisdemokratie.eu\/index.php?rest_route=\/wp\/v2\/posts\/55188\/revisions\/96883"}],"wp:attachment":[{"href":"https:\/\/www.brennerbasisdemokratie.eu\/index.php?rest_route=%2Fwp%2Fv2%2Fmedia&parent=55188"}],"wp:term":[{"taxonomy":"category","embeddable":true,"href":"https:\/\/www.brennerbasisdemokratie.eu\/index.php?rest_route=%2Fwp%2Fv2%2Fcategories&post=55188"},{"taxonomy":"post_tag","embeddable":true,"href":"https:\/\/www.brennerbasisdemokratie.eu\/index.php?rest_route=%2Fwp%2Fv2%2Ftags&post=55188"}],"curies":[{"name":"wp","href":"https:\/\/api.w.org\/{rel}","templated":true}]}}