{"id":55582,"date":"2020-03-17T12:14:27","date_gmt":"2020-03-17T11:14:27","guid":{"rendered":"https:\/\/www.brennerbasisdemokratie.eu\/?p=55582"},"modified":"2023-01-27T22:11:17","modified_gmt":"2023-01-27T21:11:17","slug":"virus-gastlichkeit-nur-gegen-bezahlung","status":"publish","type":"post","link":"https:\/\/www.brennerbasisdemokratie.eu\/?p=55582","title":{"rendered":"Virus: Gastlichkeit nur gegen Bezahlung."},"content":{"rendered":"<p>Nicht nur in Katalonien, auch im nahen Nord- und Osttirol sollen <em>Corona<\/em>-Patientinnen und unter Quarant\u00e4ne Stehende in nun ohnehin leeren Hotels untergebracht und versorgt werden.<\/p>\n<p>Und hierzulande? W\u00e4hrend viele andere ihren Beitrag leisten, lese und h\u00f6re ich bislang nicht davon, dass jemand seine gro\u00dfz\u00fcgig gef\u00f6rderte Bettenburg freiwillig zur Verf\u00fcgung gestellt h\u00e4tte. Aber auch nicht, dass die Landesregierung diesbez\u00fcgliche Zwangsma\u00dfnahmen in Erw\u00e4gung z\u00f6ge. Im Land der Luxushotels darf die gemeine Bev\u00f6lkerung die Quarant\u00e4ne nach wie vor in ausrangierten Milit\u00e4rquartieren aussitzen.<\/p>\n<p>Daf\u00fcr <a title=\"Rai S\u00fcdtirol: Die Heimkehrer.\" href=\"https:\/\/www.rainews.it\/tgr\/tagesschau\/articoli\/2020\/03\/tag-busse-muenchen-suedtirol-thomas-rauch-grenzen-dicht-bb1d7ecd-74df-47f8-8412-b040bdfeaba7.html\" target=\"_blank\" rel=\"noopener noreferrer\">zitiert<\/a> <em>Rai S\u00fcdtirol<\/em> Busunternehmer Thomas Rauch wie folgt:<\/p>\n<blockquote><p>Viele vor allem rum\u00e4nische Arbeiter in den Hotels versuchen mit Fl\u00fcgen noch rauszukommen. Das sind teils tragische Geschichten, die sie erz\u00e4hlen. Von einigen Hoteliers wurden sie einfach vor die T\u00fcr gesetzt.<\/p><\/blockquote>\n<p>Wo bleiben da Solidarit\u00e4t und Menschlichkeit? Manche Damen und Herren, die zahlende Kundschaft aufs Vorz\u00fcglichste zu versorgen wissen, sind wohl au\u00dferstande, ihren nicht mehr ben\u00f6tigten Mitarbeiterinnen auch nur Ans\u00e4tze von Gastlichkeit zukommen zu lassen.<\/p>\n<p>Das ist viel emp\u00f6render, als die etwaige Abweisung von Zweitwohnungsbesitzerinnen, deren oft sp\u00e4te Flucht den Beigeschmack von Sozialdarwinismus hat.<\/p>\n<p>Wir halten zusammen? Nicht wirklich.<\/p>\n<p><strong><span style=\"font-family: Helvetica, Arial, sans-serif; text-transform: uppercase;\">C\u00ebla enghe:<\/span><\/strong> <a title=\"Corona: Spendenaufruf.\" href=\"https:\/\/www.brennerbasisdemokratie.eu\/?p=55538\" target=\"_blank\" rel=\"noopener noreferrer\"><code>01<\/code><\/a> <a title=\"Coronavirus-Verlauf in S\u00fcdtirol.\" href=\"https:\/\/www.brennerbasisdemokratie.eu\/?p=55426\"><code>02<\/code><\/a>\u00a0<span style=\"font-family: Helvetica, Arial, sans-serif; font-weight: normal;\">||<\/span> <a title=\"Corona: BaW\u00fc hilft Elsass.\" href=\"https:\/\/www.brennerbasisdemokratie.eu\/?p=55698\"><span style=\"color: #ff8c00\"><code>01<\/code><\/span><\/a><\/p>","protected":false},"excerpt":{"rendered":"<p>Nicht nur in Katalonien, auch im nahen Nord- und Osttirol sollen Corona-Patientinnen und unter Quarant\u00e4ne Stehende in nun ohnehin leeren Hotels untergebracht und versorgt werden. Und hierzulande? W\u00e4hrend viele andere ihren Beitrag leisten, lese und h\u00f6re ich bislang nicht davon, dass jemand seine gro\u00dfz\u00fcgig gef\u00f6rderte Bettenburg freiwillig zur Verf\u00fcgung gestellt h\u00e4tte. Aber auch nicht, dass [&hellip;]<\/p>","protected":false},"author":1,"featured_media":0,"comment_status":"open","ping_status":"open","sticky":false,"template":"","format":"standard","meta":{"_crdt_document":"","ngg_post_thumbnail":0,"_jetpack_memberships_contains_paid_content":false,"footnotes":""},"categories":[1],"tags":[],"class_list":["post-55582","post","type-post","status-publish","format-standard","hentry","category-allgemein","entity-land-sudtirol","entity-landesregierung","issue-coronapandemie","issue-zitac","location-catalunya","location-nord-osttirol","location-sudtirolo","language-deutsch","medium-rai","topic-gesundheit","topic-medien","topic-migraziun","topic-militar","topic-politik","topic-racism","topic-solidariete","topic-soziales","topic-tourismus","topic-wirtschaft"],"jetpack_featured_media_url":"","jetpack_sharing_enabled":true,"_links":{"self":[{"href":"https:\/\/www.brennerbasisdemokratie.eu\/index.php?rest_route=\/wp\/v2\/posts\/55582","targetHints":{"allow":["GET"]}}],"collection":[{"href":"https:\/\/www.brennerbasisdemokratie.eu\/index.php?rest_route=\/wp\/v2\/posts"}],"about":[{"href":"https:\/\/www.brennerbasisdemokratie.eu\/index.php?rest_route=\/wp\/v2\/types\/post"}],"author":[{"embeddable":true,"href":"https:\/\/www.brennerbasisdemokratie.eu\/index.php?rest_route=\/wp\/v2\/users\/1"}],"replies":[{"embeddable":true,"href":"https:\/\/www.brennerbasisdemokratie.eu\/index.php?rest_route=%2Fwp%2Fv2%2Fcomments&post=55582"}],"version-history":[{"count":9,"href":"https:\/\/www.brennerbasisdemokratie.eu\/index.php?rest_route=\/wp\/v2\/posts\/55582\/revisions"}],"predecessor-version":[{"id":76539,"href":"https:\/\/www.brennerbasisdemokratie.eu\/index.php?rest_route=\/wp\/v2\/posts\/55582\/revisions\/76539"}],"wp:attachment":[{"href":"https:\/\/www.brennerbasisdemokratie.eu\/index.php?rest_route=%2Fwp%2Fv2%2Fmedia&parent=55582"}],"wp:term":[{"taxonomy":"category","embeddable":true,"href":"https:\/\/www.brennerbasisdemokratie.eu\/index.php?rest_route=%2Fwp%2Fv2%2Fcategories&post=55582"},{"taxonomy":"post_tag","embeddable":true,"href":"https:\/\/www.brennerbasisdemokratie.eu\/index.php?rest_route=%2Fwp%2Fv2%2Ftags&post=55582"}],"curies":[{"name":"wp","href":"https:\/\/api.w.org\/{rel}","templated":true}]}}