{"id":55703,"date":"2020-03-21T23:46:24","date_gmt":"2020-03-21T22:46:24","guid":{"rendered":"https:\/\/www.brennerbasisdemokratie.eu\/?p=55703"},"modified":"2021-05-16T19:33:32","modified_gmt":"2021-05-16T17:33:32","slug":"rom-stoppt-schutzausrustung","status":"publish","type":"post","link":"https:\/\/www.brennerbasisdemokratie.eu\/?p=55703","title":{"rendered":"Rom stoppt Schutzausr\u00fcstung."},"content":{"rendered":"<p>Wie die Tageszeitung <em>A. Adige<\/em> <a title=\"AA: Coronavirus, la situazione peggiora\u2026\" href=\"https:\/\/www.altoadige.it\/cronaca\/coronavirus-la-situazione-peggiora-21-morti-ospedali-quasi-saturi-e-in-strada-arriva-l-esercito-1.2298484\" target=\"_blank\" rel=\"noopener noreferrer\">berichtet<\/a>, soll die r\u00f6mische Regierung die Lieferung von medizinischer Schutzausr\u00fcstung (1,5 Millionen St\u00fcck), die das Land S\u00fcdtirol mithilfe heimischer Unternehmerinnen in China erworben hatte, gestoppt haben. Ministerpr\u00e4sident Giuseppe Conte bestehe auf Vorrang f\u00fcr die \u00bbnationalen Bed\u00fcrfnisse\u00ab, so das Blatt. Eine offizielle Best\u00e4tigung gibt es hierf\u00fcr nicht.<\/p>\n<p>Inzwischen w\u00fcrden auch die Tests knapp, die nun nur noch f\u00fcr wenige Tage reichten, berichtet das <em>Athesia<\/em>-Blatt in Berufung auf <em>Sabes<\/em>-Generaldirektor Florian Zerzer weiter.<\/p>\n<p>Von den Regierungen der Regionen Lombardei und Sizilien war die Zentralregierung w\u00e4hrend der letzten Tage scharf kritisiert worden, weil sie ihnen in gro\u00dfen Mengen faktisch unbrauchbare Atemschutzmasken zur Verf\u00fcgung gestellt hatte.<\/p>\n<p>Schon seit Tagen weisen Gewerkschaften und Kammern von \u00c4rztinnen und Pflegerinnen auf den Mangel von Schutzausr\u00fcstung in S\u00fcdtirol hin.<\/p>\n<p><strong><span style=\"font-family: Helvetica, Arial, sans-serif; text-transform: uppercase;\">C\u00ebla enghe:<\/span><\/strong> <a title=\"Schutzausr\u00fcstung \u00fcber \u00d6sterreich nach S\u00fcdtirol?\" href=\"https:\/\/www.brennerbasisdemokratie.eu\/?p=55711\"><span style=\"color: #ff8c00\"><code>01<\/code><\/span><\/a> <a title=\"Aiuto dall\u2019Austria.\" href=\"https:\/\/www.brennerbasisdemokratie.eu\/?p=55840\"><span style=\"color: #ff8c00\"><code>02<\/code><\/span><\/a><\/p>","protected":false},"excerpt":{"rendered":"<p>Wie die Tageszeitung A. Adige berichtet, soll die r\u00f6mische Regierung die Lieferung von medizinischer Schutzausr\u00fcstung (1,5 Millionen St\u00fcck), die das Land S\u00fcdtirol mithilfe heimischer Unternehmerinnen in China erworben hatte, gestoppt haben. Ministerpr\u00e4sident Giuseppe Conte bestehe auf Vorrang f\u00fcr die \u00bbnationalen Bed\u00fcrfnisse\u00ab, so das Blatt. Eine offizielle Best\u00e4tigung gibt es hierf\u00fcr nicht. Inzwischen w\u00fcrden auch die [&hellip;]<\/p>","protected":false},"author":1,"featured_media":0,"comment_status":"open","ping_status":"open","sticky":false,"template":"","format":"standard","meta":{"_crdt_document":"","ngg_post_thumbnail":0,"_jetpack_memberships_contains_paid_content":false,"footnotes":""},"categories":[1],"tags":[],"class_list":["post-55703","post","type-post","status-publish","format-standard","hentry","category-allgemein","entity-land-sudtirol","entity-sabes","issue-coronapandemie","location-italy","location-lombardia","location-sicilia","location-sudtirolo","language-deutsch","medium-aa","person-florian-zerzer","person-giuseppe-conte","topic-gesundheit","topic-gewerkschaften","topic-politik","topic-staatland","topic-zentralismus"],"jetpack_featured_media_url":"","jetpack_sharing_enabled":true,"_links":{"self":[{"href":"https:\/\/www.brennerbasisdemokratie.eu\/index.php?rest_route=\/wp\/v2\/posts\/55703","targetHints":{"allow":["GET"]}}],"collection":[{"href":"https:\/\/www.brennerbasisdemokratie.eu\/index.php?rest_route=\/wp\/v2\/posts"}],"about":[{"href":"https:\/\/www.brennerbasisdemokratie.eu\/index.php?rest_route=\/wp\/v2\/types\/post"}],"author":[{"embeddable":true,"href":"https:\/\/www.brennerbasisdemokratie.eu\/index.php?rest_route=\/wp\/v2\/users\/1"}],"replies":[{"embeddable":true,"href":"https:\/\/www.brennerbasisdemokratie.eu\/index.php?rest_route=%2Fwp%2Fv2%2Fcomments&post=55703"}],"version-history":[{"count":9,"href":"https:\/\/www.brennerbasisdemokratie.eu\/index.php?rest_route=\/wp\/v2\/posts\/55703\/revisions"}],"predecessor-version":[{"id":65136,"href":"https:\/\/www.brennerbasisdemokratie.eu\/index.php?rest_route=\/wp\/v2\/posts\/55703\/revisions\/65136"}],"wp:attachment":[{"href":"https:\/\/www.brennerbasisdemokratie.eu\/index.php?rest_route=%2Fwp%2Fv2%2Fmedia&parent=55703"}],"wp:term":[{"taxonomy":"category","embeddable":true,"href":"https:\/\/www.brennerbasisdemokratie.eu\/index.php?rest_route=%2Fwp%2Fv2%2Fcategories&post=55703"},{"taxonomy":"post_tag","embeddable":true,"href":"https:\/\/www.brennerbasisdemokratie.eu\/index.php?rest_route=%2Fwp%2Fv2%2Ftags&post=55703"}],"curies":[{"name":"wp","href":"https:\/\/api.w.org\/{rel}","templated":true}]}}