{"id":55865,"date":"2020-03-25T21:29:18","date_gmt":"2020-03-25T20:29:18","guid":{"rendered":"https:\/\/www.brennerbasisdemokratie.eu\/?p=55865"},"modified":"2023-01-27T22:12:03","modified_gmt":"2023-01-27T21:12:03","slug":"die-virokratie","status":"publish","type":"post","link":"https:\/\/www.brennerbasisdemokratie.eu\/?p=55865","title":{"rendered":"Ausufernde Virokratie."},"content":{"rendered":"<p>Im derzeitigen Ausnahmezustand nimmt die Eigen- oder Selbsterkl\u00e4rung, b\u00fcrokratische Ma\u00dfnahme zur Eind\u00e4mmung der B\u00fcrokratie, virale Z\u00fcge an und vermehrt sich geradezu unkontrolliert. Gleichzeitig entzieht sie sich dem Ziel, in ungewissen Zeiten f\u00fcr Klarheit und Rechtssicherheit zu sorgen, beharrlich. Falschausf\u00fcllenden winken, falls sie dadurch zu Falscherkl\u00e4renden werden, Geld- und Haftstrafen.<\/p>\n<p>Hier unten ist (ohne jeglichen Anspruch auf Vollst\u00e4ndigkeit!) eine Sammlung an unterschiedlichen Vorlagen in deutscher Sprache. Mal sind sie mit einem Wappen versehen, mal nicht, mal sind sie ortografisch korrekt, mal weniger. Der Fantasie der Beamtinnen sind schlie\u00dflich keine Grenzen gesetzt.<\/p>\n<p>Das \u00e4lteste Exemplar ist \u00fcbrigens erst rund zwei Wochen alt \u2014 und der Ausnahmezustand d\u00fcrfte noch l\u00e4nger andauern, sodass einer weiteren Vermehrung nichts im Weg stehen sollte.<\/p>\n<blockquote><div class=\"tiled-gallery type-rectangular tiled-gallery-unresized\" data-original-width=\"900\" data-carousel-extra='null' itemscope itemtype=\"http:\/\/schema.org\/ImageGallery\" > <div class=\"gallery-row\" style=\"width: 900px; height: 317px;\" data-original-width=\"900\" data-original-height=\"317\" > <div class=\"gallery-group images-1\" style=\"width: 225px; height: 317px;\" data-original-width=\"225\" data-original-height=\"317\" > <div class=\"tiled-gallery-item tiled-gallery-item-small\" itemprop=\"associatedMedia\" itemscope itemtype=\"http:\/\/schema.org\/ImageObject\"> <a href=\"https:\/\/i0.wp.com\/www.brennerbasisdemokratie.eu\/wp-content\/uploads\/2020\/03\/cov-eigen-200310-1.jpg?ssl=1\" border=\"0\" itemprop=\"url\"> <meta itemprop=\"width\" content=\"221\"> <meta itemprop=\"height\" content=\"313\"> <img decoding=\"async\" class=\"\" data-attachment-id=\"56010\" data-orig-file=\"https:\/\/www.brennerbasisdemokratie.eu\/wp-content\/uploads\/2020\/03\/cov-eigen-200310-1.jpg\" data-orig-size=\"1240,1754\" data-comments-opened=\"1\" data-image-meta=\"{&quot;aperture&quot;:&quot;0&quot;,&quot;credit&quot;:&quot;&quot;,&quot;camera&quot;:&quot;&quot;,&quot;caption&quot;:&quot;&quot;,&quot;created_timestamp&quot;:&quot;0&quot;,&quot;copyright&quot;:&quot;&quot;,&quot;focal_length&quot;:&quot;0&quot;,&quot;iso&quot;:&quot;0&quot;,&quot;shutter_speed&quot;:&quot;0&quot;,&quot;title&quot;:&quot;&quot;,&quot;orientation&quot;:&quot;0&quot;}\" data-image-title=\"cov-eigen-200310-1\" data-image-description=\"\" data-medium-file=\"https:\/\/www.brennerbasisdemokratie.eu\/wp-content\/uploads\/2020\/03\/cov-eigen-200310-1.jpg\" data-large-file=\"https:\/\/www.brennerbasisdemokratie.eu\/wp-content\/uploads\/2020\/03\/cov-eigen-200310-1.jpg\" src=\"https:\/\/i0.wp.com\/www.brennerbasisdemokratie.eu\/wp-content\/uploads\/2020\/03\/cov-eigen-200310-1.jpg?w=221&#038;h=313&#038;ssl=1\" srcset=\"https:\/\/www.brennerbasisdemokratie.eu\/wp-content\/uploads\/2020\/03\/cov-eigen-200310-1.jpg 1240w, https:\/\/www.brennerbasisdemokratie.eu\/wp-content\/uploads\/2020\/03\/cov-eigen-200310-1-768x1086.jpg 768w, https:\/\/www.brennerbasisdemokratie.eu\/wp-content\/uploads\/2020\/03\/cov-eigen-200310-1-1086x1536.jpg 1086w, https:\/\/www.brennerbasisdemokratie.eu\/wp-content\/uploads\/2020\/03\/cov-eigen-200310-1-848x1200.jpg 848w\" width=\"221\" height=\"313\" loading=\"lazy\" data-original-width=\"221\" data-original-height=\"313\" itemprop=\"http:\/\/schema.org\/image\" title=\"cov-eigen-200310-1\" alt=\"Erste Fassung \u2013 10. M\u00e4rz (I)\" style=\"width: 221px; height: 313px;\" \/> <\/a> <div class=\"tiled-gallery-caption\" itemprop=\"caption description\"> Erste Fassung \u2013 10. M\u00e4rz (I) <\/div> <\/div> <\/div> <!-- close group --> <div class=\"gallery-group images-1\" style=\"width: 225px; height: 317px;\" data-original-width=\"225\" data-original-height=\"317\" > <div class=\"tiled-gallery-item tiled-gallery-item-small\" itemprop=\"associatedMedia\" itemscope itemtype=\"http:\/\/schema.org\/ImageObject\"> <a href=\"https:\/\/i0.wp.com\/www.brennerbasisdemokratie.eu\/wp-content\/uploads\/2020\/03\/cov-eigen-200310-2.jpg?ssl=1\" border=\"0\" itemprop=\"url\"> <meta itemprop=\"width\" content=\"221\"> <meta itemprop=\"height\" content=\"313\"> <img decoding=\"async\" class=\"\" data-attachment-id=\"56011\" data-orig-file=\"https:\/\/www.brennerbasisdemokratie.eu\/wp-content\/uploads\/2020\/03\/cov-eigen-200310-2.jpg\" data-orig-size=\"1240,1754\" data-comments-opened=\"1\" data-image-meta=\"{&quot;aperture&quot;:&quot;0&quot;,&quot;credit&quot;:&quot;&quot;,&quot;camera&quot;:&quot;&quot;,&quot;caption&quot;:&quot;&quot;,&quot;created_timestamp&quot;:&quot;0&quot;,&quot;copyright&quot;:&quot;&quot;,&quot;focal_length&quot;:&quot;0&quot;,&quot;iso&quot;:&quot;0&quot;,&quot;shutter_speed&quot;:&quot;0&quot;,&quot;title&quot;:&quot;&quot;,&quot;orientation&quot;:&quot;0&quot;}\" data-image-title=\"cov-eigen-200310-2\" data-image-description=\"\" data-medium-file=\"https:\/\/www.brennerbasisdemokratie.eu\/wp-content\/uploads\/2020\/03\/cov-eigen-200310-2.jpg\" data-large-file=\"https:\/\/www.brennerbasisdemokratie.eu\/wp-content\/uploads\/2020\/03\/cov-eigen-200310-2.jpg\" src=\"https:\/\/i0.wp.com\/www.brennerbasisdemokratie.eu\/wp-content\/uploads\/2020\/03\/cov-eigen-200310-2.jpg?w=221&#038;h=313&#038;ssl=1\" srcset=\"https:\/\/www.brennerbasisdemokratie.eu\/wp-content\/uploads\/2020\/03\/cov-eigen-200310-2.jpg 1240w, https:\/\/www.brennerbasisdemokratie.eu\/wp-content\/uploads\/2020\/03\/cov-eigen-200310-2-768x1086.jpg 768w, https:\/\/www.brennerbasisdemokratie.eu\/wp-content\/uploads\/2020\/03\/cov-eigen-200310-2-1086x1536.jpg 1086w, https:\/\/www.brennerbasisdemokratie.eu\/wp-content\/uploads\/2020\/03\/cov-eigen-200310-2-848x1200.jpg 848w\" width=\"221\" height=\"313\" loading=\"lazy\" data-original-width=\"221\" data-original-height=\"313\" itemprop=\"http:\/\/schema.org\/image\" title=\"cov-eigen-200310-2\" alt=\"Erste Fassung \u2013 10. M\u00e4rz (II)\" style=\"width: 221px; height: 313px;\" \/> <\/a> <div class=\"tiled-gallery-caption\" itemprop=\"caption description\"> Erste Fassung \u2013 10. M\u00e4rz (II) <\/div> <\/div> <\/div> <!-- close group --> <div class=\"gallery-group images-1\" style=\"width: 225px; height: 317px;\" data-original-width=\"225\" data-original-height=\"317\" > <div class=\"tiled-gallery-item tiled-gallery-item-small\" itemprop=\"associatedMedia\" itemscope itemtype=\"http:\/\/schema.org\/ImageObject\"> <a href=\"https:\/\/i0.wp.com\/www.brennerbasisdemokratie.eu\/wp-content\/uploads\/2020\/03\/cov-eigen-200317-1.jpg?ssl=1\" border=\"0\" itemprop=\"url\"> <meta itemprop=\"width\" content=\"221\"> <meta itemprop=\"height\" content=\"313\"> <img decoding=\"async\" class=\"\" data-attachment-id=\"56012\" data-orig-file=\"https:\/\/www.brennerbasisdemokratie.eu\/wp-content\/uploads\/2020\/03\/cov-eigen-200317-1.jpg\" data-orig-size=\"1240,1754\" data-comments-opened=\"1\" data-image-meta=\"{&quot;aperture&quot;:&quot;0&quot;,&quot;credit&quot;:&quot;&quot;,&quot;camera&quot;:&quot;&quot;,&quot;caption&quot;:&quot;&quot;,&quot;created_timestamp&quot;:&quot;0&quot;,&quot;copyright&quot;:&quot;&quot;,&quot;focal_length&quot;:&quot;0&quot;,&quot;iso&quot;:&quot;0&quot;,&quot;shutter_speed&quot;:&quot;0&quot;,&quot;title&quot;:&quot;&quot;,&quot;orientation&quot;:&quot;0&quot;}\" data-image-title=\"cov-eigen-200317-1\" data-image-description=\"\" data-medium-file=\"https:\/\/www.brennerbasisdemokratie.eu\/wp-content\/uploads\/2020\/03\/cov-eigen-200317-1.jpg\" data-large-file=\"https:\/\/www.brennerbasisdemokratie.eu\/wp-content\/uploads\/2020\/03\/cov-eigen-200317-1.jpg\" src=\"https:\/\/i0.wp.com\/www.brennerbasisdemokratie.eu\/wp-content\/uploads\/2020\/03\/cov-eigen-200317-1.jpg?w=221&#038;h=313&#038;ssl=1\" srcset=\"https:\/\/www.brennerbasisdemokratie.eu\/wp-content\/uploads\/2020\/03\/cov-eigen-200317-1.jpg 1240w, https:\/\/www.brennerbasisdemokratie.eu\/wp-content\/uploads\/2020\/03\/cov-eigen-200317-1-768x1086.jpg 768w, https:\/\/www.brennerbasisdemokratie.eu\/wp-content\/uploads\/2020\/03\/cov-eigen-200317-1-1086x1536.jpg 1086w, https:\/\/www.brennerbasisdemokratie.eu\/wp-content\/uploads\/2020\/03\/cov-eigen-200317-1-848x1200.jpg 848w\" width=\"221\" height=\"313\" loading=\"lazy\" data-original-width=\"221\" data-original-height=\"313\" itemprop=\"http:\/\/schema.org\/image\" title=\"cov-eigen-200317-1\" alt=\"Zweite Fassung \u2013 17. M\u00e4rz (I)\" style=\"width: 221px; height: 313px;\" \/> <\/a> <div class=\"tiled-gallery-caption\" itemprop=\"caption description\"> Zweite Fassung \u2013 17. M\u00e4rz (I) <\/div> <\/div> <\/div> <!-- close group --> <div class=\"gallery-group images-1\" style=\"width: 225px; height: 317px;\" data-original-width=\"225\" data-original-height=\"317\" > <div class=\"tiled-gallery-item tiled-gallery-item-small\" itemprop=\"associatedMedia\" itemscope itemtype=\"http:\/\/schema.org\/ImageObject\"> <a href=\"https:\/\/i0.wp.com\/www.brennerbasisdemokratie.eu\/wp-content\/uploads\/2020\/03\/cov-eigen-200317-2.jpg?ssl=1\" border=\"0\" itemprop=\"url\"> <meta itemprop=\"width\" content=\"221\"> <meta itemprop=\"height\" content=\"313\"> <img decoding=\"async\" class=\"\" data-attachment-id=\"56013\" data-orig-file=\"https:\/\/www.brennerbasisdemokratie.eu\/wp-content\/uploads\/2020\/03\/cov-eigen-200317-2.jpg\" data-orig-size=\"1240,1753\" data-comments-opened=\"1\" data-image-meta=\"{&quot;aperture&quot;:&quot;0&quot;,&quot;credit&quot;:&quot;&quot;,&quot;camera&quot;:&quot;&quot;,&quot;caption&quot;:&quot;&quot;,&quot;created_timestamp&quot;:&quot;0&quot;,&quot;copyright&quot;:&quot;&quot;,&quot;focal_length&quot;:&quot;0&quot;,&quot;iso&quot;:&quot;0&quot;,&quot;shutter_speed&quot;:&quot;0&quot;,&quot;title&quot;:&quot;&quot;,&quot;orientation&quot;:&quot;0&quot;}\" data-image-title=\"cov-eigen-200317-2\" data-image-description=\"\" data-medium-file=\"https:\/\/www.brennerbasisdemokratie.eu\/wp-content\/uploads\/2020\/03\/cov-eigen-200317-2.jpg\" data-large-file=\"https:\/\/www.brennerbasisdemokratie.eu\/wp-content\/uploads\/2020\/03\/cov-eigen-200317-2.jpg\" src=\"https:\/\/i0.wp.com\/www.brennerbasisdemokratie.eu\/wp-content\/uploads\/2020\/03\/cov-eigen-200317-2.jpg?w=221&#038;h=313&#038;ssl=1\" srcset=\"https:\/\/www.brennerbasisdemokratie.eu\/wp-content\/uploads\/2020\/03\/cov-eigen-200317-2.jpg 1240w, https:\/\/www.brennerbasisdemokratie.eu\/wp-content\/uploads\/2020\/03\/cov-eigen-200317-2-768x1086.jpg 768w, https:\/\/www.brennerbasisdemokratie.eu\/wp-content\/uploads\/2020\/03\/cov-eigen-200317-2-1087x1536.jpg 1087w, https:\/\/www.brennerbasisdemokratie.eu\/wp-content\/uploads\/2020\/03\/cov-eigen-200317-2-849x1200.jpg 849w\" width=\"221\" height=\"313\" loading=\"lazy\" data-original-width=\"221\" data-original-height=\"313\" itemprop=\"http:\/\/schema.org\/image\" title=\"cov-eigen-200317-2\" alt=\"Zweite Fassung \u2013 17. M\u00e4rz (II)\" style=\"width: 221px; height: 313px;\" \/> <\/a> <div class=\"tiled-gallery-caption\" itemprop=\"caption description\"> Zweite Fassung \u2013 17. M\u00e4rz (II) <\/div> <\/div> <\/div> <!-- close group --> <\/div> <!-- close row --> <div class=\"gallery-row\" style=\"width: 900px; height: 423px;\" data-original-width=\"900\" data-original-height=\"423\" > <div class=\"gallery-group images-1\" style=\"width: 300px; height: 423px;\" data-original-width=\"300\" data-original-height=\"423\" > <div class=\"tiled-gallery-item tiled-gallery-item-large\" itemprop=\"associatedMedia\" itemscope itemtype=\"http:\/\/schema.org\/ImageObject\"> <a href=\"https:\/\/i0.wp.com\/www.brennerbasisdemokratie.eu\/wp-content\/uploads\/2020\/03\/cov-eigen-200323-1.jpg?ssl=1\" border=\"0\" itemprop=\"url\"> <meta itemprop=\"width\" content=\"296\"> <meta itemprop=\"height\" content=\"419\"> <img decoding=\"async\" class=\"\" data-attachment-id=\"56014\" data-orig-file=\"https:\/\/www.brennerbasisdemokratie.eu\/wp-content\/uploads\/2020\/03\/cov-eigen-200323-1.jpg\" data-orig-size=\"1240,1754\" data-comments-opened=\"1\" data-image-meta=\"{&quot;aperture&quot;:&quot;0&quot;,&quot;credit&quot;:&quot;&quot;,&quot;camera&quot;:&quot;&quot;,&quot;caption&quot;:&quot;&quot;,&quot;created_timestamp&quot;:&quot;0&quot;,&quot;copyright&quot;:&quot;&quot;,&quot;focal_length&quot;:&quot;0&quot;,&quot;iso&quot;:&quot;0&quot;,&quot;shutter_speed&quot;:&quot;0&quot;,&quot;title&quot;:&quot;&quot;,&quot;orientation&quot;:&quot;0&quot;}\" data-image-title=\"cov-eigen-200323-1\" data-image-description=\"\" data-medium-file=\"https:\/\/www.brennerbasisdemokratie.eu\/wp-content\/uploads\/2020\/03\/cov-eigen-200323-1.jpg\" data-large-file=\"https:\/\/www.brennerbasisdemokratie.eu\/wp-content\/uploads\/2020\/03\/cov-eigen-200323-1.jpg\" src=\"https:\/\/i0.wp.com\/www.brennerbasisdemokratie.eu\/wp-content\/uploads\/2020\/03\/cov-eigen-200323-1.jpg?w=296&#038;h=419&#038;ssl=1\" srcset=\"https:\/\/www.brennerbasisdemokratie.eu\/wp-content\/uploads\/2020\/03\/cov-eigen-200323-1.jpg 1240w, https:\/\/www.brennerbasisdemokratie.eu\/wp-content\/uploads\/2020\/03\/cov-eigen-200323-1-768x1086.jpg 768w, https:\/\/www.brennerbasisdemokratie.eu\/wp-content\/uploads\/2020\/03\/cov-eigen-200323-1-1086x1536.jpg 1086w, https:\/\/www.brennerbasisdemokratie.eu\/wp-content\/uploads\/2020\/03\/cov-eigen-200323-1-848x1200.jpg 848w\" width=\"296\" height=\"419\" loading=\"lazy\" data-original-width=\"296\" data-original-height=\"419\" itemprop=\"http:\/\/schema.org\/image\" title=\"cov-eigen-200323-1\" alt=\"Dritte Fassung \u2013 23. M\u00e4rz (I)\" style=\"width: 296px; height: 419px;\" \/> <\/a> <div class=\"tiled-gallery-caption\" itemprop=\"caption description\"> Dritte Fassung \u2013 23. M\u00e4rz (I) <\/div> <\/div> <\/div> <!-- close group --> <div class=\"gallery-group images-1\" style=\"width: 300px; height: 423px;\" data-original-width=\"300\" data-original-height=\"423\" > <div class=\"tiled-gallery-item tiled-gallery-item-large\" itemprop=\"associatedMedia\" itemscope itemtype=\"http:\/\/schema.org\/ImageObject\"> <a href=\"https:\/\/i0.wp.com\/www.brennerbasisdemokratie.eu\/wp-content\/uploads\/2020\/03\/cov-eigen-200323-2.jpg?ssl=1\" border=\"0\" itemprop=\"url\"> <meta itemprop=\"width\" content=\"296\"> <meta itemprop=\"height\" content=\"419\"> <img decoding=\"async\" class=\"\" data-attachment-id=\"56015\" data-orig-file=\"https:\/\/www.brennerbasisdemokratie.eu\/wp-content\/uploads\/2020\/03\/cov-eigen-200323-2.jpg\" data-orig-size=\"1240,1753\" data-comments-opened=\"1\" data-image-meta=\"{&quot;aperture&quot;:&quot;0&quot;,&quot;credit&quot;:&quot;&quot;,&quot;camera&quot;:&quot;&quot;,&quot;caption&quot;:&quot;&quot;,&quot;created_timestamp&quot;:&quot;0&quot;,&quot;copyright&quot;:&quot;&quot;,&quot;focal_length&quot;:&quot;0&quot;,&quot;iso&quot;:&quot;0&quot;,&quot;shutter_speed&quot;:&quot;0&quot;,&quot;title&quot;:&quot;&quot;,&quot;orientation&quot;:&quot;0&quot;}\" data-image-title=\"cov-eigen-200323-2\" data-image-description=\"\" data-medium-file=\"https:\/\/www.brennerbasisdemokratie.eu\/wp-content\/uploads\/2020\/03\/cov-eigen-200323-2.jpg\" data-large-file=\"https:\/\/www.brennerbasisdemokratie.eu\/wp-content\/uploads\/2020\/03\/cov-eigen-200323-2.jpg\" src=\"https:\/\/i0.wp.com\/www.brennerbasisdemokratie.eu\/wp-content\/uploads\/2020\/03\/cov-eigen-200323-2.jpg?w=296&#038;h=419&#038;ssl=1\" srcset=\"https:\/\/www.brennerbasisdemokratie.eu\/wp-content\/uploads\/2020\/03\/cov-eigen-200323-2.jpg 1240w, https:\/\/www.brennerbasisdemokratie.eu\/wp-content\/uploads\/2020\/03\/cov-eigen-200323-2-768x1086.jpg 768w, https:\/\/www.brennerbasisdemokratie.eu\/wp-content\/uploads\/2020\/03\/cov-eigen-200323-2-1087x1536.jpg 1087w, https:\/\/www.brennerbasisdemokratie.eu\/wp-content\/uploads\/2020\/03\/cov-eigen-200323-2-849x1200.jpg 849w\" width=\"296\" height=\"419\" loading=\"lazy\" data-original-width=\"296\" data-original-height=\"419\" itemprop=\"http:\/\/schema.org\/image\" title=\"cov-eigen-200323-2\" alt=\"Dritte Fassung \u2013 23. M\u00e4rz (II)\" style=\"width: 296px; height: 419px;\" \/> <\/a> <div class=\"tiled-gallery-caption\" itemprop=\"caption description\"> Dritte Fassung \u2013 23. M\u00e4rz (II) <\/div> <\/div> <\/div> <!-- close group --> <div class=\"gallery-group images-1\" style=\"width: 300px; height: 423px;\" data-original-width=\"300\" data-original-height=\"423\" > <div class=\"tiled-gallery-item tiled-gallery-item-large\" itemprop=\"associatedMedia\" itemscope itemtype=\"http:\/\/schema.org\/ImageObject\"> <a href=\"https:\/\/i0.wp.com\/www.brennerbasisdemokratie.eu\/wp-content\/uploads\/2020\/03\/cov-eigen-200326-1.jpg?ssl=1\" border=\"0\" itemprop=\"url\"> <meta itemprop=\"width\" content=\"296\"> <meta itemprop=\"height\" content=\"419\"> <img decoding=\"async\" class=\"\" data-attachment-id=\"56016\" data-orig-file=\"https:\/\/www.brennerbasisdemokratie.eu\/wp-content\/uploads\/2020\/03\/cov-eigen-200326-1.jpg\" data-orig-size=\"1240,1753\" data-comments-opened=\"1\" data-image-meta=\"{&quot;aperture&quot;:&quot;0&quot;,&quot;credit&quot;:&quot;&quot;,&quot;camera&quot;:&quot;&quot;,&quot;caption&quot;:&quot;&quot;,&quot;created_timestamp&quot;:&quot;0&quot;,&quot;copyright&quot;:&quot;&quot;,&quot;focal_length&quot;:&quot;0&quot;,&quot;iso&quot;:&quot;0&quot;,&quot;shutter_speed&quot;:&quot;0&quot;,&quot;title&quot;:&quot;&quot;,&quot;orientation&quot;:&quot;0&quot;}\" data-image-title=\"cov-eigen-200326-1\" data-image-description=\"\" data-medium-file=\"https:\/\/www.brennerbasisdemokratie.eu\/wp-content\/uploads\/2020\/03\/cov-eigen-200326-1.jpg\" data-large-file=\"https:\/\/www.brennerbasisdemokratie.eu\/wp-content\/uploads\/2020\/03\/cov-eigen-200326-1.jpg\" src=\"https:\/\/i0.wp.com\/www.brennerbasisdemokratie.eu\/wp-content\/uploads\/2020\/03\/cov-eigen-200326-1.jpg?w=296&#038;h=419&#038;ssl=1\" srcset=\"https:\/\/www.brennerbasisdemokratie.eu\/wp-content\/uploads\/2020\/03\/cov-eigen-200326-1.jpg 1240w, https:\/\/www.brennerbasisdemokratie.eu\/wp-content\/uploads\/2020\/03\/cov-eigen-200326-1-768x1086.jpg 768w, https:\/\/www.brennerbasisdemokratie.eu\/wp-content\/uploads\/2020\/03\/cov-eigen-200326-1-1087x1536.jpg 1087w, https:\/\/www.brennerbasisdemokratie.eu\/wp-content\/uploads\/2020\/03\/cov-eigen-200326-1-849x1200.jpg 849w\" width=\"296\" height=\"419\" loading=\"lazy\" data-original-width=\"296\" data-original-height=\"419\" itemprop=\"http:\/\/schema.org\/image\" title=\"cov-eigen-200326-1\" alt=\"Vierte Fassung \u2013 26. M\u00e4rz (I)\" style=\"width: 296px; height: 419px;\" \/> <\/a> <div class=\"tiled-gallery-caption\" itemprop=\"caption description\"> Vierte Fassung \u2013 26. M\u00e4rz (I) <\/div> <\/div> <\/div> <!-- close group --> <\/div> <!-- close row --> <div class=\"gallery-row\" style=\"width: 900px; height: 317px;\" data-original-width=\"900\" data-original-height=\"317\" > <div class=\"gallery-group images-1\" style=\"width: 225px; height: 317px;\" data-original-width=\"225\" data-original-height=\"317\" > <div class=\"tiled-gallery-item tiled-gallery-item-small\" itemprop=\"associatedMedia\" itemscope itemtype=\"http:\/\/schema.org\/ImageObject\"> <a href=\"https:\/\/i0.wp.com\/www.brennerbasisdemokratie.eu\/wp-content\/uploads\/2020\/03\/cov-eigen-200326-2.jpg?ssl=1\" border=\"0\" itemprop=\"url\"> <meta itemprop=\"width\" content=\"221\"> <meta itemprop=\"height\" content=\"313\"> <img decoding=\"async\" class=\"\" data-attachment-id=\"56017\" data-orig-file=\"https:\/\/www.brennerbasisdemokratie.eu\/wp-content\/uploads\/2020\/03\/cov-eigen-200326-2.jpg\" data-orig-size=\"1240,1753\" data-comments-opened=\"1\" data-image-meta=\"{&quot;aperture&quot;:&quot;0&quot;,&quot;credit&quot;:&quot;&quot;,&quot;camera&quot;:&quot;&quot;,&quot;caption&quot;:&quot;&quot;,&quot;created_timestamp&quot;:&quot;0&quot;,&quot;copyright&quot;:&quot;&quot;,&quot;focal_length&quot;:&quot;0&quot;,&quot;iso&quot;:&quot;0&quot;,&quot;shutter_speed&quot;:&quot;0&quot;,&quot;title&quot;:&quot;&quot;,&quot;orientation&quot;:&quot;0&quot;}\" data-image-title=\"cov-eigen-200326-2\" data-image-description=\"\" data-medium-file=\"https:\/\/www.brennerbasisdemokratie.eu\/wp-content\/uploads\/2020\/03\/cov-eigen-200326-2.jpg\" data-large-file=\"https:\/\/www.brennerbasisdemokratie.eu\/wp-content\/uploads\/2020\/03\/cov-eigen-200326-2.jpg\" src=\"https:\/\/i0.wp.com\/www.brennerbasisdemokratie.eu\/wp-content\/uploads\/2020\/03\/cov-eigen-200326-2.jpg?w=221&#038;h=313&#038;ssl=1\" srcset=\"https:\/\/www.brennerbasisdemokratie.eu\/wp-content\/uploads\/2020\/03\/cov-eigen-200326-2.jpg 1240w, https:\/\/www.brennerbasisdemokratie.eu\/wp-content\/uploads\/2020\/03\/cov-eigen-200326-2-768x1086.jpg 768w, https:\/\/www.brennerbasisdemokratie.eu\/wp-content\/uploads\/2020\/03\/cov-eigen-200326-2-1087x1536.jpg 1087w, https:\/\/www.brennerbasisdemokratie.eu\/wp-content\/uploads\/2020\/03\/cov-eigen-200326-2-849x1200.jpg 849w\" width=\"221\" height=\"313\" loading=\"lazy\" data-original-width=\"221\" data-original-height=\"313\" itemprop=\"http:\/\/schema.org\/image\" title=\"cov-eigen-200326-2\" alt=\"Vierte Fassung \u2013 26. M\u00e4rz (II)\" style=\"width: 221px; height: 313px;\" \/> <\/a> <div class=\"tiled-gallery-caption\" itemprop=\"caption description\"> Vierte Fassung \u2013 26. M\u00e4rz (II) <\/div> <\/div> <\/div> <!-- close group --> <div class=\"gallery-group images-1\" style=\"width: 225px; height: 317px;\" data-original-width=\"225\" data-original-height=\"317\" > <div class=\"tiled-gallery-item tiled-gallery-item-small\" itemprop=\"associatedMedia\" itemscope itemtype=\"http:\/\/schema.org\/ImageObject\"> <a href=\"https:\/\/i0.wp.com\/www.brennerbasisdemokratie.eu\/wp-content\/uploads\/2020\/03\/cov-eigen-200504-1.jpg?ssl=1\" border=\"0\" itemprop=\"url\"> <meta itemprop=\"width\" content=\"221\"> <meta itemprop=\"height\" content=\"313\"> <img decoding=\"async\" class=\"\" data-attachment-id=\"57028\" data-orig-file=\"https:\/\/www.brennerbasisdemokratie.eu\/wp-content\/uploads\/2020\/03\/cov-eigen-200504-1.jpg\" data-orig-size=\"1240,1753\" data-comments-opened=\"1\" data-image-meta=\"{&quot;aperture&quot;:&quot;0&quot;,&quot;credit&quot;:&quot;&quot;,&quot;camera&quot;:&quot;&quot;,&quot;caption&quot;:&quot;&quot;,&quot;created_timestamp&quot;:&quot;0&quot;,&quot;copyright&quot;:&quot;&quot;,&quot;focal_length&quot;:&quot;0&quot;,&quot;iso&quot;:&quot;0&quot;,&quot;shutter_speed&quot;:&quot;0&quot;,&quot;title&quot;:&quot;&quot;,&quot;orientation&quot;:&quot;0&quot;}\" data-image-title=\"cov-eigen-200504-1\" data-image-description=\"\" data-medium-file=\"https:\/\/www.brennerbasisdemokratie.eu\/wp-content\/uploads\/2020\/03\/cov-eigen-200504-1.jpg\" data-large-file=\"https:\/\/www.brennerbasisdemokratie.eu\/wp-content\/uploads\/2020\/03\/cov-eigen-200504-1.jpg\" src=\"https:\/\/i0.wp.com\/www.brennerbasisdemokratie.eu\/wp-content\/uploads\/2020\/03\/cov-eigen-200504-1.jpg?w=221&#038;h=313&#038;ssl=1\" srcset=\"https:\/\/www.brennerbasisdemokratie.eu\/wp-content\/uploads\/2020\/03\/cov-eigen-200504-1.jpg 1240w, https:\/\/www.brennerbasisdemokratie.eu\/wp-content\/uploads\/2020\/03\/cov-eigen-200504-1-768x1086.jpg 768w, https:\/\/www.brennerbasisdemokratie.eu\/wp-content\/uploads\/2020\/03\/cov-eigen-200504-1-1087x1536.jpg 1087w, https:\/\/www.brennerbasisdemokratie.eu\/wp-content\/uploads\/2020\/03\/cov-eigen-200504-1-849x1200.jpg 849w\" width=\"221\" height=\"313\" loading=\"lazy\" data-original-width=\"221\" data-original-height=\"313\" itemprop=\"http:\/\/schema.org\/image\" title=\"cov-eigen-200504-1\" alt=\"F\u00fcnfte Fassung \u2013 4. Mai\" style=\"width: 221px; height: 313px;\" \/> <\/a> <div class=\"tiled-gallery-caption\" itemprop=\"caption description\"> F\u00fcnfte Fassung \u2013 4. Mai <\/div> <\/div> <\/div> <!-- close group --> <div class=\"gallery-group images-1\" style=\"width: 225px; height: 317px;\" data-original-width=\"225\" data-original-height=\"317\" > <div class=\"tiled-gallery-item tiled-gallery-item-small\" itemprop=\"associatedMedia\" itemscope itemtype=\"http:\/\/schema.org\/ImageObject\"> <a href=\"https:\/\/i0.wp.com\/www.brennerbasisdemokratie.eu\/wp-content\/uploads\/2020\/03\/cov_eigen-einreise.jpg?ssl=1\" border=\"0\" itemprop=\"url\"> <meta itemprop=\"width\" content=\"221\"> <meta itemprop=\"height\" content=\"313\"> <img decoding=\"async\" class=\"\" data-attachment-id=\"56009\" data-orig-file=\"https:\/\/www.brennerbasisdemokratie.eu\/wp-content\/uploads\/2020\/03\/cov_eigen-einreise.jpg\" data-orig-size=\"1240,1754\" data-comments-opened=\"1\" data-image-meta=\"{&quot;aperture&quot;:&quot;0&quot;,&quot;credit&quot;:&quot;&quot;,&quot;camera&quot;:&quot;&quot;,&quot;caption&quot;:&quot;&quot;,&quot;created_timestamp&quot;:&quot;0&quot;,&quot;copyright&quot;:&quot;&quot;,&quot;focal_length&quot;:&quot;0&quot;,&quot;iso&quot;:&quot;0&quot;,&quot;shutter_speed&quot;:&quot;0&quot;,&quot;title&quot;:&quot;&quot;,&quot;orientation&quot;:&quot;0&quot;}\" data-image-title=\"cov_eigen-einreise\" data-image-description=\"\" data-medium-file=\"https:\/\/www.brennerbasisdemokratie.eu\/wp-content\/uploads\/2020\/03\/cov_eigen-einreise.jpg\" data-large-file=\"https:\/\/www.brennerbasisdemokratie.eu\/wp-content\/uploads\/2020\/03\/cov_eigen-einreise.jpg\" src=\"https:\/\/i0.wp.com\/www.brennerbasisdemokratie.eu\/wp-content\/uploads\/2020\/03\/cov_eigen-einreise.jpg?w=221&#038;h=313&#038;ssl=1\" srcset=\"https:\/\/www.brennerbasisdemokratie.eu\/wp-content\/uploads\/2020\/03\/cov_eigen-einreise.jpg 1240w, https:\/\/www.brennerbasisdemokratie.eu\/wp-content\/uploads\/2020\/03\/cov_eigen-einreise-768x1086.jpg 768w, https:\/\/www.brennerbasisdemokratie.eu\/wp-content\/uploads\/2020\/03\/cov_eigen-einreise-1086x1536.jpg 1086w, https:\/\/www.brennerbasisdemokratie.eu\/wp-content\/uploads\/2020\/03\/cov_eigen-einreise-848x1200.jpg 848w\" width=\"221\" height=\"313\" loading=\"lazy\" data-original-width=\"221\" data-original-height=\"313\" itemprop=\"http:\/\/schema.org\/image\" title=\"cov_eigen-einreise\" alt=\"Sonderversion Einreise\" style=\"width: 221px; height: 313px;\" \/> <\/a> <div class=\"tiled-gallery-caption\" itemprop=\"caption description\"> Sonderversion Einreise <\/div> <\/div> <\/div> <!-- close group --> <div class=\"gallery-group images-1\" style=\"width: 225px; height: 317px;\" data-original-width=\"225\" data-original-height=\"317\" > <div class=\"tiled-gallery-item tiled-gallery-item-small\" itemprop=\"associatedMedia\" itemscope itemtype=\"http:\/\/schema.org\/ImageObject\"> <a href=\"https:\/\/i0.wp.com\/www.brennerbasisdemokratie.eu\/wp-content\/uploads\/2020\/03\/cov-eigen-201026-1.jpg?ssl=1\" border=\"0\" itemprop=\"url\"> <meta itemprop=\"width\" content=\"221\"> <meta itemprop=\"height\" content=\"313\"> <img decoding=\"async\" class=\"\" data-attachment-id=\"61472\" data-orig-file=\"https:\/\/www.brennerbasisdemokratie.eu\/wp-content\/uploads\/2020\/03\/cov-eigen-201026-1.jpg\" data-orig-size=\"1240,1754\" data-comments-opened=\"1\" data-image-meta=\"{&quot;aperture&quot;:&quot;0&quot;,&quot;credit&quot;:&quot;&quot;,&quot;camera&quot;:&quot;&quot;,&quot;caption&quot;:&quot;&quot;,&quot;created_timestamp&quot;:&quot;0&quot;,&quot;copyright&quot;:&quot;&quot;,&quot;focal_length&quot;:&quot;0&quot;,&quot;iso&quot;:&quot;0&quot;,&quot;shutter_speed&quot;:&quot;0&quot;,&quot;title&quot;:&quot;&quot;,&quot;orientation&quot;:&quot;0&quot;}\" data-image-title=\"cov-eigen-201026-1\" data-image-description=\"\" data-medium-file=\"https:\/\/www.brennerbasisdemokratie.eu\/wp-content\/uploads\/2020\/03\/cov-eigen-201026-1.jpg\" data-large-file=\"https:\/\/www.brennerbasisdemokratie.eu\/wp-content\/uploads\/2020\/03\/cov-eigen-201026-1.jpg\" src=\"https:\/\/i0.wp.com\/www.brennerbasisdemokratie.eu\/wp-content\/uploads\/2020\/03\/cov-eigen-201026-1.jpg?w=221&#038;h=313&#038;ssl=1\" srcset=\"https:\/\/www.brennerbasisdemokratie.eu\/wp-content\/uploads\/2020\/03\/cov-eigen-201026-1.jpg 1240w, https:\/\/www.brennerbasisdemokratie.eu\/wp-content\/uploads\/2020\/03\/cov-eigen-201026-1-768x1086.jpg 768w, https:\/\/www.brennerbasisdemokratie.eu\/wp-content\/uploads\/2020\/03\/cov-eigen-201026-1-1086x1536.jpg 1086w, https:\/\/www.brennerbasisdemokratie.eu\/wp-content\/uploads\/2020\/03\/cov-eigen-201026-1-848x1200.jpg 848w, https:\/\/www.brennerbasisdemokratie.eu\/wp-content\/uploads\/2020\/03\/cov-eigen-201026-1-1200x1697.jpg 1200w\" width=\"221\" height=\"313\" loading=\"lazy\" data-original-width=\"221\" data-original-height=\"313\" itemprop=\"http:\/\/schema.org\/image\" title=\"cov-eigen-201026-1\" alt=\"Sechste Fassung \u2013 26. Oktober\" style=\"width: 221px; height: 313px;\" \/> <\/a> <div class=\"tiled-gallery-caption\" itemprop=\"caption description\"> Sechste Fassung \u2013 26. Oktober <\/div> <\/div> <\/div> <!-- close group --> <\/div> <!-- close row --> <\/div><\/blockquote>\n<p><small><em>Vorlagen zum Vergr\u00f6\u00dfern anklicken.<\/em><\/small><\/p>\n<ul>\n<li><strong>Nachtrag vom 27. M\u00e4rz 2020:<\/strong> Zwei neue Vorlagen vom 26. M\u00e4rz hinzugef\u00fcgt.<\/li>\n<li><strong>Nachtrag vom 4. Mai:<\/strong> Neue Vorlage hinzugef\u00fcgt.<\/li>\n<li><strong>Nachtrag vom 27. Oktober:<\/strong> Neue Eigenerkl\u00e4rung vom 26. Oktober hinzugef\u00fcgt.<\/li>\n<\/ul>\n<p><small><strong>Wichtiger Hinweis:<\/strong> Keine Gew\u00e4hr! Nutzen Sie ausschlie\u00dflich Vorlagen aus amtlicher Quelle, falls Sie eine Eigenerkl\u00e4rung ausf\u00fcllen m\u00fcssen.<br \/>\n<\/small><\/p>\n<p><strong><span style=\"font-family: Helvetica, Arial, sans-serif; text-transform: uppercase;\">C\u00ebla enghe:<\/span><\/strong> <a title=\"Il virus non indebolisca le difese immunitarie dello Stato di Diritto.\" href=\"https:\/\/www.brennerbasisdemokratie.eu\/?p=55646\"><code>01<\/code><\/a> <a title=\"\u00dcberwachung aus der Luft.\" href=\"https:\/\/www.brennerbasisdemokratie.eu\/?p=55804\"><code>02<\/code><\/a> <a title=\"Coronavirus-Verlauf in S\u00fcdtirol.\" href=\"https:\/\/www.brennerbasisdemokratie.eu\/?p=55426\"><code>03<\/code><\/a>\u00a0<span style=\"font-family: Helvetica, Arial, sans-serif; font-weight: normal;\">||<\/span> <a title=\"Europ\u00e4ischen digitalen Passagier-Lokalisierungs-Formulars.\" href=\"https:\/\/www.brennerbasisdemokratie.eu\/?p=65796\"><span style=\"color: #ff8c00\"><code>01<\/code><\/span><\/a><\/p>","protected":false},"excerpt":{"rendered":"<p>Im derzeitigen Ausnahmezustand nimmt die Eigen- oder Selbsterkl\u00e4rung, b\u00fcrokratische Ma\u00dfnahme zur Eind\u00e4mmung der B\u00fcrokratie, virale Z\u00fcge an und vermehrt sich geradezu unkontrolliert. Gleichzeitig entzieht sie sich dem Ziel, in ungewissen Zeiten f\u00fcr Klarheit und Rechtssicherheit zu sorgen, beharrlich. Falschausf\u00fcllenden winken, falls sie dadurch zu Falscherkl\u00e4renden werden, Geld- und Haftstrafen. Hier unten ist (ohne jeglichen Anspruch [&hellip;]<\/p>","protected":false},"author":1,"featured_media":0,"comment_status":"open","ping_status":"open","sticky":false,"template":"","format":"standard","meta":{"_crdt_document":"","ngg_post_thumbnail":0,"_jetpack_memberships_contains_paid_content":false,"footnotes":""},"categories":[1],"tags":[],"class_list":["post-55865","post","type-post","status-publish","format-standard","hentry","category-allgemein","issue-coronapandemie","location-italy","location-sudtirolo","language-deutsch","topic-buerokratismus","topic-recht"],"jetpack_featured_media_url":"","jetpack_sharing_enabled":true,"_links":{"self":[{"href":"https:\/\/www.brennerbasisdemokratie.eu\/index.php?rest_route=\/wp\/v2\/posts\/55865","targetHints":{"allow":["GET"]}}],"collection":[{"href":"https:\/\/www.brennerbasisdemokratie.eu\/index.php?rest_route=\/wp\/v2\/posts"}],"about":[{"href":"https:\/\/www.brennerbasisdemokratie.eu\/index.php?rest_route=\/wp\/v2\/types\/post"}],"author":[{"embeddable":true,"href":"https:\/\/www.brennerbasisdemokratie.eu\/index.php?rest_route=\/wp\/v2\/users\/1"}],"replies":[{"embeddable":true,"href":"https:\/\/www.brennerbasisdemokratie.eu\/index.php?rest_route=%2Fwp%2Fv2%2Fcomments&post=55865"}],"version-history":[{"count":26,"href":"https:\/\/www.brennerbasisdemokratie.eu\/index.php?rest_route=\/wp\/v2\/posts\/55865\/revisions"}],"predecessor-version":[{"id":76540,"href":"https:\/\/www.brennerbasisdemokratie.eu\/index.php?rest_route=\/wp\/v2\/posts\/55865\/revisions\/76540"}],"wp:attachment":[{"href":"https:\/\/www.brennerbasisdemokratie.eu\/index.php?rest_route=%2Fwp%2Fv2%2Fmedia&parent=55865"}],"wp:term":[{"taxonomy":"category","embeddable":true,"href":"https:\/\/www.brennerbasisdemokratie.eu\/index.php?rest_route=%2Fwp%2Fv2%2Fcategories&post=55865"},{"taxonomy":"post_tag","embeddable":true,"href":"https:\/\/www.brennerbasisdemokratie.eu\/index.php?rest_route=%2Fwp%2Fv2%2Ftags&post=55865"}],"curies":[{"name":"wp","href":"https:\/\/api.w.org\/{rel}","templated":true}]}}