{"id":56130,"date":"2020-04-02T16:50:38","date_gmt":"2020-04-02T14:50:38","guid":{"rendered":"https:\/\/www.brennerbasisdemokratie.eu\/?p=56130"},"modified":"2023-01-27T22:15:38","modified_gmt":"2023-01-27T21:15:38","slug":"nuove-tute-dalla-cina-tramite-laustria","status":"publish","type":"post","link":"https:\/\/www.brennerbasisdemokratie.eu\/?p=56130","title":{"rendered":"Nuove tute dalla Cina tramite l&#8217;Austria."},"content":{"rendered":"<p>La compagnia aerea di bandiera austriaca <em>Austrian Airlines<\/em> (gruppo <em>Lufthansa)<\/em> ha operato un secondo trasporto di materiale protettivo sanitario, 30 tonnellate in tutto, dalla Cina a Vienna, con due velivoli Boeing 777. Si tratterebbe di 12 tonnellate di mascherine e 18 tonnellate di tute protettive.<\/p>\n<p>Oltre 1.800 scatoloni di tute sarebbero destinate al Sudtirolo, secondo quanto <a title=\"SN: Coronavirus: 30 Tonnen Schutzausr\u00fcstung aus China\u2026\" href=\"https:\/\/www.suedtirolnews.it\/chronik\/coronavirus-aua-brachte-30-tonnen-schutzausruestung-aus-china\" target=\"_blank\" rel=\"noopener noreferrer\">riferisce<\/a> il portale <em>S\u00fcdtirolNews,<\/em> mentre i 1.400 scatoloni di mascherine andranno alla <em>Croce Rossa<\/em> per essere distribuite in Austria.<\/p>\n<p>Una <a title=\"Aiuto dall\u2019Austria.\" href=\"https:\/\/www.brennerbasisdemokratie.eu\/?p=55840\">prima fornitura<\/a> di materiale protettivo proveniente dalla Cina era arrivata in Sudtirolo poco meno di una settimana prima (marted\u00ec 24 marzo), sempre grazie alla collaborazione austriaca.<\/p>\n<p>Cinque pazienti sudtirolesi, inoltre, sono stati trasferiti negli ospedali di Innsbruck e di Lienz, mentre domenica (29 marzo) altri due <a title=\"Due pazienti portati in Germania dalla Rega.\" href=\"https:\/\/www.brennerbasisdemokratie.eu\/?p=56071\">sono stati accolti in Germania.<\/a> Inoltre c&#8217;\u00e8 <a title=\"Tre pazienti verso il Vorarlberg.\" href=\"https:\/\/www.brennerbasisdemokratie.eu\/?p=56025\">la disponibilit\u00e0 del Vorarlberg<\/a> a prendersi carico di altre tre persone in terapia intensiva.<\/p>\n<p><strong><span style=\"font-family: Helvetica, Arial, sans-serif; text-transform: uppercase;\">C\u00ebla enghe:<\/span><\/strong> <a title=\"Schutzausr\u00fcstung \u00fcber \u00d6sterreich nach S\u00fcdtirol?\" href=\"https:\/\/www.brennerbasisdemokratie.eu\/?p=55711\"><code>01<\/code><\/a> <a title=\"Come sconfiggere il virus.\" href=\"https:\/\/www.brennerbasisdemokratie.eu\/?p=55599\"><code>02<\/code><\/a>\u00a0<span style=\"font-family: Helvetica, Arial, sans-serif; font-weight: normal;\">||<\/span> <a title=\"Abgelehntes Schutzmaterial.\" href=\"https:\/\/www.brennerbasisdemokratie.eu\/?p=56753\"><span style=\"color: #ff8c00\"><code>01<\/code><\/span><\/a><\/p>","protected":false},"excerpt":{"rendered":"<p>La compagnia aerea di bandiera austriaca Austrian Airlines (gruppo Lufthansa) ha operato un secondo trasporto di materiale protettivo sanitario, 30 tonnellate in tutto, dalla Cina a Vienna, con due velivoli Boeing 777. Si tratterebbe di 12 tonnellate di mascherine e 18 tonnellate di tute protettive. Oltre 1.800 scatoloni di tute sarebbero destinate al Sudtirolo, secondo [&hellip;]<\/p>","protected":false},"author":1,"featured_media":0,"comment_status":"open","ping_status":"open","sticky":false,"template":"","format":"standard","meta":{"_crdt_document":"","ngg_post_thumbnail":0,"_jetpack_memberships_contains_paid_content":false,"footnotes":""},"categories":[1],"tags":[],"class_list":["post-56130","post","type-post","status-publish","format-standard","hentry","category-allgemein","issue-coronapandemie","issue-good-news","location-china","location-deutschland","location-nord-osttirol","location-osterreich","location-sudtirolo","language-italiano","medium-suedtirolnews","topic-gesundheit"],"jetpack_featured_media_url":"","jetpack_sharing_enabled":true,"_links":{"self":[{"href":"https:\/\/www.brennerbasisdemokratie.eu\/index.php?rest_route=\/wp\/v2\/posts\/56130","targetHints":{"allow":["GET"]}}],"collection":[{"href":"https:\/\/www.brennerbasisdemokratie.eu\/index.php?rest_route=\/wp\/v2\/posts"}],"about":[{"href":"https:\/\/www.brennerbasisdemokratie.eu\/index.php?rest_route=\/wp\/v2\/types\/post"}],"author":[{"embeddable":true,"href":"https:\/\/www.brennerbasisdemokratie.eu\/index.php?rest_route=\/wp\/v2\/users\/1"}],"replies":[{"embeddable":true,"href":"https:\/\/www.brennerbasisdemokratie.eu\/index.php?rest_route=%2Fwp%2Fv2%2Fcomments&post=56130"}],"version-history":[{"count":4,"href":"https:\/\/www.brennerbasisdemokratie.eu\/index.php?rest_route=\/wp\/v2\/posts\/56130\/revisions"}],"predecessor-version":[{"id":76546,"href":"https:\/\/www.brennerbasisdemokratie.eu\/index.php?rest_route=\/wp\/v2\/posts\/56130\/revisions\/76546"}],"wp:attachment":[{"href":"https:\/\/www.brennerbasisdemokratie.eu\/index.php?rest_route=%2Fwp%2Fv2%2Fmedia&parent=56130"}],"wp:term":[{"taxonomy":"category","embeddable":true,"href":"https:\/\/www.brennerbasisdemokratie.eu\/index.php?rest_route=%2Fwp%2Fv2%2Fcategories&post=56130"},{"taxonomy":"post_tag","embeddable":true,"href":"https:\/\/www.brennerbasisdemokratie.eu\/index.php?rest_route=%2Fwp%2Fv2%2Ftags&post=56130"}],"curies":[{"name":"wp","href":"https:\/\/api.w.org\/{rel}","templated":true}]}}