{"id":563,"date":"2007-02-01T10:29:09","date_gmt":"2007-02-01T09:29:09","guid":{"rendered":"http:\/\/www.selbstbestimmung.net\/?p=563"},"modified":"2023-01-03T21:52:46","modified_gmt":"2023-01-03T20:52:46","slug":"altenmarktgasse","status":"publish","type":"post","link":"https:\/\/www.brennerbasisdemokratie.eu\/?p=563","title":{"rendered":"Altenmarktgasse."},"content":{"rendered":"<p>Im Anschluss an <a title=\"zur Diskussion.\" href=\"http:\/\/www.brennerbasisdemokratie.eu\/?p=499\">eine Diskussion<\/a>, in der es um die \u00bbgef\u00fchlte\u00ab Einsprachigkeit in Brixner Betrieben ging, habe ich mich nun erstmals in eine empirische Erhebung gewagt. Herangezogen habe ich daf\u00fcr in dieser ersten Phase ausschlie\u00dflich die \u00e4u\u00dfere Erscheinung von L\u00e4den und Betrieben (Schaufenster, \u00d6ffnungszeiten, Preisschilder&#8230;) in der Altenmarktgasse \u2013 die ich ausgew\u00e4hlt habe, weil es sich um eine zentral gelegene und gleichzeitig \u00fcberschaubare Einkaufsstra\u00dfe handelt.<\/p>\n<p>Zur Einstufung der Beschriftung habe ich mich an folgende f\u00fcnf Kategorien gehalten:<\/p>\n<ul>\n<li>zweisprachige Beschriftung (X)<\/li>\n<li>(fast) ausschlie\u00dflich italienische Beschriftung (I): so gut wie s\u00e4mtiche Informationen sind nur in italienischer Sprache angebracht<\/li>\n<li>vorwiegend italienische Beschriftung (VI): der gr\u00f6\u00dfte Teil (rund 2\/3) der Informationen sind nur in italienischer Sprache angebracht<\/li>\n<li>(fast) ausschlie\u00dflich deutsche Beschriftung (D)<\/li>\n<li>vorwiegend deutsche Beschriftung (VD)<\/li>\n<\/ul>\n<p>Au\u00dferdem habe ich aus pers\u00f6nlichem Interesse eine Zuordnung der Firmenbezeichnungen vorgenommen, der ich allerdings keine gro\u00dfe Aussagekraft beimesse.<\/p>\n<blockquote><p><img decoding=\"async\" id=\"image559\" class=\" aligncenter\" src=\"http:\/\/www.brennerbasisdemokratie.eu\/wp-content\/uploads\/prev\/liste.jpg\" alt=\"Liste.\" \/><\/p><\/blockquote>\n<p>Was die Beschriftung betrifft ergibt sich also folgendes Bild:<\/p>\n<blockquote><p><img decoding=\"async\" id=\"image560\" class=\"aligncenter\" src=\"http:\/\/www.brennerbasisdemokratie.eu\/wp-content\/uploads\/prev\/beschr.jpg\" alt=\"Beschriftung.\" \/><\/p><\/blockquote>\n<blockquote><p><img decoding=\"async\" id=\"image564\" class=\"aligncenter\" src=\"http:\/\/www.brennerbasisdemokratie.eu\/wp-content\/uploads\/prev\/beschrtab.jpg\" alt=\"Tabelle.\" \/><\/p><\/blockquote>\n<p>Ganze 30% der untersuchten Firmen halten es hier bereits nicht mehr f\u00fcr notwendig, ihren potentiellen Kunden auf der Stra\u00dfe mit zweisprachigen Informationen zu begegnen. Eine n\u00e4here Betrachtung der einsprachig beschrifteten L\u00e4den zeigt, dass besonders Ketten, die ihren Schwerpunkt nicht in S\u00fcdtirol haben, die Spezifizit\u00e4t unseres Landes ignorieren. Dabei \u00fcberwiegt die italienische Sprache naturgem\u00e4\u00df bei weitem:<\/p>\n<blockquote><p><img decoding=\"async\" id=\"image561\" class=\"aligncenter\" src=\"http:\/\/www.brennerbasisdemokratie.eu\/wp-content\/uploads\/prev\/einspr.jpg\" alt=\"Einsprachigkeit.\" \/><\/p><\/blockquote>\n<p>Man kann auch sagen, dass 94% der Betriebe (also fast alle) die italienische Sprache benutzen, aber nur 76% (=3\/4) die Deutsche. Mein \u00bbGef\u00fchl\u00ab, das ich <a title=\"zu den Zahlen.\" href=\"http:\/\/www.brennerbasisdemokratie.eu\/?p=499\">damals<\/a> in Zahlen gekleidet hatte, wurde somit sogar noch leicht \u00fcbertroffen. Hier der Vergleich zur Verteilung der Einwohner Brixens auf die drei Sprachgruppen:<\/p>\n<blockquote><p><img decoding=\"async\" id=\"image562\" class=\"aligncenter\" src=\"http:\/\/www.brennerbasisdemokratie.eu\/wp-content\/uploads\/prev\/einw.jpg\" alt=\"Einwohner.\" \/><\/p><\/blockquote>\n<p style=\"text-align: center;\"><em><small>gelb: Deutsch \u2013 rot: Italienisch \u2013 gr\u00fcn: Ladinisch<\/small><\/em><\/p>\n<p>Das Balkendiagramm zu den Firmenbezeichnungen:<\/p>\n<blockquote><p><img decoding=\"async\" id=\"image565\" class=\"aligncenter\" src=\"http:\/\/www.brennerbasisdemokratie.eu\/wp-content\/uploads\/prev\/bez.jpg\" alt=\"Bezeichnungen.\" \/><\/p><\/blockquote>\n<p>Der Eigenname \u2013 meist jener des Besitzers \u2013 bleibt bei der Firmenbezeichnung ein Klassiker. Weit abgeschlagen \u2013 weil \u00bbuncool\u00ab? \u2013 die italienische und vor allem die deutsche Sprache. Nur das Hutst\u00fcbele setzt noch darauf.<\/p>\n<p>Jetzt fehlt selbstverst\u00e4ndlich noch eine ernsthafte Erhebung der Sprachen <em>in<\/em> den Betrieben, sowohl was die Bedienung betrifft, als auch die Produktbeschriftung.<\/p>\n<p>Die Erhebung wurde am 31. J\u00e4nner 2007 durchgef\u00fchrt.<\/p>\n<p><strong><span style=\"font-family: Helvetica, Arial, sans-serif; text-transform: uppercase;\">C\u00ebla enghe:<\/span><\/strong> <a title=\"Ohne viele Worte.\" href=\"http:\/\/www.brennerbasisdemokratie.eu\/?p=293\"><code>01<\/code><\/a> <span style=\"font-family: Helvetica, Arial, sans-serif; font-weight: normal;\">||<\/span> <a title=\"Museumstra\u00dfe.\" href=\"https:\/\/www.brennerbasisdemokratie.eu\/?p=583\" rel=\"\"><span style=\"color: #ff8c00\"><code>01<\/code><\/span><\/a><\/p>","protected":false},"excerpt":{"rendered":"<p>Im Anschluss an eine Diskussion, in der es um die \u00bbgef\u00fchlte\u00ab Einsprachigkeit in Brixner Betrieben ging, habe ich mich nun erstmals in eine empirische Erhebung gewagt. Herangezogen habe ich daf\u00fcr in dieser ersten Phase ausschlie\u00dflich die \u00e4u\u00dfere Erscheinung von L\u00e4den und Betrieben (Schaufenster, \u00d6ffnungszeiten, Preisschilder&#8230;) in der Altenmarktgasse \u2013 die ich ausgew\u00e4hlt habe, weil es [&hellip;]<\/p>","protected":false},"author":1,"featured_media":0,"comment_status":"open","ping_status":"open","sticky":false,"template":"","format":"standard","meta":{"_crdt_document":"","ngg_post_thumbnail":0,"_jetpack_memberships_contains_paid_content":false,"footnotes":""},"categories":[1],"tags":[],"class_list":["post-563","post","type-post","status-publish","format-standard","hentry","category-allgemein","issue-italianizzazione","location-sudtirolo","language-deutsch","topic-plurilinguism","topic-recherche","topic-statistik","topic-verbraucherinnen"],"jetpack_featured_media_url":"","jetpack_sharing_enabled":true,"_links":{"self":[{"href":"https:\/\/www.brennerbasisdemokratie.eu\/index.php?rest_route=\/wp\/v2\/posts\/563","targetHints":{"allow":["GET"]}}],"collection":[{"href":"https:\/\/www.brennerbasisdemokratie.eu\/index.php?rest_route=\/wp\/v2\/posts"}],"about":[{"href":"https:\/\/www.brennerbasisdemokratie.eu\/index.php?rest_route=\/wp\/v2\/types\/post"}],"author":[{"embeddable":true,"href":"https:\/\/www.brennerbasisdemokratie.eu\/index.php?rest_route=\/wp\/v2\/users\/1"}],"replies":[{"embeddable":true,"href":"https:\/\/www.brennerbasisdemokratie.eu\/index.php?rest_route=%2Fwp%2Fv2%2Fcomments&post=563"}],"version-history":[{"count":8,"href":"https:\/\/www.brennerbasisdemokratie.eu\/index.php?rest_route=\/wp\/v2\/posts\/563\/revisions"}],"predecessor-version":[{"id":75720,"href":"https:\/\/www.brennerbasisdemokratie.eu\/index.php?rest_route=\/wp\/v2\/posts\/563\/revisions\/75720"}],"wp:attachment":[{"href":"https:\/\/www.brennerbasisdemokratie.eu\/index.php?rest_route=%2Fwp%2Fv2%2Fmedia&parent=563"}],"wp:term":[{"taxonomy":"category","embeddable":true,"href":"https:\/\/www.brennerbasisdemokratie.eu\/index.php?rest_route=%2Fwp%2Fv2%2Fcategories&post=563"},{"taxonomy":"post_tag","embeddable":true,"href":"https:\/\/www.brennerbasisdemokratie.eu\/index.php?rest_route=%2Fwp%2Fv2%2Ftags&post=563"}],"curies":[{"name":"wp","href":"https:\/\/api.w.org\/{rel}","templated":true}]}}