{"id":56369,"date":"2020-04-11T19:40:50","date_gmt":"2020-04-11T17:40:50","guid":{"rendered":"https:\/\/www.brennerbasisdemokratie.eu\/?p=56369"},"modified":"2023-01-27T22:17:37","modified_gmt":"2023-01-27T21:17:37","slug":"du-bist-doch-etwas-allein","status":"publish","type":"post","link":"https:\/\/www.brennerbasisdemokratie.eu\/?p=56369","title":{"rendered":"Du bist doch etwas allein."},"content":{"rendered":"<p>Auf Initiative des Gesundheitsbetriebs hat das neue Netzwerk <em>Psychohilfe Covid 19<\/em> (mit <em>Forum Pr\u00e4vention<\/em> und Kammer der Psychologinnen) eine \u2014 leider <a title=\"Corona: Europarat fordert Mehrsprachigkeit.\" href=\"https:\/\/www.brennerbasisdemokratie.eu\/?p=56038\">nur zweisprachige<\/a> \u2014 <a title=\"Du bist nicht allein.\" href=\"http:\/\/www.dubistnichtallein.it\/de\" target=\"_blank\" rel=\"noopener noreferrer\">Webseite<\/a> ins Internet gestellt, mit der unter dem Motto <em>Du bist nicht allein!<\/em> all jenen Hilfe angeboten werden soll, die in dieser schwierigen Phase der Ausgangsbeschr\u00e4nkungen zus\u00e4tzlichen Schwierigkeiten (wie Angst, Einsamkeit, Ersch\u00f6pfung, Langweile, Streit, Gr\u00fcbeln, Schlafst\u00f6rungen, problematisches Konsumverhalten, Bewegungsmangel oder gar Gewalt) ausgesetzt sind.<\/p>\n<blockquote><p><img loading=\"lazy\" decoding=\"async\" class=\"aligncenter size-full wp-image-56371\" src=\"https:\/\/www.brennerbasisdemokratie.eu\/wp-content\/uploads\/2020\/04\/dubistnichtallein1.png\" alt=\"\" width=\"850\" height=\"355\" srcset=\"https:\/\/www.brennerbasisdemokratie.eu\/wp-content\/uploads\/2020\/04\/dubistnichtallein1.png 850w, https:\/\/www.brennerbasisdemokratie.eu\/wp-content\/uploads\/2020\/04\/dubistnichtallein1-768x321.png 768w\" sizes=\"auto, (max-width: 850px) 100vw, 850px\" \/><\/p><\/blockquote>\n<p>Insbesondere gibt es zu jeder dieser Situationen einige wirklich sehr kurze Verhaltungsempfehlungen \u2014 und Kontakte, an die sich Menschen in mehr oder minder schweren Notlagen wenden k\u00f6nnen.<\/p>\n<p>Dar\u00fcberhinaus wird jedoch auch auf einen Downloadbereich mit vertiefenden Informationen verwiesen.<\/p>\n<blockquote><p><img loading=\"lazy\" decoding=\"async\" class=\"aligncenter size-full wp-image-56372\" src=\"https:\/\/www.brennerbasisdemokratie.eu\/wp-content\/uploads\/2020\/04\/dubistnichtallein2.png\" alt=\"\" width=\"850\" height=\"533\" srcset=\"https:\/\/www.brennerbasisdemokratie.eu\/wp-content\/uploads\/2020\/04\/dubistnichtallein2.png 850w, https:\/\/www.brennerbasisdemokratie.eu\/wp-content\/uploads\/2020\/04\/dubistnichtallein2-768x482.png 768w\" sizes=\"auto, (max-width: 850px) 100vw, 850px\" \/><\/p><\/blockquote>\n<p>Dort aber herrscht seit nunmehr \u00fcber einer Woche g\u00e4hnende Leere. Bei Menschen in einer Notlage, denen von Anfrang an die Nachreichung der Dokumente versprochen wurde, d\u00fcrfte das Verst\u00e4ndnis langsam schwinden.<\/p>\n<p>Nat\u00fcrlich ist die Existenz einer solchen Plattform an sich zu begr\u00fc\u00dfen. Doch in einer Situation wie der, die wir gerade erleben, ist eine Woche f\u00fcr viele eine halbe Ewigkeit. Gerade Menschen, die sich in Schwierigkeiten befinden und sich von diesem Portal eine Unterst\u00fctzung erhofft hatten, k\u00f6nnten sich jetzt get\u00e4uscht und \u2014 ja \u2014 allein gelassen f\u00fchlen.<\/p>\n<p><strong>Nachtrag vom 14. April 2020:<\/strong> Der Downloadbereich wurde jetzt durch eine Mediathek mit Videos ersetzt.<\/p>\n<p><strong><span style=\"font-family: Helvetica, Arial, sans-serif; text-transform: uppercase;\">C\u00ebla enghe:<\/span><\/strong> <a title=\"Geb\u00e4rdensprache und Verschriftlichung.\" href=\"https:\/\/www.brennerbasisdemokratie.eu\/?p=56182\"><code>01<\/code><\/a> <a title=\"Corona-Webseite jetzt auch auf Ladinisch.\" href=\"https:\/\/www.brennerbasisdemokratie.eu\/?p=55986\"><code>02<\/code><\/a> <a title=\"Corona: Riesige Datenpanne beim Land.\" href=\"https:\/\/www.brennerbasisdemokratie.eu\/?p=56118\"><code>03<\/code><\/a> <a title=\"Covid: Was l\u00e4uft falsch?\" href=\"https:\/\/www.brennerbasisdemokratie.eu\/?p=56246\"><code>04<\/code><\/a> <a title=\"Ich hab\u2019 den Corona-Blues.\" href=\"https:\/\/www.brennerbasisdemokratie.eu\/?p=55789\"><code>05<\/code><\/a> <a title=\"Corona: Land ver\u00f6ffentlicht einsprachige Tabelle.\" href=\"https:\/\/www.brennerbasisdemokratie.eu\/?p=56094\"><code>06<\/code><\/a>\u00a0<span style=\"font-family: Helvetica, Arial, sans-serif; font-weight: normal;\">||<\/span> <a title=\"Neustart: I piun ind\u00f4 ia S\u00fcdtirol.\" href=\"https:\/\/www.brennerbasisdemokratie.eu\/?p=56508\"><span style=\"color: #ff8c00\"><code>01<\/code><\/span><\/a><\/p>","protected":false},"excerpt":{"rendered":"<p>Auf Initiative des Gesundheitsbetriebs hat das neue Netzwerk Psychohilfe Covid 19 (mit Forum Pr\u00e4vention und Kammer der Psychologinnen) eine \u2014 leider nur zweisprachige \u2014 Webseite ins Internet gestellt, mit der unter dem Motto Du bist nicht allein! all jenen Hilfe angeboten werden soll, die in dieser schwierigen Phase der Ausgangsbeschr\u00e4nkungen zus\u00e4tzlichen Schwierigkeiten (wie Angst, Einsamkeit, [&hellip;]<\/p>","protected":false},"author":1,"featured_media":0,"comment_status":"open","ping_status":"open","sticky":false,"template":"","format":"standard","meta":{"_crdt_document":"","ngg_post_thumbnail":0,"_jetpack_memberships_contains_paid_content":false,"footnotes":""},"categories":[1],"tags":[],"class_list":["post-56369","post","type-post","status-publish","format-standard","hentry","category-allgemein","entity-sabes","issue-coronapandemie","location-sudtirolo","language-deutsch","topic-feminae","topic-gesundheit","topic-plurilinguism","topic-servicepublic","topic-soziales","topic-tech_com"],"jetpack_featured_media_url":"","jetpack_sharing_enabled":true,"_links":{"self":[{"href":"https:\/\/www.brennerbasisdemokratie.eu\/index.php?rest_route=\/wp\/v2\/posts\/56369","targetHints":{"allow":["GET"]}}],"collection":[{"href":"https:\/\/www.brennerbasisdemokratie.eu\/index.php?rest_route=\/wp\/v2\/posts"}],"about":[{"href":"https:\/\/www.brennerbasisdemokratie.eu\/index.php?rest_route=\/wp\/v2\/types\/post"}],"author":[{"embeddable":true,"href":"https:\/\/www.brennerbasisdemokratie.eu\/index.php?rest_route=\/wp\/v2\/users\/1"}],"replies":[{"embeddable":true,"href":"https:\/\/www.brennerbasisdemokratie.eu\/index.php?rest_route=%2Fwp%2Fv2%2Fcomments&post=56369"}],"version-history":[{"count":9,"href":"https:\/\/www.brennerbasisdemokratie.eu\/index.php?rest_route=\/wp\/v2\/posts\/56369\/revisions"}],"predecessor-version":[{"id":76549,"href":"https:\/\/www.brennerbasisdemokratie.eu\/index.php?rest_route=\/wp\/v2\/posts\/56369\/revisions\/76549"}],"wp:attachment":[{"href":"https:\/\/www.brennerbasisdemokratie.eu\/index.php?rest_route=%2Fwp%2Fv2%2Fmedia&parent=56369"}],"wp:term":[{"taxonomy":"category","embeddable":true,"href":"https:\/\/www.brennerbasisdemokratie.eu\/index.php?rest_route=%2Fwp%2Fv2%2Fcategories&post=56369"},{"taxonomy":"post_tag","embeddable":true,"href":"https:\/\/www.brennerbasisdemokratie.eu\/index.php?rest_route=%2Fwp%2Fv2%2Ftags&post=56369"}],"curies":[{"name":"wp","href":"https:\/\/api.w.org\/{rel}","templated":true}]}}