{"id":56567,"date":"2020-04-17T13:06:41","date_gmt":"2020-04-17T11:06:41","guid":{"rendered":"https:\/\/www.brennerbasisdemokratie.eu\/?p=56567"},"modified":"2023-04-20T09:27:38","modified_gmt":"2023-04-20T07:27:38","slug":"umgang-mit-der-krise-blick-nach-bayern","status":"publish","type":"post","link":"https:\/\/www.brennerbasisdemokratie.eu\/?p=56567","title":{"rendered":"Umgang mit der Krise: Blick nach Bayern."},"content":{"rendered":"<p>Einige Ausz\u00fcge aus der gestrigen Pressekonferenz der bayerischen Staatsregierung zum Fortgang der Coronapandemie. Mir scheinen mehrere Aspekte auch f\u00fcr S\u00fcdtirol \u2014 oder zumindest f\u00fcr einen Vergleich mit S\u00fcdtirol \u2014 von Bedeutung, weshalb ich sie hier transkribiert habe. Damit wir nicht immer nur <a title=\"Coronavirus-Verlauf in S\u00fcdtirol.\" href=\"https:\/\/www.brennerbasisdemokratie.eu\/?p=55426\">Zahlen vergleichen<\/a>.<\/p>\n<blockquote><p>Unser Gesundheitssystem hat die bisherige Bew\u00e4hrungsprobe gut \u00fcberstanden, besser in Deutschland, Bayern, wie der Rest der Welt, weil wir mehr Betten hatten \u2014 drum sind auch alle Empfehlungen der Vergangenheit, Krankenh\u00e4user abzubauen, immer falsch gewesen, die Krankenhauspolitik war richtig.<\/p><\/blockquote>\n<blockquote><p>Wir sind auch eindeutig f\u00fcr ein Mundschutzgebot [\u2026], das hei\u00dft nicht die klassische Maske, die medizinische, die man hat. Die medizinischen Masken, die der Staat versucht, auf den internationalen M\u00e4rkten zu besorgen oder in Bayern zu produzieren [\u2026], das ist dem medizinischen Personal vorbehalten. Wir reden von Community-Masken, es gibt da viele Beispiele [\u2026], wo wir wissen, das sind Mund-Nase-Schutzmasken, also \u00fcber Mund und Nase zu nehmen, die zwar nicht vor Ansteckung einen selber sch\u00fctzen, aber die Ansteckung bei anderen deutlich verringern k\u00f6nnen \u2014 wir empfehlen sehr sogenannte Community-Masken [\u2026].<\/p><\/blockquote>\n<blockquote><p>Grundschulen und Kitas [bleiben] vorerst zu, f\u00fchrt aber dazu [\u2026], dass wir nat\u00fcrlich die Notfallbetreuung deutlich ausbauen wollen. Wir werden die Notfallbetreuung massiv ausbauen m\u00fcssen, und zwar auch dort, wo Systemrelevante sind und nur ein Partner betroffen ist, aber auch beispielsweise bei Alleinerziehenden oder bei besonders sozial betroffenen Gruppen, m\u00fcssen wir Flexibilit\u00e4t haben \u2014 das gilt f\u00fcr die Grundschule, das gilt f\u00fcr die Bereiche der Kita. Dazu m\u00fcssen jetzt aber auch noch die entsprechenden Raumkonzepte alle erstellt werden.<\/p><\/blockquote>\n<blockquote><p>Wir werden \u00fcbrigens die Sterbebegleitung gro\u00dfz\u00fcgiger nat\u00fcrlich erlauben, weil das geh\u00f6rt einfach zu einer ethischen Gesellschaft dazu, dass man seine Eltern und seine Verwandten, seine Partner in diesem schlimmsten Moment dann auch begleiten kann.<\/p><\/blockquote>\n<blockquote><p>Wir haben einen Silberstreif am Horizont, kann man wirklich sagen. Wir sp\u00fcren, dass die Ma\u00dfnahmen, die wir gemeinschaftlich als Kabinett getroffen haben, und auch im Landtag mit der Opposition, dass diese Ma\u00dfnahmen wirken. Eindeutig. Wir m\u00fcssen jetzt aufpassen, dass die Erleichterungen nicht die Wirkung der Ma\u00dfnahmen komplett wieder ins Gegenteil ver\u00e4ndern. [\u2026] Wir sind auch Optimisten, aber wir d\u00fcrfen in nichts hineinstolpern, was am Ende uns wieder zur\u00fcckwirft in die Zeit zuvor. [\u2026] Wir setzen den Weg fort. Wir werden jetzt alle zwei drei Wochen Justierungen vornehmen, im Moment k\u00f6nnen wir sagen, das was wir gemacht haben wirkt, wir wollen den Menschen ein St\u00fcck weit Freiheit zur\u00fcckgeben, ein St\u00fcck weit auch Lebensfreude zur\u00fcckgeben, das ist unser Ziel\u2026 ein St\u00fcck Gemeinschaft wieder etablieren und durch dieses schwierige Coronajahr mit so wenig Sch\u00e4den wie m\u00f6glich kommen.<\/p><\/blockquote>\n<p><em>Ministerpr\u00e4sident Markus S\u00f6der (<abbr title=\"Christlich-Soziale Union\">CSU<\/abbr>)<\/em><\/p>\n<blockquote><p>Was mir noch wichtig ist in den Senioren- und Altenheimen: Wir haben feststellen m\u00fcssen, dass es einige Heime [gibt], wo wir leider auch weiter unsere Verbote [haben], dass man eben nicht besuchen darf. Aber selbverst\u00e4ndlich wenn es darum geht, dass ich mich verabschieden m\u00f6chte, wenn ein \u00e4lterer Mensch im Sterben liegt, ich von meinem Vater, von meiner Mama mich verabschieden m\u00f6chte, dass das nat\u00fcrlich erm\u00f6glicht werden soll. Das ist unter humanit\u00e4ren Gesichtspunkten enorm wichtig und da d\u00fcrfen wir auch nicht nachlassen, dass wir hier auch das kommunizieren, damit das wohl auch gut erm\u00f6glicht wird.<\/p><\/blockquote>\n<p><em>Melanie Huml, Staatsministerin f\u00fcr Gesundheit und Pflege (CSU)<\/em><\/p>\n<ul>\n<li>ad Schlie\u00dfung von Krankenh\u00e4usern: Hier hat sich S\u00fcdtirol sp\u00e4testens seit der Regierung Monti an der neoliberalen \u00bbOptimierungspolitik\u00ab beteiligt. Die Rolle der teilweise kaputtgesparten Bezirkskrankenh\u00e4user war in dieser Krise von gro\u00dfer Wichtigkeit.<\/li>\n<li>ad Mundschutzgebot: In S\u00fcdtirol wird immer wieder gefordert, die \u00f6ffentliche Hand m\u00fcsse die gesamte Bev\u00f6lkerung mit medizinischen Schutzmasken ausstatten. In Bayern wird diese Ausr\u00fcstung sogar ausdr\u00fccklich als nicht sinnvoll bezeichnet, weil sie vom medizinischen Personal ben\u00f6tigt wird.<\/li>\n<li>ad Betreuungsangebote f\u00fcr Kinder: Diesbez\u00fcglich ist das Land S\u00fcdtirol s\u00e4umig, ernstzunehmende Angebote gibt es bis dato nicht.<\/li>\n<li>ad Sterbebegleitung: Was in Bayern als enorm wichtig betrachtet wird, ist hierzulande in erheblichem Ausma\u00df nicht mehr gew\u00e4hrleistet, Menschen sterben einsam, die Verwandtschaft wird vielfach erst nachtr\u00e4glich informiert.<\/li>\n<\/ul>\n<p><strong><span style=\"font-family: Helvetica, Arial, sans-serif; text-transform: uppercase;\">C\u00ebla enghe:<\/span><\/strong> <a title=\"Covid: Was l\u00e4uft falsch?\" href=\"https:\/\/www.brennerbasisdemokratie.eu\/?p=56246\"><code>01<\/code><\/a> <a title=\"Wo bleiben die Konsequenzen?\" href=\"https:\/\/www.brennerbasisdemokratie.eu\/?p=56526\"><code>02<\/code><\/a> <span style=\"font-family: Helvetica, Arial, sans-serif; font-weight: normal;\">||<\/span> <a title=\"Expertenmonopole statt breiter Debatten.\" href=\"https:\/\/www.brennerbasisdemokratie.eu\/?p=56984\"><span style=\"color: #ff8c00\"><code>01<\/code><\/span><\/a><\/p>","protected":false},"excerpt":{"rendered":"<p>Einige Ausz\u00fcge aus der gestrigen Pressekonferenz der bayerischen Staatsregierung zum Fortgang der Coronapandemie. Mir scheinen mehrere Aspekte auch f\u00fcr S\u00fcdtirol \u2014 oder zumindest f\u00fcr einen Vergleich mit S\u00fcdtirol \u2014 von Bedeutung, weshalb ich sie hier transkribiert habe. Damit wir nicht immer nur Zahlen vergleichen. Unser Gesundheitssystem hat die bisherige Bew\u00e4hrungsprobe gut \u00fcberstanden, besser in Deutschland, [&hellip;]<\/p>","protected":false},"author":1,"featured_media":0,"comment_status":"open","ping_status":"open","sticky":false,"template":"","format":"standard","meta":{"_crdt_document":"","ngg_post_thumbnail":0,"_jetpack_memberships_contains_paid_content":false,"footnotes":""},"categories":[1],"tags":[],"class_list":["post-56567","post","type-post","status-publish","format-standard","hentry","category-allgemein","entity-cdu-csu","issue-quotation","location-bayern","location-sudtirolo","language-deutsch","person-mario-monti","topic-comparatio","topic-gesundheit","topic-scola","topic-soziales"],"jetpack_featured_media_url":"","jetpack_sharing_enabled":true,"_links":{"self":[{"href":"https:\/\/www.brennerbasisdemokratie.eu\/index.php?rest_route=\/wp\/v2\/posts\/56567","targetHints":{"allow":["GET"]}}],"collection":[{"href":"https:\/\/www.brennerbasisdemokratie.eu\/index.php?rest_route=\/wp\/v2\/posts"}],"about":[{"href":"https:\/\/www.brennerbasisdemokratie.eu\/index.php?rest_route=\/wp\/v2\/types\/post"}],"author":[{"embeddable":true,"href":"https:\/\/www.brennerbasisdemokratie.eu\/index.php?rest_route=\/wp\/v2\/users\/1"}],"replies":[{"embeddable":true,"href":"https:\/\/www.brennerbasisdemokratie.eu\/index.php?rest_route=%2Fwp%2Fv2%2Fcomments&post=56567"}],"version-history":[{"count":11,"href":"https:\/\/www.brennerbasisdemokratie.eu\/index.php?rest_route=\/wp\/v2\/posts\/56567\/revisions"}],"predecessor-version":[{"id":73010,"href":"https:\/\/www.brennerbasisdemokratie.eu\/index.php?rest_route=\/wp\/v2\/posts\/56567\/revisions\/73010"}],"wp:attachment":[{"href":"https:\/\/www.brennerbasisdemokratie.eu\/index.php?rest_route=%2Fwp%2Fv2%2Fmedia&parent=56567"}],"wp:term":[{"taxonomy":"category","embeddable":true,"href":"https:\/\/www.brennerbasisdemokratie.eu\/index.php?rest_route=%2Fwp%2Fv2%2Fcategories&post=56567"},{"taxonomy":"post_tag","embeddable":true,"href":"https:\/\/www.brennerbasisdemokratie.eu\/index.php?rest_route=%2Fwp%2Fv2%2Ftags&post=56567"}],"curies":[{"name":"wp","href":"https:\/\/api.w.org\/{rel}","templated":true}]}}