{"id":56855,"date":"2020-04-27T14:46:16","date_gmt":"2020-04-27T12:46:16","guid":{"rendered":"https:\/\/www.brennerbasisdemokratie.eu\/?p=56855"},"modified":"2026-02-02T09:15:52","modified_gmt":"2026-02-02T08:15:52","slug":"wenn-das-die-losung-ist","status":"publish","type":"post","link":"https:\/\/www.brennerbasisdemokratie.eu\/?p=56855","title":{"rendered":"Wenn das die L\u00f6sung ist\u2026"},"content":{"rendered":"<!-- Snippets by WebberZone Snippetz --><div class=\"ata_snippets\"><hr style=\"height: 20px; border: none; margin-top: 0em; background-color: darkred;\"\/><\/div><p><em>von Hanspeter Holzer<\/em><\/p>\n<p>Italien hat aufgrund der dilettantischen und unausgegorenen Planung zu \u00bbPhase zwei\u00ab einen gro\u00dfen Teil seiner Bev\u00f6lkerung so weit gebracht, dass tats\u00e4chlich eine <em>\u00bbWenn-dies-die-L\u00f6sung-ist,-wollen-wir-das-Problem-zur\u00fcck\u00ab<\/em>-Mentalit\u00e4t ausgebrochen ist. Das ist brandgef\u00e4hrlich!<\/p>\n<p>Es war ein System erwartet worden, welches die gr\u00f6\u00dften Ansteckungs- und Verbreitungsrisiken vermeidet und trotzdem eingeschr\u00e4nktes b\u00fcrgerliches Gemeinschaftsleben und Wirtschaften unter besonderer Ber\u00fccksichtigung der Kinderbetreuung erm\u00f6glicht h\u00e4tte. Stattdessen ist es eine Weiterf\u00fchrung der \u00bbVogel-Strau\u00df-Taktik\u00ab. Das wird nicht einfach so \u00bbvor\u00fcber gehen\u00ab es wird auch kein \u00bbWunder\u00ab passieren. Handeln ist gefragt!<\/p>\n<p>Tests, endlich realistische Risikoeinsch\u00e4tzungen und Evaluation der Wirksamkeit der Ma\u00dfnahmen? Fehlanzeige!<\/p>\n<p>Stattdessen Versprechungen weiterer Fantastilliarden, die die Empf\u00e4nger nie erreichen. Wenn Italiens politische F\u00fchrung glaubt, die Krise durch Passivit\u00e4t m\u00f6glichst risikolos aussitzen zu k\u00f6nnen, w\u00e4hrend die anderen europ\u00e4ischen L\u00e4nder dies bezahlen, ist sie auf dem Holzweg.<\/p>\n<p>Und ja \u2014 mit jeder Lockerung steigt das Risiko, wieder exponentielle Anstiege zuzulassen. Der Hammer und der Tanz m\u00fcssen dann folgen. Allein: der Lockdown l\u00e4sst sich realistischerweise sowieso nicht allzulange durchsetzen. Wird der Bogen \u00fcberspannt, widersetzen sich die Menschen.<\/p>\n<!-- Snippets by WebberZone Snippetz --><div class=\"ata_snippets\"><hr style=\"height: 10px;border: none;margin-top: 0px;background-color: darkred\" \/>\r\n\r\n<div style=\"background-color: none;padding: 0px;font-size: 14px;font-family: Helvetica,Arial;margin: 10px 0px 0px 0px\"><span style=\"color: darkred\"><strong><small>Autor:innen- und Gastbeitr\u00e4ge widerspiegeln nicht notwendigerweise die Meinung oder die Position von BBD, so wie die jeweiligen Verfasser:innen nicht notwendigerweise die Ziele von BBD unterst\u00fctzen.<\/small><\/strong><small>\u00b7 I contributi esterni non necessariamente riflettono le opinioni o la posizione di BBD, come a loro volta le autrici\/gli autori non necessariamente condividono gli obiettivi di BBD. \u2014 <a href=\"http:\/\/www.brennerbasisdemokratie.eu\/?page_id=11356#copyleft\"><strong>\u00a9<\/strong><\/a><\/small><\/span><\/div><\/div>","protected":false},"excerpt":{"rendered":"<p>von Hanspeter Holzer Italien hat aufgrund der dilettantischen und unausgegorenen Planung zu \u00bbPhase zwei\u00ab einen gro\u00dfen Teil seiner Bev\u00f6lkerung so weit gebracht, dass tats\u00e4chlich eine \u00bbWenn-dies-die-L\u00f6sung-ist,-wollen-wir-das-Problem-zur\u00fcck\u00ab-Mentalit\u00e4t ausgebrochen ist. Das ist brandgef\u00e4hrlich! Es war ein System erwartet worden, welches die gr\u00f6\u00dften Ansteckungs- und Verbreitungsrisiken vermeidet und trotzdem eingeschr\u00e4nktes b\u00fcrgerliches Gemeinschaftsleben und Wirtschaften unter besonderer Ber\u00fccksichtigung der [&hellip;]<\/p>","protected":false},"author":10,"featured_media":0,"comment_status":"open","ping_status":"open","sticky":false,"template":"","format":"standard","meta":{"_crdt_document":"","ngg_post_thumbnail":0,"_jetpack_memberships_contains_paid_content":false,"footnotes":""},"categories":[751],"tags":[],"class_list":["post-56855","post","type-post","status-publish","format-standard","hentry","category-autorinnen-neu","issue-coronapandemie","location-italy","location-sudtirolo","language-deutsch","person-giuseppe-conte","topic-arbeit","topic-gesundheit","topic-grundrechte","topic-politik","topic-recht","topic-wirtschaft"],"jetpack_featured_media_url":"","jetpack_sharing_enabled":true,"_links":{"self":[{"href":"https:\/\/www.brennerbasisdemokratie.eu\/index.php?rest_route=\/wp\/v2\/posts\/56855","targetHints":{"allow":["GET"]}}],"collection":[{"href":"https:\/\/www.brennerbasisdemokratie.eu\/index.php?rest_route=\/wp\/v2\/posts"}],"about":[{"href":"https:\/\/www.brennerbasisdemokratie.eu\/index.php?rest_route=\/wp\/v2\/types\/post"}],"author":[{"embeddable":true,"href":"https:\/\/www.brennerbasisdemokratie.eu\/index.php?rest_route=\/wp\/v2\/users\/10"}],"replies":[{"embeddable":true,"href":"https:\/\/www.brennerbasisdemokratie.eu\/index.php?rest_route=%2Fwp%2Fv2%2Fcomments&post=56855"}],"version-history":[{"count":1,"href":"https:\/\/www.brennerbasisdemokratie.eu\/index.php?rest_route=\/wp\/v2\/posts\/56855\/revisions"}],"predecessor-version":[{"id":56857,"href":"https:\/\/www.brennerbasisdemokratie.eu\/index.php?rest_route=\/wp\/v2\/posts\/56855\/revisions\/56857"}],"wp:attachment":[{"href":"https:\/\/www.brennerbasisdemokratie.eu\/index.php?rest_route=%2Fwp%2Fv2%2Fmedia&parent=56855"}],"wp:term":[{"taxonomy":"category","embeddable":true,"href":"https:\/\/www.brennerbasisdemokratie.eu\/index.php?rest_route=%2Fwp%2Fv2%2Fcategories&post=56855"},{"taxonomy":"post_tag","embeddable":true,"href":"https:\/\/www.brennerbasisdemokratie.eu\/index.php?rest_route=%2Fwp%2Fv2%2Ftags&post=56855"}],"curies":[{"name":"wp","href":"https:\/\/api.w.org\/{rel}","templated":true}]}}