{"id":57253,"date":"2020-05-12T09:17:39","date_gmt":"2020-05-12T07:17:39","guid":{"rendered":"https:\/\/www.brennerbasisdemokratie.eu\/?p=57253"},"modified":"2023-01-27T22:24:40","modified_gmt":"2023-01-27T21:24:40","slug":"auslandische-gerichte-kippen-pauschale-quarantane","status":"publish","type":"post","link":"https:\/\/www.brennerbasisdemokratie.eu\/?p=57253","title":{"rendered":"Europ\u00e4ische Gerichte kippen pauschale Quarant\u00e4ne."},"content":{"rendered":"<p>Das franz\u00f6sische Verfassungsgericht, der <em>Conseil constitutionnel,<\/em> hat ein Gutachten zu einem neuen Gesetz ver\u00f6ffentlicht, mit dem einerseits der gesundheitliche Notstand im Land verl\u00e4ngert und andererseits Lockerungsma\u00dfnahmen eingeleitet werden. Die Verfassungsrichterinnen hie\u00dfen die Vorlage \u2014 deren Promulgation noch bevorsteht \u2014 ingesamt gut, hatten aber Einw\u00e4nde beim Thema Datenschutz und bei den Vorgaben zur Quarant\u00e4ne. Insbesondere d\u00fcrfe die 14 Tage w\u00e4hrende Isolation von Menschen, die aus L\u00e4ndern einreisen, in denen es Infektionsherde gibt, nicht automatisch erfolgen. Werde eine Person gezwungen, \u00fcber zw\u00f6lf Stunden pro Tag (in diesem Fall sogar durchgehend f\u00fcr zwei Wochen) zu Hause oder in einer Quarant\u00e4neeinrichtung zu verbringen, sei dies als freiheitsberaubend einzustufen. Deshalb bed\u00fcrfe es bei jedem einzelnen Fall der Bewertung und Zustimmung einer Richterin. Vor seinem Inkrafttreten muss das Gesetz also in diesem Sinne abge\u00e4ndert werden.<\/p>\n<p>Gegen eine pauschale Quarant\u00e4nepflicht f\u00fcr Einreisende aus dem Ausland sprach sich gestern auch das <em>Nieders\u00e4chsische Oberverwaltungsgericht<\/em> (OVG) aus. Es gab dem Eilantrag einer Person statt, die aus ihrem Ferienhaus in Schweden zur\u00fcckgekehrt war. Es sei unverh\u00e4ltnism\u00e4\u00dfig, Einreisende pauschal als krank oder potenziell ansteckend zu betrachten, um eine Ma\u00dfnahme zu rechtfertigen, die die Freiheit der Betroffenen in erheblichem Ma\u00dfe beschr\u00e4nkt. Anders als in Frankreich urteilte das OVG jedoch, dass es zul\u00e4ssig sei, spezielle Risikogebiete zu definieren, deren Besuch bei R\u00fcckkehr zur Quarant\u00e4ne verpflichte. Der Entscheid der nieders\u00e4chsischen Richterinnen ist unanfechtbar, aber nicht bundesweit anwendbar.<\/p>\n<p>Indes besteht Italien nach wie vor auf eine pauschale 14-t\u00e4gige Quarant\u00e4ne bei Einreise aus einem anderen Land. Diese Vorschrift kommt auch in S\u00fcdtirol weiterhin zur Anwendung. Ausnahmen gibt es nur bei befristeter Einreise aus beruflichen Gr\u00fcnden.<\/p>\n<p><strong><span style=\"font-family: Helvetica, Arial, sans-serif; text-transform: uppercase;\">C\u00ebla enghe:<\/span><\/strong> <a title=\"F\u00fcr die Aufhebung von Grenzkontrollen.\" href=\"https:\/\/www.brennerbasisdemokratie.eu\/?p=57227\"><code>01<\/code><\/a> <a title=\"Il virus non indebolisca le difese immunitarie dello Stato di Diritto.\" href=\"https:\/\/www.brennerbasisdemokratie.eu\/?p=55646\"><code>02<\/code><\/a> <a title=\"Il virus sovrano.\" href=\"https:\/\/www.brennerbasisdemokratie.eu\/?p=55270\"><code>03<\/code><\/a> <a title=\"Vernunftpanik und Grundrechte.\" href=\"https:\/\/www.brennerbasisdemokratie.eu\/?p=55751\"><code>04<\/code><\/a>\u00a0<span style=\"font-family: Helvetica, Arial, sans-serif; font-weight: normal;\">||<\/span> <a title=\"Quarantena discriminatoria.\" href=\"https:\/\/www.brennerbasisdemokratie.eu\/?p=57460\"><span style=\"color: #ff8c00\"><code>01<\/code><\/span><\/a> <a title=\"Quarant\u00e4ne: Franceschinis Anzeige.\" href=\"https:\/\/www.brennerbasisdemokratie.eu\/?p=59768\"><span style=\"color: #ff8c00\"><code>02<\/code><\/span><\/a><\/p>","protected":false},"excerpt":{"rendered":"<p>Das franz\u00f6sische Verfassungsgericht, der Conseil constitutionnel, hat ein Gutachten zu einem neuen Gesetz ver\u00f6ffentlicht, mit dem einerseits der gesundheitliche Notstand im Land verl\u00e4ngert und andererseits Lockerungsma\u00dfnahmen eingeleitet werden. Die Verfassungsrichterinnen hie\u00dfen die Vorlage \u2014 deren Promulgation noch bevorsteht \u2014 ingesamt gut, hatten aber Einw\u00e4nde beim Thema Datenschutz und bei den Vorgaben zur Quarant\u00e4ne. Insbesondere d\u00fcrfe [&hellip;]<\/p>","protected":false},"author":1,"featured_media":0,"comment_status":"open","ping_status":"open","sticky":false,"template":"","format":"standard","meta":{"_crdt_document":"","ngg_post_thumbnail":0,"_jetpack_memberships_contains_paid_content":false,"footnotes":""},"categories":[1],"tags":[],"class_list":["post-57253","post","type-post","status-publish","format-standard","hentry","category-allgemein","entity-verfassungsgericht","issue-coronapandemie","issue-good-news","location-deutschland","location-france","location-italy","location-sudtirolo","language-deutsch","topic-gesundheit","topic-grenzen","topic-grundrechte","topic-mobilitaet","topic-recht"],"jetpack_featured_media_url":"","jetpack_sharing_enabled":true,"_links":{"self":[{"href":"https:\/\/www.brennerbasisdemokratie.eu\/index.php?rest_route=\/wp\/v2\/posts\/57253","targetHints":{"allow":["GET"]}}],"collection":[{"href":"https:\/\/www.brennerbasisdemokratie.eu\/index.php?rest_route=\/wp\/v2\/posts"}],"about":[{"href":"https:\/\/www.brennerbasisdemokratie.eu\/index.php?rest_route=\/wp\/v2\/types\/post"}],"author":[{"embeddable":true,"href":"https:\/\/www.brennerbasisdemokratie.eu\/index.php?rest_route=\/wp\/v2\/users\/1"}],"replies":[{"embeddable":true,"href":"https:\/\/www.brennerbasisdemokratie.eu\/index.php?rest_route=%2Fwp%2Fv2%2Fcomments&post=57253"}],"version-history":[{"count":12,"href":"https:\/\/www.brennerbasisdemokratie.eu\/index.php?rest_route=\/wp\/v2\/posts\/57253\/revisions"}],"predecessor-version":[{"id":76559,"href":"https:\/\/www.brennerbasisdemokratie.eu\/index.php?rest_route=\/wp\/v2\/posts\/57253\/revisions\/76559"}],"wp:attachment":[{"href":"https:\/\/www.brennerbasisdemokratie.eu\/index.php?rest_route=%2Fwp%2Fv2%2Fmedia&parent=57253"}],"wp:term":[{"taxonomy":"category","embeddable":true,"href":"https:\/\/www.brennerbasisdemokratie.eu\/index.php?rest_route=%2Fwp%2Fv2%2Fcategories&post=57253"},{"taxonomy":"post_tag","embeddable":true,"href":"https:\/\/www.brennerbasisdemokratie.eu\/index.php?rest_route=%2Fwp%2Fv2%2Ftags&post=57253"}],"curies":[{"name":"wp","href":"https:\/\/api.w.org\/{rel}","templated":true}]}}