{"id":57306,"date":"2020-05-14T12:00:35","date_gmt":"2020-05-14T10:00:35","guid":{"rendered":"https:\/\/www.brennerbasisdemokratie.eu\/?p=57306"},"modified":"2020-10-25T20:33:30","modified_gmt":"2020-10-25T19:33:30","slug":"covid-medienvielfalt-erhalten","status":"publish","type":"post","link":"https:\/\/www.brennerbasisdemokratie.eu\/?p=57306","title":{"rendered":"Covid: Medienvielfalt erhalten!"},"content":{"rendered":"<p>Als kleiner, ehrenamtlicher Blogger habe ich absolut kein Verst\u00e4ndnis daf\u00fcr, wie mit dem bescheidenen Bittsteller Michl E. des regionalen Medien<del>monop<\/del>unternehmens A. (Unkenntlichmachung von mir) umgegangen wird. In einem leider \u00f6ffentlich gewordenen, bescheidenen <a title=\"TAZ: Sehr bescheiden.\" href=\"https:\/\/www.tageszeitung.it\/2020\/05\/17\/sehr-bescheiden\/\" target=\"_blank\" rel=\"noopener noreferrer\">Brief<\/a> an den Landeshauptmann und drei weitere Regierungsmitglieder bedauert E., dass das Land S\u00fcdtirol (im Unterschied zu Nord-\/Osttirol) nur sehr wenig Geld bereitstellt, um die Bev\u00f6lkerung \u00fcber die wichtigsten <em>Covid<\/em>-Ma\u00dfnahmen zu informieren \u2014 nur weil dann etwas Kleingeld auch bei Firma A. landen k\u00f6nnte.<\/p>\n<p>Der <em>Shitstorm<\/em> war (o tempora, o mores!) zu erwarten. Doch als kleiner, ehrenamtlicher Blogger halte ich es f\u00fcr eine Unverfrorenheit, auf die satte Medienf\u00f6rderung oder auf die vielen, teuren Inserate der \u00f6ffentlichen Verwaltungen zu verweisen. Was allein Domainregistrierung und Webspace kosten, wei\u00df ich aus eigener Erfahrung. Herr E. , im Hauptberuf auf ein bescheidenes Beamtengehalt angewiesen, hat sicher noch weitere Kosten (Mieten, Angestellte\u2026) zu stemmen, von denen wir einfachen Menschen gar keine Ahnung haben. Auch h\u00f6here Zugriffszahlen oder gestiegene Einnahmen aus den Todesanzeigen k\u00f6nnen das sicher nicht wettmachen! Deshalb ist die Frage, ob seine Medien Information nicht auch ohne \u00f6ffentliches Geld machen k\u00f6nnten, purer Zynismus.<\/p>\n<p>F\u00fcr mich ist jetzt klar: Entweder stellt sich diese unf\u00e4hige Landesregierung endlich hinter die wirklich Bed\u00fcrftigen \u2014 oder ich kleiner, ehrenamtlicher Blogger sehe mich gezwungen, ein Spendenkonto f\u00fcr Herrn E. zu er\u00f6ffnen. Das w\u00e4re tragisch, aber die Rettung der Medienvielfalt im Lande w\u00e4re es mir wert.<\/p>\n<p><small><em>Der Brief von M. E. wurde heute von der<\/em> Tageszeitung <em>publiziert.<\/em><\/small><\/p>\n<p><strong><span style=\"font-family: Helvetica, Arial, sans-serif; text-transform: uppercase;\">C\u00ebla enghe:<\/span><\/strong> <a title=\"There\u2019s a letter for you\u2026\" href=\"https:\/\/www.brennerbasisdemokratie.eu\/?p=25019\"><code>01<\/code><\/a> <a title=\"Europ\u00e4ische Werte.\" href=\"https:\/\/www.brennerbasisdemokratie.eu\/?p=481\"><code>02<\/code><\/a><\/p>","protected":false},"excerpt":{"rendered":"<p>Als kleiner, ehrenamtlicher Blogger habe ich absolut kein Verst\u00e4ndnis daf\u00fcr, wie mit dem bescheidenen Bittsteller Michl E. des regionalen Medienmonopunternehmens A. (Unkenntlichmachung von mir) umgegangen wird. In einem leider \u00f6ffentlich gewordenen, bescheidenen Brief an den Landeshauptmann und drei weitere Regierungsmitglieder bedauert E., dass das Land S\u00fcdtirol (im Unterschied zu Nord-\/Osttirol) nur sehr wenig Geld bereitstellt, [&hellip;]<\/p>","protected":false},"author":1,"featured_media":0,"comment_status":"open","ping_status":"open","sticky":false,"template":"","format":"standard","meta":{"_crdt_document":"","ngg_post_thumbnail":0,"_jetpack_memberships_contains_paid_content":false,"footnotes":""},"categories":[1],"tags":[],"class_list":["post-57306","post","type-post","status-publish","format-standard","hentry","category-allgemein","entity-land-sudtirol","entity-landesregierung","entity-svp","issue-coronapandemie","location-nord-osttirol","location-sudtirolo","language-deutsch","medium-athesia","medium-taz","person-arno-kompatscher","person-arnold-schuler","person-philipp-achammer","person-thomas-widmann","topic-medien","topic-politik","topic-satire","topic-wirtschaft"],"jetpack_featured_media_url":"","jetpack_sharing_enabled":true,"_links":{"self":[{"href":"https:\/\/www.brennerbasisdemokratie.eu\/index.php?rest_route=\/wp\/v2\/posts\/57306","targetHints":{"allow":["GET"]}}],"collection":[{"href":"https:\/\/www.brennerbasisdemokratie.eu\/index.php?rest_route=\/wp\/v2\/posts"}],"about":[{"href":"https:\/\/www.brennerbasisdemokratie.eu\/index.php?rest_route=\/wp\/v2\/types\/post"}],"author":[{"embeddable":true,"href":"https:\/\/www.brennerbasisdemokratie.eu\/index.php?rest_route=\/wp\/v2\/users\/1"}],"replies":[{"embeddable":true,"href":"https:\/\/www.brennerbasisdemokratie.eu\/index.php?rest_route=%2Fwp%2Fv2%2Fcomments&post=57306"}],"version-history":[{"count":10,"href":"https:\/\/www.brennerbasisdemokratie.eu\/index.php?rest_route=\/wp\/v2\/posts\/57306\/revisions"}],"predecessor-version":[{"id":57369,"href":"https:\/\/www.brennerbasisdemokratie.eu\/index.php?rest_route=\/wp\/v2\/posts\/57306\/revisions\/57369"}],"wp:attachment":[{"href":"https:\/\/www.brennerbasisdemokratie.eu\/index.php?rest_route=%2Fwp%2Fv2%2Fmedia&parent=57306"}],"wp:term":[{"taxonomy":"category","embeddable":true,"href":"https:\/\/www.brennerbasisdemokratie.eu\/index.php?rest_route=%2Fwp%2Fv2%2Fcategories&post=57306"},{"taxonomy":"post_tag","embeddable":true,"href":"https:\/\/www.brennerbasisdemokratie.eu\/index.php?rest_route=%2Fwp%2Fv2%2Ftags&post=57306"}],"curies":[{"name":"wp","href":"https:\/\/api.w.org\/{rel}","templated":true}]}}