{"id":57804,"date":"2020-06-04T12:54:36","date_gmt":"2020-06-04T10:54:36","guid":{"rendered":"https:\/\/www.brennerbasisdemokratie.eu\/?p=57804"},"modified":"2023-01-27T22:28:18","modified_gmt":"2023-01-27T21:28:18","slug":"crisanti-laustria-fa-bene-a-non-aprire","status":"publish","type":"post","link":"https:\/\/www.brennerbasisdemokratie.eu\/?p=57804","title":{"rendered":"Crisanti: L&#8217;Austria fa bene a non aprire."},"content":{"rendered":"<p>Ospite di <em>Agor\u00e0<\/em> su <em>Rai Tre,<\/em> il professore di Microbiologia Andrea Crisanti ha difeso la decisione dell&#8217;Austria di non aprire, per ora, i confini verso l&#8217;Italia:<\/p>\n<blockquote><p><strong>Crisanti, fa bene l&#8217;Austria a non aprire i propri confini all&#8217;Italia?<\/strong><\/p>\n<p>Io penso che faccia bene\u2026<\/p>\n<p><strong>Come fa bene?<\/strong><\/p>\n<p>\u2026perch\u00e9 ci sono ancora un sacco di casi in Italia. Voglio dire\u2026 penso che l&#8217;Austria abbia investito quanto noi per eliminare il virus, non vedo perch\u00e9 debba correre il rischio di importare nuovi casi senza implementare misure di controllo. Guardi, questa \u00e8 una cosa seria, eh? Io penso che anche noi dovremmo implementare delle misure di controllo verso tutti quei paesi dove l&#8217;epidemia \u00e8 ancora attiva.<\/p>\n<p><strong>Tipo?<\/strong><\/p>\n<p>Tipo\u2026 che ne so, l&#8217;America\u2026 il Sudamerica, ci sono tantissimi paesi [\u2026] anche sui paesi europei bisognerebbe fare delle differenze, perch\u00e9 ci sono paesi e paesi [\u2026]. Io non \u00e8 che farei entrare o non farei entrare, io stabilirei dei criteri. Voglio dire: entri in Italia e ti controlliamo s\u00ec la temperatura, tanto abbiamo visto che serve a ben poco; ti facciamo il tampone e ti verifichiamo che tu sei rintracciabile e se sei positivo ti mettiamo in isolamento. Non \u00e8 che si pu\u00f2 riaprire tutto cos\u00ec, eh?<\/p><\/blockquote>\n<p><small><em>Trascrizione mia.<\/em><\/small><\/p>\n<p>Il prof. Crisanti <em>(Universit\u00e0 di Padova)<\/em> si \u00e8 distinto per la gestione del <em>Coronavirus<\/em> in Veneto e, in particolare, a Vo&#8217;. Recentemente \u00e8 anche stato nominato membro della commissione di esperti che accompagnano la cosiddetta fase due in Sudtirolo.<\/p>\n<p><strong><span style=\"font-family: Helvetica, Arial, sans-serif; text-transform: uppercase;\">C\u00ebla enghe:<\/span><\/strong> <a title=\"Sebastian Kurz liebt uns nicht.\" href=\"https:\/\/www.brennerbasisdemokratie.eu\/?p=57518\"><code>01<\/code><\/a> <a title=\"F\u00fcr die Aufhebung von Grenzkontrollen.\" href=\"https:\/\/www.brennerbasisdemokratie.eu\/?p=57227\"><code>02<\/code><\/a> <a title=\"Kontraproduktiver Corona-Populismus?\" href=\"https:\/\/www.brennerbasisdemokratie.eu\/?p=55168\"><code>03<\/code><\/a> <a title=\"S\u00fcdtirol ist \u2013 leider \u2013 nicht \u00d6sterreich.\" href=\"https:\/\/www.brennerbasisdemokratie.eu\/?p=56897\"><code>04<\/code><\/a>\u00a0<span style=\"font-family: Helvetica, Arial, sans-serif; font-weight: normal;\">||<\/span> <a title=\"Grenzregionen in Pandemiezeiten.\" href=\"https:\/\/www.brennerbasisdemokratie.eu\/?p=62422\"><span style=\"color: #ff8c00\"><code>01<\/code><\/span><\/a><\/p>","protected":false},"excerpt":{"rendered":"<p>Ospite di Agor\u00e0 su Rai Tre, il professore di Microbiologia Andrea Crisanti ha difeso la decisione dell&#8217;Austria di non aprire, per ora, i confini verso l&#8217;Italia: Crisanti, fa bene l&#8217;Austria a non aprire i propri confini all&#8217;Italia? Io penso che faccia bene\u2026 Come fa bene? \u2026perch\u00e9 ci sono ancora un sacco di casi in Italia. [&hellip;]<\/p>","protected":false},"author":1,"featured_media":0,"comment_status":"open","ping_status":"open","sticky":false,"template":"","format":"standard","meta":{"_crdt_document":"","ngg_post_thumbnail":0,"_jetpack_memberships_contains_paid_content":false,"footnotes":""},"categories":[1],"tags":[],"class_list":["post-57804","post","type-post","status-publish","format-standard","hentry","category-allgemein","issue-coronapandemie","issue-quotation","location-america","location-europa","location-italy","location-osterreich","location-sudtirolo","location-venetien","language-italiano","medium-rai","topic-gesundheit","topic-grenzen","topic-medien","topic-mobilitaet","topic-tourismus"],"jetpack_featured_media_url":"","jetpack_sharing_enabled":true,"_links":{"self":[{"href":"https:\/\/www.brennerbasisdemokratie.eu\/index.php?rest_route=\/wp\/v2\/posts\/57804","targetHints":{"allow":["GET"]}}],"collection":[{"href":"https:\/\/www.brennerbasisdemokratie.eu\/index.php?rest_route=\/wp\/v2\/posts"}],"about":[{"href":"https:\/\/www.brennerbasisdemokratie.eu\/index.php?rest_route=\/wp\/v2\/types\/post"}],"author":[{"embeddable":true,"href":"https:\/\/www.brennerbasisdemokratie.eu\/index.php?rest_route=\/wp\/v2\/users\/1"}],"replies":[{"embeddable":true,"href":"https:\/\/www.brennerbasisdemokratie.eu\/index.php?rest_route=%2Fwp%2Fv2%2Fcomments&post=57804"}],"version-history":[{"count":12,"href":"https:\/\/www.brennerbasisdemokratie.eu\/index.php?rest_route=\/wp\/v2\/posts\/57804\/revisions"}],"predecessor-version":[{"id":76565,"href":"https:\/\/www.brennerbasisdemokratie.eu\/index.php?rest_route=\/wp\/v2\/posts\/57804\/revisions\/76565"}],"wp:attachment":[{"href":"https:\/\/www.brennerbasisdemokratie.eu\/index.php?rest_route=%2Fwp%2Fv2%2Fmedia&parent=57804"}],"wp:term":[{"taxonomy":"category","embeddable":true,"href":"https:\/\/www.brennerbasisdemokratie.eu\/index.php?rest_route=%2Fwp%2Fv2%2Fcategories&post=57804"},{"taxonomy":"post_tag","embeddable":true,"href":"https:\/\/www.brennerbasisdemokratie.eu\/index.php?rest_route=%2Fwp%2Fv2%2Ftags&post=57804"}],"curies":[{"name":"wp","href":"https:\/\/api.w.org\/{rel}","templated":true}]}}