{"id":57970,"date":"2020-06-16T17:08:58","date_gmt":"2020-06-16T15:08:58","guid":{"rendered":"https:\/\/www.brennerbasisdemokratie.eu\/?p=57970"},"modified":"2023-01-27T22:31:03","modified_gmt":"2023-01-27T21:31:03","slug":"mitbestimmung-un-kommission-ermahnt-italien","status":"publish","type":"post","link":"https:\/\/www.brennerbasisdemokratie.eu\/?p=57970","title":{"rendered":"Mitbestimmung: UN-Ausschuss ermahnt Italien."},"content":{"rendered":"<p>Wie die <em>Initiative f\u00fcr mehr Demokratie<\/em> (IfmD) mitteilt, wurde Italien vom UN-Menschenrechtsausschuss dazu aufgefordert, Behinderungen und unbegr\u00fcndete Einschr\u00e4nkungen von Mitbestimmungsrechten zu beseitigen. Diesbez\u00fcgliche sei eine Verletzung des von Italien unterzeichneten <em>Internationalen Pakts \u00fcber b\u00fcrgerliche und politische Rechte<\/em> (IPbpR) festgestellt worden.<\/p>\n<p>Die Aufforderung sei im November 2019 ergangen, die festgelegte Umsetzungsfrist im Mai abgelaufen.<\/p>\n<p>Nach Ansicht der IfmD gebe es f\u00fcr S\u00fcdtirol aufgrund der Autonomie keinen Grund zu warten, bis der Staat seinen Verpflichtungen nachkommt. Deshalb erhebt sie dem Land gegen\u00fcber vier Forderungen:<\/p>\n<ol>\n<li>Absenkung der Unterschriftenh\u00fcrde auf die staatsweit geltende und vom Autonomiestatut vorgegebene H\u00f6he, die auch schon das Ergebnis des partizipativen Prozesses war, aus dem das geltende Gesetz hervorgegangen ist.<\/li>\n<li>Erweiterung des Kreises der Beglaubigungsberechtigten durch Beauftragungsm\u00f6glichkeit f\u00fcr die Promotorinnen.<\/li>\n<li>Einf\u00fchrung der Online-Unterschriftensammlung, wie sie f\u00fcr die Europ\u00e4ische B\u00fcrgerinitiative (EBI) schon seit 2012 gilt.<\/li>\n<li>Eine institutionelle Information zu Beginn, zur Halbzeit und zwei Wochen vor Abschluss der Unterschriftensammlung.<\/li>\n<\/ol>\n<p>Insbesondere weist die IfmD auch darauf hin, dass in S\u00fcdtirol bislang auch Lehrerinnen und Personal des Gesundheitsdienstes als Beamte regelm\u00e4\u00dfig mit der Beglaubigung von Unterschriften beauftragt wurden, was auf der Grundlage eines Gutachtens der Landesanwaltschaft in Zukunft nicht mehr m\u00f6glich w\u00e4re. Die Aufforderung des Menschenrechtsausschusses geht hingegen in die entgegengesetzte Richtung.<\/p>\n<p><strong><span style=\"font-family: Helvetica, Arial, sans-serif; text-transform: uppercase;\">C\u00ebla enghe:<\/span><\/strong> <a title=\"Die b\u00fcrgerlichen und politischen Rechte in Italien.\" href=\"https:\/\/www.brennerbasisdemokratie.eu\/?p=38428\"><code>01<\/code><\/a> <a title=\"Neue politische \u00c4ra.\" href=\"https:\/\/www.brennerbasisdemokratie.eu\/?p=44255\"><code>02<\/code><\/a>\u00a0<span style=\"font-family: Helvetica, Arial, sans-serif; font-weight: normal;\">||<\/span> <a title=\"Direkte Demokratie online.\" href=\"https:\/\/www.brennerbasisdemokratie.eu\/?p=64416\"><span style=\"color: #ff8c00\"><code>01<\/code><\/span><\/a><\/p>","protected":false},"excerpt":{"rendered":"<p>Wie die Initiative f\u00fcr mehr Demokratie (IfmD) mitteilt, wurde Italien vom UN-Menschenrechtsausschuss dazu aufgefordert, Behinderungen und unbegr\u00fcndete Einschr\u00e4nkungen von Mitbestimmungsrechten zu beseitigen. Diesbez\u00fcgliche sei eine Verletzung des von Italien unterzeichneten Internationalen Pakts \u00fcber b\u00fcrgerliche und politische Rechte (IPbpR) festgestellt worden. Die Aufforderung sei im November 2019 ergangen, die festgelegte Umsetzungsfrist im Mai abgelaufen. Nach Ansicht [&hellip;]<\/p>","protected":false},"author":1,"featured_media":0,"comment_status":"open","ping_status":"open","sticky":false,"template":"","format":"standard","meta":{"_crdt_document":"","ngg_post_thumbnail":0,"_jetpack_memberships_contains_paid_content":false,"footnotes":""},"categories":[1],"tags":[],"class_list":["post-57970","post","type-post","status-publish","format-standard","hentry","category-allgemein","entity-ifmd","issue-good-news","location-italy","location-sudtirolo","language-deutsch","topic-democrazia","topic-mitbestimmung","topic-politik","topic-recht"],"jetpack_featured_media_url":"","jetpack_sharing_enabled":true,"_links":{"self":[{"href":"https:\/\/www.brennerbasisdemokratie.eu\/index.php?rest_route=\/wp\/v2\/posts\/57970","targetHints":{"allow":["GET"]}}],"collection":[{"href":"https:\/\/www.brennerbasisdemokratie.eu\/index.php?rest_route=\/wp\/v2\/posts"}],"about":[{"href":"https:\/\/www.brennerbasisdemokratie.eu\/index.php?rest_route=\/wp\/v2\/types\/post"}],"author":[{"embeddable":true,"href":"https:\/\/www.brennerbasisdemokratie.eu\/index.php?rest_route=\/wp\/v2\/users\/1"}],"replies":[{"embeddable":true,"href":"https:\/\/www.brennerbasisdemokratie.eu\/index.php?rest_route=%2Fwp%2Fv2%2Fcomments&post=57970"}],"version-history":[{"count":11,"href":"https:\/\/www.brennerbasisdemokratie.eu\/index.php?rest_route=\/wp\/v2\/posts\/57970\/revisions"}],"predecessor-version":[{"id":76569,"href":"https:\/\/www.brennerbasisdemokratie.eu\/index.php?rest_route=\/wp\/v2\/posts\/57970\/revisions\/76569"}],"wp:attachment":[{"href":"https:\/\/www.brennerbasisdemokratie.eu\/index.php?rest_route=%2Fwp%2Fv2%2Fmedia&parent=57970"}],"wp:term":[{"taxonomy":"category","embeddable":true,"href":"https:\/\/www.brennerbasisdemokratie.eu\/index.php?rest_route=%2Fwp%2Fv2%2Fcategories&post=57970"},{"taxonomy":"post_tag","embeddable":true,"href":"https:\/\/www.brennerbasisdemokratie.eu\/index.php?rest_route=%2Fwp%2Fv2%2Ftags&post=57970"}],"curies":[{"name":"wp","href":"https:\/\/api.w.org\/{rel}","templated":true}]}}