{"id":583,"date":"2007-02-06T17:26:11","date_gmt":"2007-02-06T16:26:11","guid":{"rendered":"http:\/\/www.selbstbestimmung.net\/?p=583"},"modified":"2023-01-03T21:44:17","modified_gmt":"2023-01-03T20:44:17","slug":"schock-museumstrase","status":"publish","type":"post","link":"https:\/\/www.brennerbasisdemokratie.eu\/?p=583","title":{"rendered":"Museumstra\u00dfe."},"content":{"rendered":"<p>Nachdem ich im Alleingang die Beschriftungssprache von Betrieben in der <a title=\"Altenmarktgasse.\" href=\"http:\/\/www.brennerbasisdemokratie.eu\/?p=563\">Brixner Altenmarktgasse<\/a> erhoben hatte, ist mir nun Susanne zur Hilfe geeilt, um eine \u00e4hnliche Untersuchung \u2013 gemeinsam \u2013 auch in Bozen durchzuf\u00fchren.<\/p>\n<p>Wir haben uns dabei f\u00fcr die Museumstra\u00dfe und die Laubengasse entschieden, weil es wohl die repr\u00e4sentativste Einkaufsmeile Bozens ist, die vermutlich auch die meisten Kunden anzieht. Au\u00dferdem hat mir Susanne berichtet, dass manche Bozner anderer Bezirke nicht selten behaupten, in der Stadtmitte werde \u00bballes auf Deutsch\u00ab beschriftet. Es geht also (am Rande) auch um die Widerlegung eines Klischees.<\/p>\n<p>Hier nun der erste Teil der Erhebung (Betriebe in der Museumstra\u00dfe), deren Ergebnis wohl die d\u00fcstersten Vermutungen \u00fcbertrifft: In der Museumstra\u00dfe sind Gesch\u00e4fte, die in beiden Landessprachen beschriften, sogar in der <strong>Minderheit<\/strong>!<\/p>\n<p>Zur Einstufung haben wir uns erneut an folgende f\u00fcnf Kategorien gehalten:<\/p>\n<ul>\n<li>zweisprachige Beschriftung (X)<\/li>\n<li>(fast) ausschlie\u00dflich italienische Beschriftung (I): so gut wie s\u00e4mtiche Informationen sind nur in italienischer Sprache angebracht<\/li>\n<li>vorwiegend italienische Beschriftung (VI): der gr\u00f6\u00dfte Teil (rund 2\/3) der Informationen sind nur in italienischer Sprache angebracht<\/li>\n<li>(fast) ausschlie\u00dflich deutsche Beschriftung (D)<\/li>\n<li>vorwiegend deutsche Beschriftung (VD)<\/li>\n<\/ul>\n<p>Ich m\u00f6chte anmerken, dass wir stets sehr konservativ geurteilt haben, anders ausgedr\u00fcckt: In dubio pro reo.<\/p>\n<p style=\"text-align: center;\"><img decoding=\"async\" id=\"image577\" class=\"aligncenter\" src=\"http:\/\/www.brennerbasisdemokratie.eu\/wp-content\/uploads\/prev\/ms_tab.gif\" alt=\"Museumstra\u00dfe: Tabelle.\" \/><\/p>\n<p>F\u00fcr die Beschriftung gelten also folgende Anteile:<\/p>\n<p style=\"text-align: center;\"><img decoding=\"async\" id=\"image578\" class=\"aligncenter\" src=\"http:\/\/www.brennerbasisdemokratie.eu\/wp-content\/uploads\/prev\/ms_beschr.jpg\" alt=\"Museumstra\u00dfe: Beschriftung.\" \/><\/p>\n<p style=\"text-align: center;\"><img decoding=\"async\" id=\"image579\" class=\"aligncenter\" src=\"http:\/\/www.brennerbasisdemokratie.eu\/wp-content\/uploads\/prev\/ms_beschrtab.gif\" alt=\"Museumstra\u00dfe: Beschriftungstabelle.\" \/><\/p>\n<p>Es gibt also vor allem sehr viele Betriebe, die ausschlie\u00dflich die italienische Sprache ben\u00fctzen. Auffallend ist jedoch ebenfalls, dass es in einer vorwiegend italienischsprachigen Stadt anteilsm\u00e4\u00dfig auch mehr einsprachig deutsch beschriftete Gesch\u00e4fte als etwa in der Brixner Altenmarktgasse gibt. Einsprachigkeit zieht also Einsprachigkeit nach sich; es best\u00e4tigt sich das Bild einer geteilten Stadt. Dies obschon die Anzahl der Firmen, die nur oder vorwiegend die deutsche Sprache einsetzen, relativ gering bleibt:<\/p>\n<p style=\"text-align: center;\"><img decoding=\"async\" id=\"image580\" class=\"aligncenter\" src=\"http:\/\/www.brennerbasisdemokratie.eu\/wp-content\/uploads\/prev\/ms_einspr.jpg\" alt=\"Museumstra\u00dfe: Einsprachigkeit.\" \/><\/p>\n<p>Wenigstens stehen in Bozen die anteilsm\u00e4\u00dfige Verteilung einsprachiger Betriebe und die in der Stadt lebenden Sprachgruppen in einem ausgewogeneren Verh\u00e4ltnis zueinander:<\/p>\n<p style=\"text-align: center;\"><img decoding=\"async\" id=\"image581\" class=\"aligncenter\" src=\"http:\/\/www.brennerbasisdemokratie.eu\/wp-content\/uploads\/prev\/ms_einw.jpg\" alt=\"Museumstra\u00dfe: Sprachgruppen.\" \/><br \/>\n(gr\u00fcn: Ladinerinnen)<\/p>\n<p>Der Vergleich mit Brixen (Altenmarktgasse) zeigt aber auch, dass sich die Sprachwahl der Betriebe ohnehin kaum an der realen Sprachsituation vor Ort orientiert.<\/p>\n<p>Hier noch die Tabelle mit den Firmenbezeichnungen:<\/p>\n<p style=\"text-align: center;\"><img decoding=\"async\" id=\"image582\" class=\"aligncenter\" src=\"http:\/\/www.brennerbasisdemokratie.eu\/wp-content\/uploads\/prev\/ms_bez.jpg\" alt=\"Museumstra\u00dfe: Firmenbezeichnungen.\" \/><\/p>\n<p>Auch in Bozen hinken die italienische und die deutsche Sprache hierbei weit hinterher.<\/p>\n<p>Die Erhebung wurde am 6. Februar 2007 durchgef\u00fchrt.<\/p>\n<p><strong><span style=\"font-family: Helvetica, Arial, sans-serif; text-transform: uppercase;\">C\u00ebla enghe:<\/span><\/strong> <a title=\"Ohne viele Worte.\" href=\"http:\/\/ohneworte.brennerbasisdemokratie.eu\">[Ohne viele Worte.]<\/a><\/p>","protected":false},"excerpt":{"rendered":"<p>Nachdem ich im Alleingang die Beschriftungssprache von Betrieben in der Brixner Altenmarktgasse erhoben hatte, ist mir nun Susanne zur Hilfe geeilt, um eine \u00e4hnliche Untersuchung \u2013 gemeinsam \u2013 auch in Bozen durchzuf\u00fchren. Wir haben uns dabei f\u00fcr die Museumstra\u00dfe und die Laubengasse entschieden, weil es wohl die repr\u00e4sentativste Einkaufsmeile Bozens ist, die vermutlich auch die [&hellip;]<\/p>","protected":false},"author":1,"featured_media":0,"comment_status":"open","ping_status":"open","sticky":false,"template":"","format":"standard","meta":{"_crdt_document":"","ngg_post_thumbnail":0,"_jetpack_memberships_contains_paid_content":false,"footnotes":""},"categories":[1],"tags":[],"class_list":["post-583","post","type-post","status-publish","format-standard","hentry","category-allgemein","issue-italianizzazione","location-sudtirolo","language-deutsch","topic-plurilinguism","topic-recherche","topic-statistik","topic-verbraucherinnen"],"jetpack_featured_media_url":"","jetpack_sharing_enabled":true,"_links":{"self":[{"href":"https:\/\/www.brennerbasisdemokratie.eu\/index.php?rest_route=\/wp\/v2\/posts\/583","targetHints":{"allow":["GET"]}}],"collection":[{"href":"https:\/\/www.brennerbasisdemokratie.eu\/index.php?rest_route=\/wp\/v2\/posts"}],"about":[{"href":"https:\/\/www.brennerbasisdemokratie.eu\/index.php?rest_route=\/wp\/v2\/types\/post"}],"author":[{"embeddable":true,"href":"https:\/\/www.brennerbasisdemokratie.eu\/index.php?rest_route=\/wp\/v2\/users\/1"}],"replies":[{"embeddable":true,"href":"https:\/\/www.brennerbasisdemokratie.eu\/index.php?rest_route=%2Fwp%2Fv2%2Fcomments&post=583"}],"version-history":[{"count":12,"href":"https:\/\/www.brennerbasisdemokratie.eu\/index.php?rest_route=\/wp\/v2\/posts\/583\/revisions"}],"predecessor-version":[{"id":75719,"href":"https:\/\/www.brennerbasisdemokratie.eu\/index.php?rest_route=\/wp\/v2\/posts\/583\/revisions\/75719"}],"wp:attachment":[{"href":"https:\/\/www.brennerbasisdemokratie.eu\/index.php?rest_route=%2Fwp%2Fv2%2Fmedia&parent=583"}],"wp:term":[{"taxonomy":"category","embeddable":true,"href":"https:\/\/www.brennerbasisdemokratie.eu\/index.php?rest_route=%2Fwp%2Fv2%2Fcategories&post=583"},{"taxonomy":"post_tag","embeddable":true,"href":"https:\/\/www.brennerbasisdemokratie.eu\/index.php?rest_route=%2Fwp%2Fv2%2Ftags&post=583"}],"curies":[{"name":"wp","href":"https:\/\/api.w.org\/{rel}","templated":true}]}}