{"id":586,"date":"2007-02-09T12:14:07","date_gmt":"2007-02-09T11:14:07","guid":{"rendered":"http:\/\/www.selbstbestimmung.net\/?p=586"},"modified":"2019-06-21T08:31:44","modified_gmt":"2019-06-21T06:31:44","slug":"call-for-paper-ii","status":"publish","type":"post","link":"https:\/\/www.brennerbasisdemokratie.eu\/?p=586","title":{"rendered":"Call for paper (II)."},"content":{"rendered":"<p><a title=\"Francesco Palermo.\" href=\"http:\/\/www.eurac.edu\/about\/collaborators\/FPalermo\/index.htm\" target=\"_blank\" rel=\"noopener noreferrer\">Francesco Palermo<\/a>, Direktor des Instituts f\u00fcr F\u00f6deralismus- und Regionalismusforschung an der <em><a title=\"eur.ac\" href=\"http:\/\/www.eurac.edu\/index_de\" target=\"_blank\" rel=\"noopener noreferrer\">Eurac<\/a>,<\/em> hat <a title=\"Call for paper (I).\" href=\"http:\/\/www.brennerbasisdemokratie.eu\/?p=557\">unseren Text<\/a> auf Betreiben \u00c9trangers durchgesehen und uns seine Stellungnahme mit einigen Verbesserungsvorschl\u00e4gen zukommen lassen. Wir m\u00f6chten sie hier einer \u00f6ffentlichen Diskussion zug\u00e4nglich machen:<\/p>\n<blockquote><p>il testo \u00e8 bello e interessante, la diagnosi mi sembra molto centrata, e del resto sono cose ormai ampiamente acquisite, almeno tra i potenziali destinatari dell\u2019iniziativa. Vengo alle proposte concrete di emendamento:<\/p>\n<p>1) Tra \u201cAusweg\u201d\u009d e \u201cpunto di fuga\u201d\u009d c\u2019\u00e8 un abisso. Bene non tradurre letteralmente, ma forse occorre sapere a quale obiettivo puntare.<\/p>\n<p>2) Non mi piace l\u2019espressione \u201cprogetto di sovranit\u00e0\u201d\u009d, assolutamente troppo atecnico. Preferirei qualcosa come \u201criappropriazione e rielaborazione delle categorie identitarie\u201d\u009d, forse un po\u2019 cervellotico ma pi\u00f9 vicino agli intendimenti.<\/p>\n<p>3) Alla fine manca un pezzo. Si potrebbe aggiungere una frase che spieghi meglio l\u2019obiettivo, ad es.: \u201cIl ripensamento, anche provocatorio, delle categorie ormai obsolete di identit\u00e0 , appartenenza e nazione intende fornire il presupposto per la creazione di una nuova forma di identificazione condivisa con il territorio, responsabilizzando cos\u00ec maggiormente la popolazione a farsi padrona dei propri destini non gi\u00e0\u00a0 per guardare ad antichi miti vetero-nazionalistici, ma per acquisire la consapevolezza della propria libert\u00e0\u201d\u009d, o qualcosa del genere. Forse si pu\u00f2 rendere ancora pi\u00f9 concreto specificando che non ci sono intendimenti partitici, che l\u2019obiettivo \u00e8 intellettuale e il risultato intende essere un contributo ad una nuova cultura politica della responsabilit\u00e0\u00a0 (autodeterminazione) anzich\u00e9 della delega in bianco.<\/p>\n<p>Insomma, con qualche ulteriore limatura mi pare che ci siamo. Sottopongo a te e a chi ritieni (questa mail non deve intendersi come confidenziale, quindi falla pure girare) queste proposte di emendamento e resto a disposizione per discutere i passi successivi, tra cui l\u2019apertura delle sottoscrizioni. Lavorare attraverso il blog \u00e8 interessante e moderno. Personalmente devo dire che non riesco a stare dietro a un blog e al tipo di comunicazione che impone, perch\u00e9 non sono tutto il giorno davanti al computer (il nostro lavoro secondo me viene ucciso dai computer: quando si legge? Io poi sono sempre in viaggio) e, quando ci sono, sono sommerso di mail ed altre sollecitazioni e il tempo per guardare un blog non c\u2019\u00e8. Forse almeno in parallelo si pu\u00f2 pensare a qualche forma pi\u00f9 tradizionale come la carta?<\/p><\/blockquote>\n<p>Bald wird es also so weit sein, dass wir das <em>call for paper<\/em> ver\u00f6ffentlichen k\u00f6nnen. Wir danken Herrn Palermo f\u00fcr seine wertvolle Hilfe.<\/p>","protected":false},"excerpt":{"rendered":"<p>Francesco Palermo, Direktor des Instituts f\u00fcr F\u00f6deralismus- und Regionalismusforschung an der Eurac, hat unseren Text auf Betreiben \u00c9trangers durchgesehen und uns seine Stellungnahme mit einigen Verbesserungsvorschl\u00e4gen zukommen lassen. Wir m\u00f6chten sie hier einer \u00f6ffentlichen Diskussion zug\u00e4nglich machen: il testo \u00e8 bello e interessante, la diagnosi mi sembra molto centrata, e del resto sono cose ormai [&hellip;]<\/p>","protected":false},"author":1,"featured_media":0,"comment_status":"open","ping_status":"open","sticky":false,"template":"","format":"standard","meta":{"_crdt_document":"","ngg_post_thumbnail":0,"_jetpack_memberships_contains_paid_content":false,"footnotes":""},"categories":[1],"tags":[],"class_list":["post-586","post","type-post","status-publish","format-standard","hentry","category-allgemein","entity-eurac","issue-afk","location-sudtirolo","language-deutsch","language-italiano","person-francesco-palermo","topic-interna","topic-selbstbestimmung","topic-wissenschaft"],"jetpack_featured_media_url":"","jetpack_sharing_enabled":true,"_links":{"self":[{"href":"https:\/\/www.brennerbasisdemokratie.eu\/index.php?rest_route=\/wp\/v2\/posts\/586","targetHints":{"allow":["GET"]}}],"collection":[{"href":"https:\/\/www.brennerbasisdemokratie.eu\/index.php?rest_route=\/wp\/v2\/posts"}],"about":[{"href":"https:\/\/www.brennerbasisdemokratie.eu\/index.php?rest_route=\/wp\/v2\/types\/post"}],"author":[{"embeddable":true,"href":"https:\/\/www.brennerbasisdemokratie.eu\/index.php?rest_route=\/wp\/v2\/users\/1"}],"replies":[{"embeddable":true,"href":"https:\/\/www.brennerbasisdemokratie.eu\/index.php?rest_route=%2Fwp%2Fv2%2Fcomments&post=586"}],"version-history":[{"count":5,"href":"https:\/\/www.brennerbasisdemokratie.eu\/index.php?rest_route=\/wp\/v2\/posts\/586\/revisions"}],"predecessor-version":[{"id":49324,"href":"https:\/\/www.brennerbasisdemokratie.eu\/index.php?rest_route=\/wp\/v2\/posts\/586\/revisions\/49324"}],"wp:attachment":[{"href":"https:\/\/www.brennerbasisdemokratie.eu\/index.php?rest_route=%2Fwp%2Fv2%2Fmedia&parent=586"}],"wp:term":[{"taxonomy":"category","embeddable":true,"href":"https:\/\/www.brennerbasisdemokratie.eu\/index.php?rest_route=%2Fwp%2Fv2%2Fcategories&post=586"},{"taxonomy":"post_tag","embeddable":true,"href":"https:\/\/www.brennerbasisdemokratie.eu\/index.php?rest_route=%2Fwp%2Fv2%2Ftags&post=586"}],"curies":[{"name":"wp","href":"https:\/\/api.w.org\/{rel}","templated":true}]}}