{"id":59,"date":"2006-04-04T23:25:17","date_gmt":"2006-04-04T22:25:17","guid":{"rendered":"http:\/\/www.selbstbestimmung.net\/?p=59"},"modified":"2024-01-26T14:35:01","modified_gmt":"2024-01-26T13:35:01","slug":"wahlempfehlung","status":"publish","type":"post","link":"https:\/\/www.brennerbasisdemokratie.eu\/?p=59","title":{"rendered":"Wahlempfehlung."},"content":{"rendered":"<blockquote><p><img decoding=\"async\" id=\"image60\" class=\"aligncenter\" src=\"http:\/\/www.brennerbasisdemokratie.eu\/wp-content\/uploads\/prev\/april.jpg\" alt=\"Wahlempfehlung.\"\/><\/p><\/blockquote>\n<p>Einem verantwortungsvollen Unterst\u00fctzer der Selbstbestimmungsidee kann man nur zwei grundlegende Ziele ans Herz legen, zu deren Erlangung er mit seiner Stimme beitragen kann:<\/p>\n<ul>\n<li>Die Verhinderung Berlusconis, der w\u00e4hrend seiner Amtszeit den Rechtsstaat gef\u00e4hrdet und teilweise au\u00dfer Kraft gesetzt hat; wer eine Losl\u00f6sung S\u00fcdtirols mit demokratischen Mitteln bef\u00fcrwortet, wer auf der Seite des Rechtes und der sozialen, demokratischen, westlich-liberalen Grundordnung steht, kann sich der Verantwortung nicht entziehen, diese Pers\u00f6nlichkeit aus dem Verkehr zu ziehen. Dessen ungeachtet ist ein politisches System, das eine derartige Pers\u00f6nlichkeit \u2013 selbst als Oppositionschef \u2013 akzeptiert, morsch. Es wird noch Jahrzehnte dauern, bis sich der Staat und seine Institutionen von diesem Abenteuer ins Autorit\u00e4re erholt haben werden.<\/li>\n<li>Die Wahl einer m\u00f6glichst autonomiefreundlichen oder gar der Eigenst\u00e4ndigkeit unseres Landes wohlgesinnten Partei, unter Achtung rechtsstaatlicher Prinzipien, der Toleranz, des friedlichen Zusammenlebens. Dazu geh\u00f6ren die S\u00fcdtiroler Volkspartei, die Gr\u00fcnen und s\u00e4mtliche Parteien, welche die Kandidatur von Romano Prodi unterst\u00fctzen. Schwierig ist die Wahl, weil im Grunde keine Partei ein ausgereiftes Konzept zur Erlangung der Selbst\u00e4ndigkeit ausgearbeitet hat. Da sich jedoch das gesamte Mittelinksb\u00fcndnis f\u00fcr eine \u00dcberarbeitung des Autonomiestatuts ausgesprochen hat, ist davon auszugehen, dass sich im Laufe der kommenden Legislatur die Gelegenheit ergeben wird, S\u00fcdtirols Bed\u00fcrfnisse zu thematisieren. Es ist selbstredend jedem selbst \u00fcberlassen, wom\u00f6glich innerhalb dieses Rahmens zu entscheiden, wen er daf\u00fcr ins Rennen schickt.<\/li>\n<\/ul>\n<p><strong>Literaturvorschlag:<\/strong> \u00bbDie Zeit\u00ab Nr. 14 vom 30. M\u00e4rz 2006, Seite 49f. &#8211; <a title=\"Die Wahl des Harlekins.\" href=\"http:\/\/www.zeit.de\/2006\/14\/Italia\" target=\"_blank\" rel=\"noopener noreferrer\">\u00bbDie Wahl des Harlekins\u00ab<\/a>. Nebenbei ein Lehrst\u00fcck \u00fcber jenen Herrn Frattini, der sich in S\u00fcdtirol gern als Retter der Rechtsstaatlichkeit geriert.<\/p>\n<p><strong>Wahlergebnisse S\u00fcdtirol:<\/strong> <a title=\"Ciamena.\" href=\"https:\/\/web.archive.org\/web\/20060508122652\/http:\/\/wahlen.provinz.bz.it\/camer_ll_vg.htm\" target=\"_blank\" rel=\"noopener noreferrer\">[Kammer]<\/a> <a title=\"Senat.\" href=\"http:\/\/wahlen.provinz.bz.it\/senat_ll_vg.htm\" target=\"_blank\" rel=\"noopener noreferrer\">[Senat]<\/a><\/p>\n<blockquote><p><img decoding=\"async\" id=\"image67\" class=\"aligncenter\" src=\"http:\/\/www.brennerbasisdemokratie.eu\/wp-content\/uploads\/prev\/self.png\" alt=\"Flyer.\"\/><\/p><\/blockquote>","protected":false},"excerpt":{"rendered":"<p>Einem verantwortungsvollen Unterst\u00fctzer der Selbstbestimmungsidee kann man nur zwei grundlegende Ziele ans Herz legen, zu deren Erlangung er mit seiner Stimme beitragen kann: Die Verhinderung Berlusconis, der w\u00e4hrend seiner Amtszeit den Rechtsstaat gef\u00e4hrdet und teilweise au\u00dfer Kraft gesetzt hat; wer eine Losl\u00f6sung S\u00fcdtirols mit demokratischen Mitteln bef\u00fcrwortet, wer auf der Seite des Rechtes und der [&hellip;]<\/p>","protected":false},"author":1,"featured_media":0,"comment_status":"open","ping_status":"open","sticky":false,"template":"","format":"standard","meta":{"_crdt_document":"","ngg_post_thumbnail":0,"_jetpack_memberships_contains_paid_content":false,"footnotes":""},"categories":[1],"tags":[],"class_list":["post-59","post","type-post","status-publish","format-standard","hentry","category-allgemein","entity-svp","entity-verc","issue-parlamentswahl-2006","language-deutsch","person-romano-prodi","person-silvio-berlusconi","topic-democrazia","topic-mitbestimmung","topic-politik","topic-selbstbestimmung"],"jetpack_featured_media_url":"","jetpack_sharing_enabled":true,"_links":{"self":[{"href":"https:\/\/www.brennerbasisdemokratie.eu\/index.php?rest_route=\/wp\/v2\/posts\/59","targetHints":{"allow":["GET"]}}],"collection":[{"href":"https:\/\/www.brennerbasisdemokratie.eu\/index.php?rest_route=\/wp\/v2\/posts"}],"about":[{"href":"https:\/\/www.brennerbasisdemokratie.eu\/index.php?rest_route=\/wp\/v2\/types\/post"}],"author":[{"embeddable":true,"href":"https:\/\/www.brennerbasisdemokratie.eu\/index.php?rest_route=\/wp\/v2\/users\/1"}],"replies":[{"embeddable":true,"href":"https:\/\/www.brennerbasisdemokratie.eu\/index.php?rest_route=%2Fwp%2Fv2%2Fcomments&post=59"}],"version-history":[{"count":8,"href":"https:\/\/www.brennerbasisdemokratie.eu\/index.php?rest_route=\/wp\/v2\/posts\/59\/revisions"}],"predecessor-version":[{"id":83360,"href":"https:\/\/www.brennerbasisdemokratie.eu\/index.php?rest_route=\/wp\/v2\/posts\/59\/revisions\/83360"}],"wp:attachment":[{"href":"https:\/\/www.brennerbasisdemokratie.eu\/index.php?rest_route=%2Fwp%2Fv2%2Fmedia&parent=59"}],"wp:term":[{"taxonomy":"category","embeddable":true,"href":"https:\/\/www.brennerbasisdemokratie.eu\/index.php?rest_route=%2Fwp%2Fv2%2Fcategories&post=59"},{"taxonomy":"post_tag","embeddable":true,"href":"https:\/\/www.brennerbasisdemokratie.eu\/index.php?rest_route=%2Fwp%2Fv2%2Ftags&post=59"}],"curies":[{"name":"wp","href":"https:\/\/api.w.org\/{rel}","templated":true}]}}